{"id":98,"date":"2018-07-19T17:32:38","date_gmt":"2018-07-19T17:32:38","guid":{"rendered":"https:\/\/prevenseg-treinamentos.com.br\/portaldaprevencao\/?p=98"},"modified":"2024-09-04T22:46:33","modified_gmt":"2024-09-05T01:46:33","slug":"quais-as-diferencas-entre-absenteismo-e-presenteismo","status":"publish","type":"post","link":"https:\/\/prevenseg-treinamentos.com.br\/portaldaprevencao\/quais-as-diferencas-entre-absenteismo-e-presenteismo\/","title":{"rendered":"Quais as Diferen\u00e7as Entre Absente\u00edsmo e Presente\u00edsmo?"},"content":{"rendered":"<p>Voc\u00ea sabe o que caracteriza absente\u00edsmo e presente\u00edsmo e quais as diferen\u00e7as entre esses dois termos?<\/p>\n<p>Leia o artigo abaixo e saiba mais sobre absente\u00edsmo e presente\u00edsmo .<\/p>\n<p><img fetchpriority=\"high\" decoding=\"async\" class=\"aligncenter wp-image-100\" src=\"https:\/\/prevenseg-treinamentos.com.br\/portaldaprevencao\/wp-content\/uploads\/2018\/07\/ABSENTE\u00cdSMO.jpg\" alt=\"ABSENTE\u00cdSMO\" width=\"657\" height=\"394\" srcset=\"https:\/\/prevenseg-treinamentos.com.br\/portaldaprevencao\/wp-content\/uploads\/2018\/07\/ABSENTE\u00cdSMO.jpg 350w, https:\/\/prevenseg-treinamentos.com.br\/portaldaprevencao\/wp-content\/uploads\/2018\/07\/ABSENTE\u00cdSMO-300x180.jpg 300w\" sizes=\"(max-width: 657px) 100vw, 657px\" \/><\/p>\n<p>O absente\u00edsmo \u00e9 a aus\u00eancia do trabalhador ao trabalho por motivo de doen\u00e7as, ao contr\u00e1rio, o presente\u00edsmo \u00e9 a presen\u00e7a do trabalhador ao trabalho mesmo estando acometido de alguma doen\u00e7a.<\/p>\n<p>O absente\u00edsmo \u00e9 quando o trabalhador deixa de comparecer \u00e0 empresa, conforme a frequ\u00eancia exigida, independente do motivo e em alguns casos o trabalhador apresenta atestado m\u00e9dico para ter o dia n\u00e3o trabalhado pago pelo empregador.<\/p>\n<p>Esse \u00e9 assunto muito conhecido, principalmente dos empregadores, os quais investem na preven\u00e7\u00e3o, justamente para reduzir os \u00edndices de faltas, o que afeta a produ\u00e7\u00e3o e consequentemente aumenta os custos com atestados m\u00e9dicos.<\/p>\n<p>O que empregadores e trabalhadores n\u00e3o compreendem muito bem e, muitos at\u00e9 desconhecem \u00e9 o presente\u00edsmo, apesar de ser um fen\u00f4meno encontrado nos mais diversos setores produtivos.<\/p>\n<p>O presente\u00edsmo se caracteriza com a presen\u00e7a parcial do trabalhador, ou seja, ele est\u00e1 presente na empresa, mas n\u00e3o desempenhas suas tarefas de forma satisfat\u00f3ria e completa.<\/p>\n<p>Isso pode ocorrer por motivo de doen\u00e7a e pode trazer s\u00e9rios problemas para o funcion\u00e1rio, para a organiza\u00e7\u00e3o e tamb\u00e9m para quem necessita dos servi\u00e7os ou cuidados desse profissional adoecido.<\/p>\n<p>Os estudos nessa \u00e1rea ainda s\u00e3o escassos, principalmente quando comparados com o conhecimento j\u00e1 existente sobre o absente\u00edsmo, ou seja, a aus\u00eancia do trabalhador no ambiente laboral, o que pode ocorrer por diversos motivos, entre eles, doen\u00e7a ou acidente.<\/p>\n<p>Com o objetivo de entender os fatores envolvidos nesse fen\u00f4meno, a fisioterapeuta do Centro de Refer\u00eancia do Trabalho de Mau\u00e1, Ad\u00e9lia Meira de Faria, realizou uma pesquisa com 41 trabalhadores da sa\u00fade da Unidade de Terapia Intensiva Neonatal (UTIN) de um hospital materno-infantil particular da regi\u00e3o da Grande S\u00e3o Paulo.<\/p>\n<p>De acordo com a pesquisa, 56% dos entrevistados relataram j\u00e1 ter ido trabalhar com algum problema de sa\u00fade. Isso ocorre devido comprometimento do trabalhador com o trabalho, por medo de perder o emprego ou at\u00e9 mesmo por ter sido mal avaliado.<\/p>\n<p>\u201cEsse comportamento prejudica a detec\u00e7\u00e3o e tratamento precoce dos agravos, favorece a cronicidade da condi\u00e7\u00e3o, sendo associado a futuros problemas de sa\u00fade e ao absente\u00edsmo por doen\u00e7a\u201d, explica a fisioterapeuta.<\/p>\n<p>Confira os detalhes da pesquisa no programa de r\u00e1dio na Web Podprevenir, clicando no link abaixo:<\/p>\n<h5><a href=\"https:\/\/www.podprevenir.com.br\/2016\/11\/01\/edicao-25-trabalhar-doente-pode-causar-serios-problemas-para-o-funcionario-e-a-empresa\/\" target=\"_blank\" rel=\"nofollow noopener\">Detalhes da pesquisa aqui!<\/a><\/h5>\n<p>Se voc\u00ea gostou do post de hoje, deixe a sua curtida abaixo e n\u00e3o deixe de compartilhar com outros leitores, amigos e familiares, para que mais pessoas tenham acesso \u00e0 esta informa\u00e7\u00e3o.<\/p>\n<p>At\u00e9 o pr\u00f3ximo artigo!<\/p>\n","protected":false},"excerpt":{"rendered":"<p>Voc\u00ea sabe o que caracteriza absente\u00edsmo e presente\u00edsmo e quais as diferen\u00e7as entre esses dois termos? Leia o artigo abaixo e saiba mais sobre absente\u00edsmo e presente\u00edsmo . O absente\u00edsmo \u00e9 a aus\u00eancia do trabalhador ao trabalho por motivo de doen\u00e7as, ao contr\u00e1rio, o presente\u00edsmo \u00e9 a presen\u00e7a do trabalhador ao trabalho mesmo estando acometido [&hellip;]<\/p>\n","protected":false},"author":1,"featured_media":100,"comment_status":"open","ping_status":"open","sticky":false,"template":"","format":"standard","meta":{"_exactmetrics_skip_tracking":false,"_exactmetrics_sitenote_active":false,"_exactmetrics_sitenote_note":"","_exactmetrics_sitenote_category":0,"footnotes":""},"categories":[5,1],"tags":[],"class_list":["post-98","post","type-post","status-publish","format-standard","has-post-thumbnail","hentry","category-medicina-do-trabalho","category-seguranca-do-trabalho"],"yoast_head":"<!-- This site is optimized with the Yoast SEO plugin v27.2 - https:\/\/yoast.com\/product\/yoast-seo-wordpress\/ -->\n<title>Quais as Diferen\u00e7as Entre Absente\u00edsmo e Presente\u00edsmo? - Blog Portal da Preven\u00e7\u00e3o<\/title>\n<meta name=\"description\" content=\"O absente\u00edsmo \u00e9 quando o trabalhador deixa de comparecer \u00e0 empresa, conforme a frequ\u00eancia exigida, independente do motivo e em alguns...\" \/>\n<meta name=\"robots\" content=\"index, follow, max-snippet:-1, max-image-preview:large, max-video-preview:-1\" \/>\n<link rel=\"canonical\" href=\"https:\/\/prevenseg-treinamentos.com.br\/portaldaprevencao\/quais-as-diferencas-entre-absenteismo-e-presenteismo\/\" \/>\n<meta property=\"og:locale\" content=\"pt_PT\" \/>\n<meta property=\"og:type\" content=\"article\" \/>\n<meta property=\"og:title\" content=\"Quais as Diferen\u00e7as Entre Absente\u00edsmo e Presente\u00edsmo? - Blog Portal da Preven\u00e7\u00e3o\" \/>\n<meta property=\"og:description\" content=\"O absente\u00edsmo \u00e9 quando o trabalhador deixa de comparecer \u00e0 empresa, conforme a frequ\u00eancia exigida, independente do motivo e em alguns...\" \/>\n<meta property=\"og:url\" content=\"https:\/\/prevenseg-treinamentos.com.br\/portaldaprevencao\/quais-as-diferencas-entre-absenteismo-e-presenteismo\/\" \/>\n<meta property=\"og:site_name\" content=\"Blog Portal da Preven\u00e7\u00e3o\" \/>\n<meta property=\"article:publisher\" content=\"https:\/\/www.facebook.com\/prevensetreinamentos\/\" \/>\n<meta property=\"article:author\" content=\"https:\/\/www.facebook.com\/prevensetreinamentos\/\" \/>\n<meta property=\"article:published_time\" content=\"2018-07-19T17:32:38+00:00\" \/>\n<meta property=\"article:modified_time\" content=\"2024-09-05T01:46:33+00:00\" \/>\n<meta property=\"og:image\" content=\"https:\/\/prevenseg-treinamentos.com.br\/portaldaprevencao\/wp-content\/uploads\/2018\/07\/ABSENTE\u00cdSMO.jpg\" \/>\n\t<meta property=\"og:image:width\" content=\"350\" \/>\n\t<meta property=\"og:image:height\" content=\"210\" \/>\n\t<meta property=\"og:image:type\" content=\"image\/jpeg\" \/>\n<meta name=\"author\" content=\"Diones Chelenper\" \/>\n<meta name=\"twitter:card\" content=\"summary_large_image\" \/>\n<meta name=\"twitter:label1\" content=\"Escrito por\" \/>\n\t<meta name=\"twitter:data1\" content=\"Diones Chelenper\" \/>\n\t<meta name=\"twitter:label2\" content=\"Tempo estimado de leitura\" \/>\n\t<meta name=\"twitter:data2\" content=\"3 minutos\" \/>\n<script type=\"application\/ld+json\" class=\"yoast-schema-graph\">{\"@context\":\"https:\/\/schema.org\",\"@graph\":[{\"@type\":\"Article\",\"@id\":\"https:\/\/prevenseg-treinamentos.com.br\/portaldaprevencao\/quais-as-diferencas-entre-absenteismo-e-presenteismo\/#article\",\"isPartOf\":{\"@id\":\"https:\/\/prevenseg-treinamentos.com.br\/portaldaprevencao\/quais-as-diferencas-entre-absenteismo-e-presenteismo\/\"},\"author\":{\"name\":\"Diones Chelenper\",\"@id\":\"https:\/\/prevenseg-treinamentos.com.br\/portaldaprevencao\/#\/schema\/person\/82746c4230fb6d2ee5c6dd79c0746488\"},\"headline\":\"Quais as Diferen\u00e7as Entre Absente\u00edsmo e Presente\u00edsmo?\",\"datePublished\":\"2018-07-19T17:32:38+00:00\",\"dateModified\":\"2024-09-05T01:46:33+00:00\",\"mainEntityOfPage\":{\"@id\":\"https:\/\/prevenseg-treinamentos.com.br\/portaldaprevencao\/quais-as-diferencas-entre-absenteismo-e-presenteismo\/\"},\"wordCount\":479,\"commentCount\":2,\"publisher\":{\"@id\":\"https:\/\/prevenseg-treinamentos.com.br\/portaldaprevencao\/#organization\"},\"image\":{\"@id\":\"https:\/\/prevenseg-treinamentos.com.br\/portaldaprevencao\/quais-as-diferencas-entre-absenteismo-e-presenteismo\/#primaryimage\"},\"thumbnailUrl\":\"https:\/\/prevenseg-treinamentos.com.br\/portaldaprevencao\/wp-content\/uploads\/2018\/07\/ABSENTE\u00cdSMO.jpg\",\"articleSection\":[\"Medicina do Trabalho\",\"Seguran\u00e7a do Trabalho\"],\"inLanguage\":\"pt-PT\",\"potentialAction\":[{\"@type\":\"CommentAction\",\"name\":\"Comment\",\"target\":[\"https:\/\/prevenseg-treinamentos.com.br\/portaldaprevencao\/quais-as-diferencas-entre-absenteismo-e-presenteismo\/#respond\"]}]},{\"@type\":\"WebPage\",\"@id\":\"https:\/\/prevenseg-treinamentos.com.br\/portaldaprevencao\/quais-as-diferencas-entre-absenteismo-e-presenteismo\/\",\"url\":\"https:\/\/prevenseg-treinamentos.com.br\/portaldaprevencao\/quais-as-diferencas-entre-absenteismo-e-presenteismo\/\",\"name\":\"Quais as Diferen\u00e7as Entre Absente\u00edsmo e Presente\u00edsmo? - Blog Portal da Preven\u00e7\u00e3o\",\"isPartOf\":{\"@id\":\"https:\/\/prevenseg-treinamentos.com.br\/portaldaprevencao\/#website\"},\"primaryImageOfPage\":{\"@id\":\"https:\/\/prevenseg-treinamentos.com.br\/portaldaprevencao\/quais-as-diferencas-entre-absenteismo-e-presenteismo\/#primaryimage\"},\"image\":{\"@id\":\"https:\/\/prevenseg-treinamentos.com.br\/portaldaprevencao\/quais-as-diferencas-entre-absenteismo-e-presenteismo\/#primaryimage\"},\"thumbnailUrl\":\"https:\/\/prevenseg-treinamentos.com.br\/portaldaprevencao\/wp-content\/uploads\/2018\/07\/ABSENTE\u00cdSMO.jpg\",\"datePublished\":\"2018-07-19T17:32:38+00:00\",\"dateModified\":\"2024-09-05T01:46:33+00:00\",\"description\":\"O absente\u00edsmo \u00e9 quando o trabalhador deixa de comparecer \u00e0 empresa, conforme a frequ\u00eancia exigida, independente do motivo e em alguns...\",\"breadcrumb\":{\"@id\":\"https:\/\/prevenseg-treinamentos.com.br\/portaldaprevencao\/quais-as-diferencas-entre-absenteismo-e-presenteismo\/#breadcrumb\"},\"inLanguage\":\"pt-PT\",\"potentialAction\":[{\"@type\":\"ReadAction\",\"target\":[\"https:\/\/prevenseg-treinamentos.com.br\/portaldaprevencao\/quais-as-diferencas-entre-absenteismo-e-presenteismo\/\"]}]},{\"@type\":\"ImageObject\",\"inLanguage\":\"pt-PT\",\"@id\":\"https:\/\/prevenseg-treinamentos.com.br\/portaldaprevencao\/quais-as-diferencas-entre-absenteismo-e-presenteismo\/#primaryimage\",\"url\":\"https:\/\/prevenseg-treinamentos.com.br\/portaldaprevencao\/wp-content\/uploads\/2018\/07\/ABSENTE\u00cdSMO.jpg\",\"contentUrl\":\"https:\/\/prevenseg-treinamentos.com.br\/portaldaprevencao\/wp-content\/uploads\/2018\/07\/ABSENTE\u00cdSMO.jpg\",\"width\":350,\"height\":210,\"caption\":\"ABSENTE\u00cdSMO\"},{\"@type\":\"BreadcrumbList\",\"@id\":\"https:\/\/prevenseg-treinamentos.com.br\/portaldaprevencao\/quais-as-diferencas-entre-absenteismo-e-presenteismo\/#breadcrumb\",\"itemListElement\":[{\"@type\":\"ListItem\",\"position\":1,\"name\":\"In\u00edcio\",\"item\":\"https:\/\/prevenseg-treinamentos.com.br\/portaldaprevencao\/\"},{\"@type\":\"ListItem\",\"position\":2,\"name\":\"Quais as Diferen\u00e7as Entre Absente\u00edsmo e Presente\u00edsmo?\"}]},{\"@type\":\"WebSite\",\"@id\":\"https:\/\/prevenseg-treinamentos.com.br\/portaldaprevencao\/#website\",\"url\":\"https:\/\/prevenseg-treinamentos.com.br\/portaldaprevencao\/\",\"name\":\"Portal da Preven\u00e7\u00e3o\",\"description\":\"Sa\u00fade e Seguran\u00e7a do Trabalho\",\"publisher\":{\"@id\":\"https:\/\/prevenseg-treinamentos.com.br\/portaldaprevencao\/#organization\"},\"potentialAction\":[{\"@type\":\"SearchAction\",\"target\":{\"@type\":\"EntryPoint\",\"urlTemplate\":\"https:\/\/prevenseg-treinamentos.com.br\/portaldaprevencao\/?s={search_term_string}\"},\"query-input\":{\"@type\":\"PropertyValueSpecification\",\"valueRequired\":true,\"valueName\":\"search_term_string\"}}],\"inLanguage\":\"pt-PT\"},{\"@type\":\"Organization\",\"@id\":\"https:\/\/prevenseg-treinamentos.com.br\/portaldaprevencao\/#organization\",\"name\":\"Prevenseg Treinamentos\",\"url\":\"https:\/\/prevenseg-treinamentos.com.br\/portaldaprevencao\/\",\"logo\":{\"@type\":\"ImageObject\",\"inLanguage\":\"pt-PT\",\"@id\":\"https:\/\/prevenseg-treinamentos.com.br\/portaldaprevencao\/#\/schema\/logo\/image\/\",\"url\":\"https:\/\/prevenseg-treinamentos.com.br\/portaldaprevencao\/wp-content\/uploads\/2018\/07\/LOGO-PHOTOSHOP.png\",\"contentUrl\":\"https:\/\/prevenseg-treinamentos.com.br\/portaldaprevencao\/wp-content\/uploads\/2018\/07\/LOGO-PHOTOSHOP.png\",\"width\":823,\"height\":448,\"caption\":\"Prevenseg Treinamentos\"},\"image\":{\"@id\":\"https:\/\/prevenseg-treinamentos.com.br\/portaldaprevencao\/#\/schema\/logo\/image\/\"},\"sameAs\":[\"https:\/\/www.facebook.com\/prevensetreinamentos\/\"]},{\"@type\":\"Person\",\"@id\":\"https:\/\/prevenseg-treinamentos.com.br\/portaldaprevencao\/#\/schema\/person\/82746c4230fb6d2ee5c6dd79c0746488\",\"name\":\"Diones Chelenper\",\"image\":{\"@type\":\"ImageObject\",\"inLanguage\":\"pt-PT\",\"@id\":\"https:\/\/secure.gravatar.com\/avatar\/ef4ffd41b20793ef13fd207b0fa9c50b201ef425c79c82cb66f41a0d59c0722c?s=96&d=mm&r=g\",\"url\":\"https:\/\/secure.gravatar.com\/avatar\/ef4ffd41b20793ef13fd207b0fa9c50b201ef425c79c82cb66f41a0d59c0722c?s=96&d=mm&r=g\",\"contentUrl\":\"https:\/\/secure.gravatar.com\/avatar\/ef4ffd41b20793ef13fd207b0fa9c50b201ef425c79c82cb66f41a0d59c0722c?s=96&d=mm&r=g\",\"caption\":\"Diones Chelenper\"},\"description\":\"Meu nome \u00e9 Diones Chelenper, sou profissional com forma\u00e7\u00e3o t\u00e9cnica na \u00e1rea de Seguran\u00e7a do Trabalho, Bombeiro Civil, Instrutor de Brigadas de Emerg\u00eancia e Supervisor de Trabalhos em Altura.\",\"sameAs\":[\"http:\/\/www.prevenseg-treinamentos.com.br\",\"https:\/\/www.facebook.com\/prevensetreinamentos\/\"],\"url\":\"https:\/\/prevenseg-treinamentos.com.br\/portaldaprevencao\/author\/administrador\/\"}]}<\/script>\n<!-- \/ Yoast SEO plugin. -->","yoast_head_json":{"title":"Quais as Diferen\u00e7as Entre Absente\u00edsmo e Presente\u00edsmo? - Blog Portal da Preven\u00e7\u00e3o","description":"O absente\u00edsmo \u00e9 quando o trabalhador deixa de comparecer \u00e0 empresa, conforme a frequ\u00eancia exigida, independente do motivo e em alguns...","robots":{"index":"index","follow":"follow","max-snippet":"max-snippet:-1","max-image-preview":"max-image-preview:large","max-video-preview":"max-video-preview:-1"},"canonical":"https:\/\/prevenseg-treinamentos.com.br\/portaldaprevencao\/quais-as-diferencas-entre-absenteismo-e-presenteismo\/","og_locale":"pt_PT","og_type":"article","og_title":"Quais as Diferen\u00e7as Entre Absente\u00edsmo e Presente\u00edsmo? - Blog Portal da Preven\u00e7\u00e3o","og_description":"O absente\u00edsmo \u00e9 quando o trabalhador deixa de comparecer \u00e0 empresa, conforme a frequ\u00eancia exigida, independente do motivo e em alguns...","og_url":"https:\/\/prevenseg-treinamentos.com.br\/portaldaprevencao\/quais-as-diferencas-entre-absenteismo-e-presenteismo\/","og_site_name":"Blog Portal da Preven\u00e7\u00e3o","article_publisher":"https:\/\/www.facebook.com\/prevensetreinamentos\/","article_author":"https:\/\/www.facebook.com\/prevensetreinamentos\/","article_published_time":"2018-07-19T17:32:38+00:00","article_modified_time":"2024-09-05T01:46:33+00:00","og_image":[{"width":350,"height":210,"url":"https:\/\/prevenseg-treinamentos.com.br\/portaldaprevencao\/wp-content\/uploads\/2018\/07\/ABSENTE\u00cdSMO.jpg","type":"image\/jpeg"}],"author":"Diones Chelenper","twitter_card":"summary_large_image","twitter_misc":{"Escrito por":"Diones Chelenper","Tempo estimado de leitura":"3 minutos"},"schema":{"@context":"https:\/\/schema.org","@graph":[{"@type":"Article","@id":"https:\/\/prevenseg-treinamentos.com.br\/portaldaprevencao\/quais-as-diferencas-entre-absenteismo-e-presenteismo\/#article","isPartOf":{"@id":"https:\/\/prevenseg-treinamentos.com.br\/portaldaprevencao\/quais-as-diferencas-entre-absenteismo-e-presenteismo\/"},"author":{"name":"Diones Chelenper","@id":"https:\/\/prevenseg-treinamentos.com.br\/portaldaprevencao\/#\/schema\/person\/82746c4230fb6d2ee5c6dd79c0746488"},"headline":"Quais as Diferen\u00e7as Entre Absente\u00edsmo e Presente\u00edsmo?","datePublished":"2018-07-19T17:32:38+00:00","dateModified":"2024-09-05T01:46:33+00:00","mainEntityOfPage":{"@id":"https:\/\/prevenseg-treinamentos.com.br\/portaldaprevencao\/quais-as-diferencas-entre-absenteismo-e-presenteismo\/"},"wordCount":479,"commentCount":2,"publisher":{"@id":"https:\/\/prevenseg-treinamentos.com.br\/portaldaprevencao\/#organization"},"image":{"@id":"https:\/\/prevenseg-treinamentos.com.br\/portaldaprevencao\/quais-as-diferencas-entre-absenteismo-e-presenteismo\/#primaryimage"},"thumbnailUrl":"https:\/\/prevenseg-treinamentos.com.br\/portaldaprevencao\/wp-content\/uploads\/2018\/07\/ABSENTE\u00cdSMO.jpg","articleSection":["Medicina do Trabalho","Seguran\u00e7a do Trabalho"],"inLanguage":"pt-PT","potentialAction":[{"@type":"CommentAction","name":"Comment","target":["https:\/\/prevenseg-treinamentos.com.br\/portaldaprevencao\/quais-as-diferencas-entre-absenteismo-e-presenteismo\/#respond"]}]},{"@type":"WebPage","@id":"https:\/\/prevenseg-treinamentos.com.br\/portaldaprevencao\/quais-as-diferencas-entre-absenteismo-e-presenteismo\/","url":"https:\/\/prevenseg-treinamentos.com.br\/portaldaprevencao\/quais-as-diferencas-entre-absenteismo-e-presenteismo\/","name":"Quais as Diferen\u00e7as Entre Absente\u00edsmo e Presente\u00edsmo? - Blog Portal da Preven\u00e7\u00e3o","isPartOf":{"@id":"https:\/\/prevenseg-treinamentos.com.br\/portaldaprevencao\/#website"},"primaryImageOfPage":{"@id":"https:\/\/prevenseg-treinamentos.com.br\/portaldaprevencao\/quais-as-diferencas-entre-absenteismo-e-presenteismo\/#primaryimage"},"image":{"@id":"https:\/\/prevenseg-treinamentos.com.br\/portaldaprevencao\/quais-as-diferencas-entre-absenteismo-e-presenteismo\/#primaryimage"},"thumbnailUrl":"https:\/\/prevenseg-treinamentos.com.br\/portaldaprevencao\/wp-content\/uploads\/2018\/07\/ABSENTE\u00cdSMO.jpg","datePublished":"2018-07-19T17:32:38+00:00","dateModified":"2024-09-05T01:46:33+00:00","description":"O absente\u00edsmo \u00e9 quando o trabalhador deixa de comparecer \u00e0 empresa, conforme a frequ\u00eancia exigida, independente do motivo e em alguns...","breadcrumb":{"@id":"https:\/\/prevenseg-treinamentos.com.br\/portaldaprevencao\/quais-as-diferencas-entre-absenteismo-e-presenteismo\/#breadcrumb"},"inLanguage":"pt-PT","potentialAction":[{"@type":"ReadAction","target":["https:\/\/prevenseg-treinamentos.com.br\/portaldaprevencao\/quais-as-diferencas-entre-absenteismo-e-presenteismo\/"]}]},{"@type":"ImageObject","inLanguage":"pt-PT","@id":"https:\/\/prevenseg-treinamentos.com.br\/portaldaprevencao\/quais-as-diferencas-entre-absenteismo-e-presenteismo\/#primaryimage","url":"https:\/\/prevenseg-treinamentos.com.br\/portaldaprevencao\/wp-content\/uploads\/2018\/07\/ABSENTE\u00cdSMO.jpg","contentUrl":"https:\/\/prevenseg-treinamentos.com.br\/portaldaprevencao\/wp-content\/uploads\/2018\/07\/ABSENTE\u00cdSMO.jpg","width":350,"height":210,"caption":"ABSENTE\u00cdSMO"},{"@type":"BreadcrumbList","@id":"https:\/\/prevenseg-treinamentos.com.br\/portaldaprevencao\/quais-as-diferencas-entre-absenteismo-e-presenteismo\/#breadcrumb","itemListElement":[{"@type":"ListItem","position":1,"name":"In\u00edcio","item":"https:\/\/prevenseg-treinamentos.com.br\/portaldaprevencao\/"},{"@type":"ListItem","position":2,"name":"Quais as Diferen\u00e7as Entre Absente\u00edsmo e Presente\u00edsmo?"}]},{"@type":"WebSite","@id":"https:\/\/prevenseg-treinamentos.com.br\/portaldaprevencao\/#website","url":"https:\/\/prevenseg-treinamentos.com.br\/portaldaprevencao\/","name":"Portal da Preven\u00e7\u00e3o","description":"Sa\u00fade e Seguran\u00e7a do Trabalho","publisher":{"@id":"https:\/\/prevenseg-treinamentos.com.br\/portaldaprevencao\/#organization"},"potentialAction":[{"@type":"SearchAction","target":{"@type":"EntryPoint","urlTemplate":"https:\/\/prevenseg-treinamentos.com.br\/portaldaprevencao\/?s={search_term_string}"},"query-input":{"@type":"PropertyValueSpecification","valueRequired":true,"valueName":"search_term_string"}}],"inLanguage":"pt-PT"},{"@type":"Organization","@id":"https:\/\/prevenseg-treinamentos.com.br\/portaldaprevencao\/#organization","name":"Prevenseg Treinamentos","url":"https:\/\/prevenseg-treinamentos.com.br\/portaldaprevencao\/","logo":{"@type":"ImageObject","inLanguage":"pt-PT","@id":"https:\/\/prevenseg-treinamentos.com.br\/portaldaprevencao\/#\/schema\/logo\/image\/","url":"https:\/\/prevenseg-treinamentos.com.br\/portaldaprevencao\/wp-content\/uploads\/2018\/07\/LOGO-PHOTOSHOP.png","contentUrl":"https:\/\/prevenseg-treinamentos.com.br\/portaldaprevencao\/wp-content\/uploads\/2018\/07\/LOGO-PHOTOSHOP.png","width":823,"height":448,"caption":"Prevenseg Treinamentos"},"image":{"@id":"https:\/\/prevenseg-treinamentos.com.br\/portaldaprevencao\/#\/schema\/logo\/image\/"},"sameAs":["https:\/\/www.facebook.com\/prevensetreinamentos\/"]},{"@type":"Person","@id":"https:\/\/prevenseg-treinamentos.com.br\/portaldaprevencao\/#\/schema\/person\/82746c4230fb6d2ee5c6dd79c0746488","name":"Diones Chelenper","image":{"@type":"ImageObject","inLanguage":"pt-PT","@id":"https:\/\/secure.gravatar.com\/avatar\/ef4ffd41b20793ef13fd207b0fa9c50b201ef425c79c82cb66f41a0d59c0722c?s=96&d=mm&r=g","url":"https:\/\/secure.gravatar.com\/avatar\/ef4ffd41b20793ef13fd207b0fa9c50b201ef425c79c82cb66f41a0d59c0722c?s=96&d=mm&r=g","contentUrl":"https:\/\/secure.gravatar.com\/avatar\/ef4ffd41b20793ef13fd207b0fa9c50b201ef425c79c82cb66f41a0d59c0722c?s=96&d=mm&r=g","caption":"Diones Chelenper"},"description":"Meu nome \u00e9 Diones Chelenper, sou profissional com forma\u00e7\u00e3o t\u00e9cnica na \u00e1rea de Seguran\u00e7a do Trabalho, Bombeiro Civil, Instrutor de Brigadas de Emerg\u00eancia e Supervisor de Trabalhos em Altura.","sameAs":["http:\/\/www.prevenseg-treinamentos.com.br","https:\/\/www.facebook.com\/prevensetreinamentos\/"],"url":"https:\/\/prevenseg-treinamentos.com.br\/portaldaprevencao\/author\/administrador\/"}]}},"post_mailing_queue_ids":[],"_links":{"self":[{"href":"https:\/\/prevenseg-treinamentos.com.br\/portaldaprevencao\/wp-json\/wp\/v2\/posts\/98","targetHints":{"allow":["GET"]}}],"collection":[{"href":"https:\/\/prevenseg-treinamentos.com.br\/portaldaprevencao\/wp-json\/wp\/v2\/posts"}],"about":[{"href":"https:\/\/prevenseg-treinamentos.com.br\/portaldaprevencao\/wp-json\/wp\/v2\/types\/post"}],"author":[{"embeddable":true,"href":"https:\/\/prevenseg-treinamentos.com.br\/portaldaprevencao\/wp-json\/wp\/v2\/users\/1"}],"replies":[{"embeddable":true,"href":"https:\/\/prevenseg-treinamentos.com.br\/portaldaprevencao\/wp-json\/wp\/v2\/comments?post=98"}],"version-history":[{"count":1,"href":"https:\/\/prevenseg-treinamentos.com.br\/portaldaprevencao\/wp-json\/wp\/v2\/posts\/98\/revisions"}],"predecessor-version":[{"id":1444,"href":"https:\/\/prevenseg-treinamentos.com.br\/portaldaprevencao\/wp-json\/wp\/v2\/posts\/98\/revisions\/1444"}],"wp:featuredmedia":[{"embeddable":true,"href":"https:\/\/prevenseg-treinamentos.com.br\/portaldaprevencao\/wp-json\/wp\/v2\/media\/100"}],"wp:attachment":[{"href":"https:\/\/prevenseg-treinamentos.com.br\/portaldaprevencao\/wp-json\/wp\/v2\/media?parent=98"}],"wp:term":[{"taxonomy":"category","embeddable":true,"href":"https:\/\/prevenseg-treinamentos.com.br\/portaldaprevencao\/wp-json\/wp\/v2\/categories?post=98"},{"taxonomy":"post_tag","embeddable":true,"href":"https:\/\/prevenseg-treinamentos.com.br\/portaldaprevencao\/wp-json\/wp\/v2\/tags?post=98"}],"curies":[{"name":"wp","href":"https:\/\/api.w.org\/{rel}","templated":true}]}}