{"id":931,"date":"2019-08-23T10:30:08","date_gmt":"2019-08-23T13:30:08","guid":{"rendered":"https:\/\/prevenseg-treinamentos.com.br\/portaldaprevencao\/?p=931"},"modified":"2019-08-23T10:38:03","modified_gmt":"2019-08-23T13:38:03","slug":"niveis-de-acesso-por-corda","status":"publish","type":"post","link":"https:\/\/prevenseg-treinamentos.com.br\/portaldaprevencao\/niveis-de-acesso-por-corda\/","title":{"rendered":"N\u00edveis de Acesso Por Corda"},"content":{"rendered":"\n<p><font style=\"vertical-align: inherit;\"><font style=\"vertical-align: inherit;\">O acesso por corda \u00e9 um sistema para conectar trabalhadores a lugares dif\u00edceis de alcan\u00e7ar.<\/font><\/font><\/p>\n\n\n\n<p>Estes trabalhadores executam\nsuas atividades pendurados em um conjunto de duas cordas, uma linha de trabalho\ne uma linha de apoio, cada uma presa em pontos de ancoragem diferentes.<\/p>\n\n\n\n<p>Este recurso \u00e9 utilizado em locais de trabalho sem <a rel=\"noreferrer noopener\" aria-label=\"prote\u00e7\u00f5es coletivas (abre num novo separador)\" href=\"https:\/\/prevenseg-treinamentos.com.br\/portaldaprevencao\/epis-o-que-fazer-se-o-empregado-nao-usar\/\" target=\"_blank\"><strong>prote\u00e7\u00f5es coletivas<\/strong><\/a>, como por exemplo; guarda-corpos, redes de prote\u00e7\u00e3o, etc. ou que sejam incompat\u00edveis com a utiliza\u00e7\u00e3o de meios externos de interven\u00e7\u00e3o (ex. andaimes).<\/p>\n\n\n\n<p>Continue lendo esse artigo e\nsaiba mais sobre acesso por cordas.<\/p>\n\n\n\n<p><em><strong><font style=\"vertical-align: inherit;\"><font style=\"vertical-align: inherit;\">O que \u00e9 acesso por corda?<\/font><\/font><\/strong><\/em><\/p>\n\n\n\n<div class=\"wp-block-image\"><figure class=\"aligncenter is-resized\"><img fetchpriority=\"high\" decoding=\"async\" src=\"https:\/\/prevenseg-treinamentos.com.br\/portaldaprevencao\/wp-content\/uploads\/2019\/08\/acesso-por-cordas.png\" alt=\"Acesso por corda\" class=\"wp-image-945\" width=\"573\" height=\"320\" srcset=\"https:\/\/prevenseg-treinamentos.com.br\/portaldaprevencao\/wp-content\/uploads\/2019\/08\/acesso-por-cordas.png 380w, https:\/\/prevenseg-treinamentos.com.br\/portaldaprevencao\/wp-content\/uploads\/2019\/08\/acesso-por-cordas-300x167.png 300w\" sizes=\"(max-width: 573px) 100vw, 573px\" \/><\/figure><\/div>\n\n\n\n<p><font style=\"vertical-align: inherit;\"><font style=\"vertical-align: inherit;\">A NBR 15475 define acesso por corda como: <\/font><\/font><\/p>\n\n\n\n<blockquote class=\"wp-block-quote is-layout-flow wp-block-quote-is-layout-flow\"><p>\u201cAcesso por corda \u00e9 a t\u00e9cnica de progress\u00e3o utilizando cordas, em conjunto com outros equipamentos mec\u00e2nicos, para ascender, descender ou se deslocar horizontalmente no local de trabalho, assim como para posicionamento no ponto de trabalho\u201d.<\/p><\/blockquote>\n\n\n\n<p>O Anexo I da <strong><a href=\"https:\/\/enit.trabalho.gov.br\/portal\/images\/Arquivos_SST\/SST_NR\/NR-35.pdf\" target=\"_blank\" rel=\"noreferrer noopener\" aria-label=\"Norma Regulamentadora 35 \u2013 NR 35 (abre num novo separador)\">Norma Regulamentadora 35 \u2013 NR 35<\/a><\/strong> que regulamenta os trabalhos de acesso por cordas, traz defini\u00e7\u00e3o para a atividade parecida com a NBR 14475, por\u00e9m, com mais detalhes.<\/p>\n\n\n\n<blockquote class=\"wp-block-quote is-layout-flow wp-block-quote-is-layout-flow\"><p>\u201cConsidera-se acesso por corda a t\u00e9cnica de progress\u00e3o utilizando cordas, com outros equipamentos para ascender, descender ou se deslocar horizontalmente, assim como para posicionamento no local de trabalho, normalmente incorporando dois sistemas de seguran\u00e7a fixados de forma independente, um como forma de acesso e o outro como corda de seguran\u00e7a utilizado com cintur\u00e3o de seguran\u00e7a tipo paraquedista\u201d.<\/p><\/blockquote>\n\n\n\n<p>Em outras palavras, o acesso\npor cordas \u00e9 a t\u00e9cnica de subir, descer ou se movimentar para os lados\n(horizontal) utilizando cordas, ascensores, descensores, etc.<\/p>\n\n\n\n<p><em><strong><font style=\"vertical-align: inherit;\"><font style=\"vertical-align: inherit;\">Como surgiu o acesso por corda?<\/font><\/font><\/strong><\/em><\/p>\n\n\n\n<p>O acesso por corda industrial\n\u00e9 um m\u00e9todo de trabalho que permite um trabalho seguro em locais dif\u00edceis e em\naltura. <\/p>\n\n\n\n<p>T\u00e9cnica de escalada industrial\ne acesso por corda originalmente desenvolvida a partir de t\u00e9cnicas utilizadas\nem espeleologia. <\/p>\n\n\n\n<p>O primeiro uso industrial de\nacesso por corda foi usado em plataformas de petr\u00f3leo no Mar do Norte, onde\nprecisavam de um m\u00e9todo para realizar com seguran\u00e7a, rapidez e flexibilidade\ntrabalhos no local. <\/p>\n\n\n\n<p>Trabalhadores inovadores\nquestionaram a l\u00f3gica de construir andaimes para realizar trabalhos em locais\nde dif\u00edcil acesso. <\/p>\n\n\n\n<p>A solu\u00e7\u00e3o, foi chegar aos\nlugares com a ajuda de cordas.<\/p>\n\n\n\n<p>Desde o desenvolvimento da\ntecnologia, a corda passou a ser usada em mais e mais ind\u00fastrias em terra. <\/p>\n\n\n\n<p>Mais e mais setores est\u00e3o\ndescobrindo os benef\u00edcios do acesso por corda e o utilizam hoje em manuten\u00e7\u00f5es\nem torres at\u00e9 inspe\u00e7\u00f5es avan\u00e7adas nos pr\u00e9dios e projetos de infraestrutura mais\naltos e famosos do mundo. <\/p>\n\n\n\n<p>O acesso por corda foi\nprojetado para solucionar os desafios de acesso mais dif\u00edceis do setor\nindustrial. <\/p>\n\n\n\n<p>Responde \u00e0 pergunta:&nbsp; \u201cComo podemos chegar a esse espa\u00e7o? \u201d <\/p>\n\n\n\n<p>O&nbsp;&nbsp; acesso por corda n\u00e3o \u00e9 apenas capaz de levar\nos trabalhadores a esse espa\u00e7o dif\u00edcil, mas os trabalhadores conseguem\nalcan\u00e7\u00e1-lo com seguran\u00e7a sem custo muito alto.<\/p>\n\n\n\n<p><em><strong><font style=\"vertical-align: inherit;\"><font style=\"vertical-align: inherit;\">Atividades desenvolvidas atrav\u00e9s do acesso por corda<\/font><\/font><\/strong><\/em><\/p>\n\n\n\n<p>Trabalhadores de acesso por\ncorda industriais podem realizar inspe\u00e7\u00f5es, pesquisas, avalia\u00e7\u00f5es,\ndocumenta\u00e7\u00e3o, instala\u00e7\u00f5es, limpeza, manuten\u00e7\u00e3o, pintura e revestimento, reparos\ne aparelhamento. <\/p>\n\n\n\n<p>Existem tr\u00eas n\u00edveis de\ncertificados de t\u00e9cnico de acesso por corda. Todos s\u00e3o v\u00e1lidos por tr\u00eas anos<\/p>\n\n\n\n<p><em><strong>N\u00edveis de qualifica\u00e7\u00e3o<\/strong><\/em><\/p>\n\n\n\n<p>O trabalho de acesso por\ncordas \u00e9 dividido em tr\u00eas n\u00edveis profissionais, que s\u00e3o aprendidos em cursos\nespec\u00edficos: <\/p>\n\n\n\n<p>O primeiro, \u00e9 habilitado a\nfazer escalada em cordas para a execu\u00e7\u00e3o do servi\u00e7o; <\/p>\n\n\n\n<p>O segundo, \u00e9 o profissional\nrespons\u00e1vel por fazer a instala\u00e7\u00e3o das estruturas para a escalada; <\/p>\n\n\n\n<p>O terceiro n\u00edvel \u00e9 aquele que\nsupervisiona essa atividade.<\/p>\n\n\n\n<p>Uma pessoa qualificada deve\nestar certificada em um dos tr\u00eas n\u00edveis descritos na NBR 14475.&nbsp;&nbsp;&nbsp;&nbsp;&nbsp;&nbsp; <\/p>\n\n\n\n<p><em><strong>N\u00edvel 1<\/strong><\/em><\/p>\n\n\n\n<p>Uma pessoa certificada para o\nn\u00edvel 1 deve estar capacitada para exercer trabalhos limitados sob supervis\u00e3o e\npossuir treinamento b\u00e1sico de primeiros-socorros.<\/p>\n\n\n\n<p>Uma pessoa certificada para o\nn\u00edvel 1 deve ser capaz de realizar uma quantidade limitada de tarefas\nutilizando o acesso por corda exigido pelo seu empregador. <\/p>\n\n\n\n<p>No caso de trabalho sobre o\nmar, deve ser exigida a supervis\u00e3o in loco do profissional de n\u00edvel 3. No caso\ndo trabalho sobre a terra, pode ser admitida a supervis\u00e3o remota do profissional\nde n\u00edvel 3.<\/p>\n\n\n\n<p>Uma pessoa certificada para o\nn\u00edvel 1 de acesso por corda deve:<\/p>\n\n\n\n<p>Ser respons\u00e1vel pela inspe\u00e7\u00e3o de todo o seu equipamento pessoal;<\/p>\n\n\n\n<p>Ser capaz de realizar opera\u00e7\u00f5es n\u00e3o previstas para ser executada por este n\u00edvel, sendo que:<\/p>\n\n\n\n<p>No caso de trabalho sobre o\nmar, deve haver orienta\u00e7\u00e3o in loco de um profissional de n\u00edvel 3;<\/p>\n\n\n\n<p>No caso de um trabalho sobre\nterra, pode ser admitida a orienta\u00e7\u00e3o remota de um profissional de n\u00edvel 2 ou\n3;<\/p>\n\n\n\n<ul class=\"wp-block-list\"><li>Ser capaz de executar auto-resgate e participar de resgates sob a supervis\u00e3o do profissional de n\u00edvel 3, obrigatoriamente no caso de trabalho sobre o mar. No caso de um trabalho sobre terra, pode ser admitida a orienta\u00e7\u00e3o remota de um profissional de n\u00edvel 2 ou 3;<\/li><\/ul>\n\n\n\n<ul class=\"wp-block-list\"><li>possuir conhecimento de sistema de redu\u00e7\u00e3o mec\u00e2nica.<\/li><\/ul>\n\n\n\n<p>NOTA: Uma pessoa certificada\npara n\u00edvel 1 n\u00e3o pode supervisionar outros profissionais de acesso por corda.<\/p>\n\n\n\n<p>N\u00edvel 2<\/p>\n\n\n\n<p>Uma pessoa certificada para o\nn\u00edvel 2 deve ser capaz de demonstrar habilidades e conhecimentos requeridos no\nn\u00edvel 1, estar capacitada para realizar montagens de sistemas de acesso,\nexecutar resgates sob supervis\u00e3o e possuir treinamento de primeiros-socorros.<\/p>\n\n\n\n<p>Uma pessoa certificada para o\nn\u00edvel 2 deve ser capaz de realizar trabalhos com corda, fazer resgate e\nrealizar tarefas com acesso por corda, com supervis\u00e3o de um profissional de\nn\u00edvel 3. <\/p>\n\n\n\n<p>Deve possuir conhecimento de\nlegisla\u00e7\u00e3o, requisitos de seguran\u00e7a e procedimentos relativos ao acesso por\ncorda.No caso de trabalho sobre o mar deve ser exigida a supervis\u00e3o in loco do profissional de n\u00edvel 3.&nbsp;&nbsp;&nbsp;&nbsp;&nbsp; <\/p>\n\n\n\n<p>No caso do trabalho sobre a terra, pode ser admitida a supervis\u00e3o remota do profissional de n\u00edvel 3.<\/p>\n\n\n\n<p>N\u00edvel 3<\/p>\n\n\n\n<p>Uma pessoa certificada para o\nn\u00edvel 3 deve ser capaz de assumir total responsabilidade por projetos de acesso\npor corda.<\/p>\n\n\n\n<p>Uma pessoa certificada para o\nn\u00edvel 3 deve ser capaz de demonstrar habilidades e conhecimentos requeridos nos\nn\u00edveis 1 e 2, possuir dom\u00ednio de t\u00e9cnicas de resgate por acesso por corda\ninerente \u00e0 atividade e possuir treinamento de primeiros socorros avan\u00e7ados de\nn\u00edvel 2.<\/p>\n\n\n\n<p>Uma pessoa certificada para o\nn\u00edvel 3 de acesso por corda deve:<\/p>\n\n\n\n<ul class=\"wp-block-list\"><li>Ser capaz de assumir responsabilidade por planejamento e execu\u00e7\u00e3o de trabalhos de acesso por corda;<\/li><\/ul>\n\n\n\n<ul class=\"wp-block-list\"><li>Possuir experi\u00eancia em t\u00e9cnicas de trabalho por acesso por corda e conhecimentos sobre an\u00e1lise de risco e legisla\u00e7\u00e3o;<\/li><\/ul>\n\n\n\n<ul class=\"wp-block-list\"><li>Ser capaz de demonstrar todas as habilidades e conhecimentos requeridos pelos n\u00edveis 1 e 2;<\/li><\/ul>\n\n\n\n<ul class=\"wp-block-list\"><li>Possuir conhecimento avan\u00e7ado de t\u00e9cnicas de resgate;<\/li><\/ul>\n\n\n\n<ul class=\"wp-block-list\"><li>Possuir treinamento de primeiros-socorros.<\/li><\/ul>\n\n\n\n<p>Qual a capacita\u00e7\u00e3o do\nprofissional de acesso por cordas?<\/p>\n\n\n\n<p><font style=\"vertical-align: inherit;\"><font style=\"vertical-align: inherit;\">O profissional deve ter participado de curso espec\u00edfico de acesso por corda, ministrado por profissional com qualifica\u00e7\u00e3o m\u00ednima de n\u00edvel 3 e certifica\u00e7\u00e3o por organismo certificador.<\/font><\/font><\/p>\n\n\n\n<p><font style=\"vertical-align: inherit;\"><font style=\"vertical-align: inherit;\">Acesso por corda e trabalho em altura \u00e9 a mesma coisa?<\/font><\/font><\/p>\n\n\n\n<p>Apesar dos trabalhos de acesso\npor cordas serem realizados em altura, n\u00e3o s\u00e3o a mesma coisa que os trabalhos\nem altura.<\/p>\n\n\n\n<p>Os trabalhos de acesso por\ncordas apresentam riscos espec\u00edficos e por isso h\u00e1 algumas exig\u00eancias\nespec\u00edficas tamb\u00e9m.<\/p>\n\n\n\n<p>O curso de trabalho em altura\n(NR 35) capacita o trabalhador para atividades de acesso por cordas?<\/p>\n\n\n\n<p>O curso de trabalho em altura\nexigido pela NR 35 capacita o trabalhador para executar atividades em altura\nacima de 2 metros onde haja risco de queda, mas n\u00e3o capacita o trabalhador para\nexecutar trabalhos de acesso por cordas.<\/p>\n\n\n\n<p>Trabalhador capacitado para\ntrabalhos de acesso por cordas precisam procurar uma entidade com certifica\u00e7\u00e3o\ndo INMETRO, como por exemplo Abendi, Irata ou Aneac e fazer a qualifica\u00e7\u00e3o e\ncertifica\u00e7\u00e3o de acesso por cordas.<\/p>\n\n\n\n<p>Se voc\u00ea gostou do post de\nhoje, deixe a sua curtida abaixo e n\u00e3o deixe de compartilhar com outros\nleitores, amigos e familiares, para que mais pessoas tenham acesso \u00e0 esta\ninforma\u00e7\u00e3o.<\/p>\n\n\n\n<p>Para ficar por dentro de\noutros conte\u00fados sobre sa\u00fade e seguran\u00e7a no trabalho, assine a nossa newsletter\ne receba as atualiza\u00e7\u00f5es do blog no seu e-mail!<\/p>\n\n\n\n<p>At\u00e9 o pr\u00f3ximo artigo!<\/p>\n","protected":false},"excerpt":{"rendered":"<p>O acesso por corda \u00e9 um sistema para conectar trabalhadores a lugares dif\u00edceis de alcan\u00e7ar. Estes trabalhadores executam suas atividades pendurados em um conjunto de duas cordas, uma linha de trabalho e uma linha de apoio, cada uma presa em pontos de ancoragem diferentes. Este recurso \u00e9 utilizado em locais de trabalho sem prote\u00e7\u00f5es coletivas, [&hellip;]<\/p>\n","protected":false},"author":1,"featured_media":945,"comment_status":"open","ping_status":"open","sticky":false,"template":"","format":"standard","meta":{"_exactmetrics_skip_tracking":false,"_exactmetrics_sitenote_active":false,"_exactmetrics_sitenote_note":"","_exactmetrics_sitenote_category":0,"footnotes":""},"categories":[1],"tags":[],"class_list":["post-931","post","type-post","status-publish","format-standard","has-post-thumbnail","hentry","category-seguranca-do-trabalho"],"yoast_head":"<!-- This site is optimized with the Yoast SEO plugin v27.2 - https:\/\/yoast.com\/product\/yoast-seo-wordpress\/ -->\n<title>N\u00edveis de Acesso Por Corda - Blog Portal da Preven\u00e7\u00e3o<\/title>\n<meta name=\"description\" content=\"O acesso por corda \u00e9 um sistema para conectar trabalhadores a lugares dif\u00edceis de alcan\u00e7ar. Estes trabalhadores executam suas atividades...\" \/>\n<meta name=\"robots\" content=\"index, follow, max-snippet:-1, max-image-preview:large, max-video-preview:-1\" \/>\n<link rel=\"canonical\" href=\"https:\/\/prevenseg-treinamentos.com.br\/portaldaprevencao\/niveis-de-acesso-por-corda\/\" \/>\n<meta property=\"og:locale\" content=\"pt_PT\" \/>\n<meta property=\"og:type\" content=\"article\" \/>\n<meta property=\"og:title\" content=\"N\u00edveis de Acesso Por Corda - Blog Portal da Preven\u00e7\u00e3o\" \/>\n<meta property=\"og:description\" content=\"O acesso por corda \u00e9 um sistema para conectar trabalhadores a lugares dif\u00edceis de alcan\u00e7ar. Estes trabalhadores executam suas atividades...\" \/>\n<meta property=\"og:url\" content=\"https:\/\/prevenseg-treinamentos.com.br\/portaldaprevencao\/niveis-de-acesso-por-corda\/\" \/>\n<meta property=\"og:site_name\" content=\"Blog Portal da Preven\u00e7\u00e3o\" \/>\n<meta property=\"article:publisher\" content=\"https:\/\/www.facebook.com\/prevensetreinamentos\/\" \/>\n<meta property=\"article:author\" content=\"https:\/\/www.facebook.com\/prevensetreinamentos\/\" \/>\n<meta property=\"article:published_time\" content=\"2019-08-23T13:30:08+00:00\" \/>\n<meta property=\"article:modified_time\" content=\"2019-08-23T13:38:03+00:00\" \/>\n<meta property=\"og:image\" content=\"https:\/\/prevenseg-treinamentos.com.br\/portaldaprevencao\/wp-content\/uploads\/2019\/08\/acesso-por-cordas.png\" \/>\n\t<meta property=\"og:image:width\" content=\"380\" \/>\n\t<meta property=\"og:image:height\" content=\"212\" \/>\n\t<meta property=\"og:image:type\" content=\"image\/png\" \/>\n<meta name=\"author\" content=\"Diones Chelenper\" \/>\n<meta name=\"twitter:card\" content=\"summary_large_image\" \/>\n<meta name=\"twitter:label1\" content=\"Escrito por\" \/>\n\t<meta name=\"twitter:data1\" content=\"Diones Chelenper\" \/>\n\t<meta name=\"twitter:label2\" content=\"Tempo estimado de leitura\" \/>\n\t<meta name=\"twitter:data2\" content=\"7 minutos\" \/>\n<script type=\"application\/ld+json\" class=\"yoast-schema-graph\">{\"@context\":\"https:\/\/schema.org\",\"@graph\":[{\"@type\":\"Article\",\"@id\":\"https:\/\/prevenseg-treinamentos.com.br\/portaldaprevencao\/niveis-de-acesso-por-corda\/#article\",\"isPartOf\":{\"@id\":\"https:\/\/prevenseg-treinamentos.com.br\/portaldaprevencao\/niveis-de-acesso-por-corda\/\"},\"author\":{\"name\":\"Diones Chelenper\",\"@id\":\"https:\/\/prevenseg-treinamentos.com.br\/portaldaprevencao\/#\/schema\/person\/82746c4230fb6d2ee5c6dd79c0746488\"},\"headline\":\"N\u00edveis de Acesso Por Corda\",\"datePublished\":\"2019-08-23T13:30:08+00:00\",\"dateModified\":\"2019-08-23T13:38:03+00:00\",\"mainEntityOfPage\":{\"@id\":\"https:\/\/prevenseg-treinamentos.com.br\/portaldaprevencao\/niveis-de-acesso-por-corda\/\"},\"wordCount\":1421,\"commentCount\":0,\"publisher\":{\"@id\":\"https:\/\/prevenseg-treinamentos.com.br\/portaldaprevencao\/#organization\"},\"image\":{\"@id\":\"https:\/\/prevenseg-treinamentos.com.br\/portaldaprevencao\/niveis-de-acesso-por-corda\/#primaryimage\"},\"thumbnailUrl\":\"https:\/\/prevenseg-treinamentos.com.br\/portaldaprevencao\/wp-content\/uploads\/2019\/08\/acesso-por-cordas.png\",\"articleSection\":[\"Seguran\u00e7a do Trabalho\"],\"inLanguage\":\"pt-PT\",\"potentialAction\":[{\"@type\":\"CommentAction\",\"name\":\"Comment\",\"target\":[\"https:\/\/prevenseg-treinamentos.com.br\/portaldaprevencao\/niveis-de-acesso-por-corda\/#respond\"]}]},{\"@type\":\"WebPage\",\"@id\":\"https:\/\/prevenseg-treinamentos.com.br\/portaldaprevencao\/niveis-de-acesso-por-corda\/\",\"url\":\"https:\/\/prevenseg-treinamentos.com.br\/portaldaprevencao\/niveis-de-acesso-por-corda\/\",\"name\":\"N\u00edveis de Acesso Por Corda - Blog Portal da Preven\u00e7\u00e3o\",\"isPartOf\":{\"@id\":\"https:\/\/prevenseg-treinamentos.com.br\/portaldaprevencao\/#website\"},\"primaryImageOfPage\":{\"@id\":\"https:\/\/prevenseg-treinamentos.com.br\/portaldaprevencao\/niveis-de-acesso-por-corda\/#primaryimage\"},\"image\":{\"@id\":\"https:\/\/prevenseg-treinamentos.com.br\/portaldaprevencao\/niveis-de-acesso-por-corda\/#primaryimage\"},\"thumbnailUrl\":\"https:\/\/prevenseg-treinamentos.com.br\/portaldaprevencao\/wp-content\/uploads\/2019\/08\/acesso-por-cordas.png\",\"datePublished\":\"2019-08-23T13:30:08+00:00\",\"dateModified\":\"2019-08-23T13:38:03+00:00\",\"description\":\"O acesso por corda \u00e9 um sistema para conectar trabalhadores a lugares dif\u00edceis de alcan\u00e7ar. Estes trabalhadores executam suas atividades...\",\"breadcrumb\":{\"@id\":\"https:\/\/prevenseg-treinamentos.com.br\/portaldaprevencao\/niveis-de-acesso-por-corda\/#breadcrumb\"},\"inLanguage\":\"pt-PT\",\"potentialAction\":[{\"@type\":\"ReadAction\",\"target\":[\"https:\/\/prevenseg-treinamentos.com.br\/portaldaprevencao\/niveis-de-acesso-por-corda\/\"]}]},{\"@type\":\"ImageObject\",\"inLanguage\":\"pt-PT\",\"@id\":\"https:\/\/prevenseg-treinamentos.com.br\/portaldaprevencao\/niveis-de-acesso-por-corda\/#primaryimage\",\"url\":\"https:\/\/prevenseg-treinamentos.com.br\/portaldaprevencao\/wp-content\/uploads\/2019\/08\/acesso-por-cordas.png\",\"contentUrl\":\"https:\/\/prevenseg-treinamentos.com.br\/portaldaprevencao\/wp-content\/uploads\/2019\/08\/acesso-por-cordas.png\",\"width\":380,\"height\":212},{\"@type\":\"BreadcrumbList\",\"@id\":\"https:\/\/prevenseg-treinamentos.com.br\/portaldaprevencao\/niveis-de-acesso-por-corda\/#breadcrumb\",\"itemListElement\":[{\"@type\":\"ListItem\",\"position\":1,\"name\":\"In\u00edcio\",\"item\":\"https:\/\/prevenseg-treinamentos.com.br\/portaldaprevencao\/\"},{\"@type\":\"ListItem\",\"position\":2,\"name\":\"N\u00edveis de Acesso Por Corda\"}]},{\"@type\":\"WebSite\",\"@id\":\"https:\/\/prevenseg-treinamentos.com.br\/portaldaprevencao\/#website\",\"url\":\"https:\/\/prevenseg-treinamentos.com.br\/portaldaprevencao\/\",\"name\":\"Portal da Preven\u00e7\u00e3o\",\"description\":\"Sa\u00fade e Seguran\u00e7a do Trabalho\",\"publisher\":{\"@id\":\"https:\/\/prevenseg-treinamentos.com.br\/portaldaprevencao\/#organization\"},\"potentialAction\":[{\"@type\":\"SearchAction\",\"target\":{\"@type\":\"EntryPoint\",\"urlTemplate\":\"https:\/\/prevenseg-treinamentos.com.br\/portaldaprevencao\/?s={search_term_string}\"},\"query-input\":{\"@type\":\"PropertyValueSpecification\",\"valueRequired\":true,\"valueName\":\"search_term_string\"}}],\"inLanguage\":\"pt-PT\"},{\"@type\":\"Organization\",\"@id\":\"https:\/\/prevenseg-treinamentos.com.br\/portaldaprevencao\/#organization\",\"name\":\"Prevenseg Treinamentos\",\"url\":\"https:\/\/prevenseg-treinamentos.com.br\/portaldaprevencao\/\",\"logo\":{\"@type\":\"ImageObject\",\"inLanguage\":\"pt-PT\",\"@id\":\"https:\/\/prevenseg-treinamentos.com.br\/portaldaprevencao\/#\/schema\/logo\/image\/\",\"url\":\"https:\/\/prevenseg-treinamentos.com.br\/portaldaprevencao\/wp-content\/uploads\/2018\/07\/LOGO-PHOTOSHOP.png\",\"contentUrl\":\"https:\/\/prevenseg-treinamentos.com.br\/portaldaprevencao\/wp-content\/uploads\/2018\/07\/LOGO-PHOTOSHOP.png\",\"width\":823,\"height\":448,\"caption\":\"Prevenseg Treinamentos\"},\"image\":{\"@id\":\"https:\/\/prevenseg-treinamentos.com.br\/portaldaprevencao\/#\/schema\/logo\/image\/\"},\"sameAs\":[\"https:\/\/www.facebook.com\/prevensetreinamentos\/\"]},{\"@type\":\"Person\",\"@id\":\"https:\/\/prevenseg-treinamentos.com.br\/portaldaprevencao\/#\/schema\/person\/82746c4230fb6d2ee5c6dd79c0746488\",\"name\":\"Diones Chelenper\",\"image\":{\"@type\":\"ImageObject\",\"inLanguage\":\"pt-PT\",\"@id\":\"https:\/\/secure.gravatar.com\/avatar\/ef4ffd41b20793ef13fd207b0fa9c50b201ef425c79c82cb66f41a0d59c0722c?s=96&d=mm&r=g\",\"url\":\"https:\/\/secure.gravatar.com\/avatar\/ef4ffd41b20793ef13fd207b0fa9c50b201ef425c79c82cb66f41a0d59c0722c?s=96&d=mm&r=g\",\"contentUrl\":\"https:\/\/secure.gravatar.com\/avatar\/ef4ffd41b20793ef13fd207b0fa9c50b201ef425c79c82cb66f41a0d59c0722c?s=96&d=mm&r=g\",\"caption\":\"Diones Chelenper\"},\"description\":\"Meu nome \u00e9 Diones Chelenper, sou profissional com forma\u00e7\u00e3o t\u00e9cnica na \u00e1rea de Seguran\u00e7a do Trabalho, Bombeiro Civil, Instrutor de Brigadas de Emerg\u00eancia e Supervisor de Trabalhos em Altura.\",\"sameAs\":[\"http:\/\/www.prevenseg-treinamentos.com.br\",\"https:\/\/www.facebook.com\/prevensetreinamentos\/\"],\"url\":\"https:\/\/prevenseg-treinamentos.com.br\/portaldaprevencao\/author\/administrador\/\"}]}<\/script>\n<!-- \/ Yoast SEO plugin. -->","yoast_head_json":{"title":"N\u00edveis de Acesso Por Corda - Blog Portal da Preven\u00e7\u00e3o","description":"O acesso por corda \u00e9 um sistema para conectar trabalhadores a lugares dif\u00edceis de alcan\u00e7ar. Estes trabalhadores executam suas atividades...","robots":{"index":"index","follow":"follow","max-snippet":"max-snippet:-1","max-image-preview":"max-image-preview:large","max-video-preview":"max-video-preview:-1"},"canonical":"https:\/\/prevenseg-treinamentos.com.br\/portaldaprevencao\/niveis-de-acesso-por-corda\/","og_locale":"pt_PT","og_type":"article","og_title":"N\u00edveis de Acesso Por Corda - Blog Portal da Preven\u00e7\u00e3o","og_description":"O acesso por corda \u00e9 um sistema para conectar trabalhadores a lugares dif\u00edceis de alcan\u00e7ar. Estes trabalhadores executam suas atividades...","og_url":"https:\/\/prevenseg-treinamentos.com.br\/portaldaprevencao\/niveis-de-acesso-por-corda\/","og_site_name":"Blog Portal da Preven\u00e7\u00e3o","article_publisher":"https:\/\/www.facebook.com\/prevensetreinamentos\/","article_author":"https:\/\/www.facebook.com\/prevensetreinamentos\/","article_published_time":"2019-08-23T13:30:08+00:00","article_modified_time":"2019-08-23T13:38:03+00:00","og_image":[{"width":380,"height":212,"url":"https:\/\/prevenseg-treinamentos.com.br\/portaldaprevencao\/wp-content\/uploads\/2019\/08\/acesso-por-cordas.png","type":"image\/png"}],"author":"Diones Chelenper","twitter_card":"summary_large_image","twitter_misc":{"Escrito por":"Diones Chelenper","Tempo estimado de leitura":"7 minutos"},"schema":{"@context":"https:\/\/schema.org","@graph":[{"@type":"Article","@id":"https:\/\/prevenseg-treinamentos.com.br\/portaldaprevencao\/niveis-de-acesso-por-corda\/#article","isPartOf":{"@id":"https:\/\/prevenseg-treinamentos.com.br\/portaldaprevencao\/niveis-de-acesso-por-corda\/"},"author":{"name":"Diones Chelenper","@id":"https:\/\/prevenseg-treinamentos.com.br\/portaldaprevencao\/#\/schema\/person\/82746c4230fb6d2ee5c6dd79c0746488"},"headline":"N\u00edveis de Acesso Por Corda","datePublished":"2019-08-23T13:30:08+00:00","dateModified":"2019-08-23T13:38:03+00:00","mainEntityOfPage":{"@id":"https:\/\/prevenseg-treinamentos.com.br\/portaldaprevencao\/niveis-de-acesso-por-corda\/"},"wordCount":1421,"commentCount":0,"publisher":{"@id":"https:\/\/prevenseg-treinamentos.com.br\/portaldaprevencao\/#organization"},"image":{"@id":"https:\/\/prevenseg-treinamentos.com.br\/portaldaprevencao\/niveis-de-acesso-por-corda\/#primaryimage"},"thumbnailUrl":"https:\/\/prevenseg-treinamentos.com.br\/portaldaprevencao\/wp-content\/uploads\/2019\/08\/acesso-por-cordas.png","articleSection":["Seguran\u00e7a do Trabalho"],"inLanguage":"pt-PT","potentialAction":[{"@type":"CommentAction","name":"Comment","target":["https:\/\/prevenseg-treinamentos.com.br\/portaldaprevencao\/niveis-de-acesso-por-corda\/#respond"]}]},{"@type":"WebPage","@id":"https:\/\/prevenseg-treinamentos.com.br\/portaldaprevencao\/niveis-de-acesso-por-corda\/","url":"https:\/\/prevenseg-treinamentos.com.br\/portaldaprevencao\/niveis-de-acesso-por-corda\/","name":"N\u00edveis de Acesso Por Corda - Blog Portal da Preven\u00e7\u00e3o","isPartOf":{"@id":"https:\/\/prevenseg-treinamentos.com.br\/portaldaprevencao\/#website"},"primaryImageOfPage":{"@id":"https:\/\/prevenseg-treinamentos.com.br\/portaldaprevencao\/niveis-de-acesso-por-corda\/#primaryimage"},"image":{"@id":"https:\/\/prevenseg-treinamentos.com.br\/portaldaprevencao\/niveis-de-acesso-por-corda\/#primaryimage"},"thumbnailUrl":"https:\/\/prevenseg-treinamentos.com.br\/portaldaprevencao\/wp-content\/uploads\/2019\/08\/acesso-por-cordas.png","datePublished":"2019-08-23T13:30:08+00:00","dateModified":"2019-08-23T13:38:03+00:00","description":"O acesso por corda \u00e9 um sistema para conectar trabalhadores a lugares dif\u00edceis de alcan\u00e7ar. Estes trabalhadores executam suas atividades...","breadcrumb":{"@id":"https:\/\/prevenseg-treinamentos.com.br\/portaldaprevencao\/niveis-de-acesso-por-corda\/#breadcrumb"},"inLanguage":"pt-PT","potentialAction":[{"@type":"ReadAction","target":["https:\/\/prevenseg-treinamentos.com.br\/portaldaprevencao\/niveis-de-acesso-por-corda\/"]}]},{"@type":"ImageObject","inLanguage":"pt-PT","@id":"https:\/\/prevenseg-treinamentos.com.br\/portaldaprevencao\/niveis-de-acesso-por-corda\/#primaryimage","url":"https:\/\/prevenseg-treinamentos.com.br\/portaldaprevencao\/wp-content\/uploads\/2019\/08\/acesso-por-cordas.png","contentUrl":"https:\/\/prevenseg-treinamentos.com.br\/portaldaprevencao\/wp-content\/uploads\/2019\/08\/acesso-por-cordas.png","width":380,"height":212},{"@type":"BreadcrumbList","@id":"https:\/\/prevenseg-treinamentos.com.br\/portaldaprevencao\/niveis-de-acesso-por-corda\/#breadcrumb","itemListElement":[{"@type":"ListItem","position":1,"name":"In\u00edcio","item":"https:\/\/prevenseg-treinamentos.com.br\/portaldaprevencao\/"},{"@type":"ListItem","position":2,"name":"N\u00edveis de Acesso Por Corda"}]},{"@type":"WebSite","@id":"https:\/\/prevenseg-treinamentos.com.br\/portaldaprevencao\/#website","url":"https:\/\/prevenseg-treinamentos.com.br\/portaldaprevencao\/","name":"Portal da Preven\u00e7\u00e3o","description":"Sa\u00fade e Seguran\u00e7a do Trabalho","publisher":{"@id":"https:\/\/prevenseg-treinamentos.com.br\/portaldaprevencao\/#organization"},"potentialAction":[{"@type":"SearchAction","target":{"@type":"EntryPoint","urlTemplate":"https:\/\/prevenseg-treinamentos.com.br\/portaldaprevencao\/?s={search_term_string}"},"query-input":{"@type":"PropertyValueSpecification","valueRequired":true,"valueName":"search_term_string"}}],"inLanguage":"pt-PT"},{"@type":"Organization","@id":"https:\/\/prevenseg-treinamentos.com.br\/portaldaprevencao\/#organization","name":"Prevenseg Treinamentos","url":"https:\/\/prevenseg-treinamentos.com.br\/portaldaprevencao\/","logo":{"@type":"ImageObject","inLanguage":"pt-PT","@id":"https:\/\/prevenseg-treinamentos.com.br\/portaldaprevencao\/#\/schema\/logo\/image\/","url":"https:\/\/prevenseg-treinamentos.com.br\/portaldaprevencao\/wp-content\/uploads\/2018\/07\/LOGO-PHOTOSHOP.png","contentUrl":"https:\/\/prevenseg-treinamentos.com.br\/portaldaprevencao\/wp-content\/uploads\/2018\/07\/LOGO-PHOTOSHOP.png","width":823,"height":448,"caption":"Prevenseg Treinamentos"},"image":{"@id":"https:\/\/prevenseg-treinamentos.com.br\/portaldaprevencao\/#\/schema\/logo\/image\/"},"sameAs":["https:\/\/www.facebook.com\/prevensetreinamentos\/"]},{"@type":"Person","@id":"https:\/\/prevenseg-treinamentos.com.br\/portaldaprevencao\/#\/schema\/person\/82746c4230fb6d2ee5c6dd79c0746488","name":"Diones Chelenper","image":{"@type":"ImageObject","inLanguage":"pt-PT","@id":"https:\/\/secure.gravatar.com\/avatar\/ef4ffd41b20793ef13fd207b0fa9c50b201ef425c79c82cb66f41a0d59c0722c?s=96&d=mm&r=g","url":"https:\/\/secure.gravatar.com\/avatar\/ef4ffd41b20793ef13fd207b0fa9c50b201ef425c79c82cb66f41a0d59c0722c?s=96&d=mm&r=g","contentUrl":"https:\/\/secure.gravatar.com\/avatar\/ef4ffd41b20793ef13fd207b0fa9c50b201ef425c79c82cb66f41a0d59c0722c?s=96&d=mm&r=g","caption":"Diones Chelenper"},"description":"Meu nome \u00e9 Diones Chelenper, sou profissional com forma\u00e7\u00e3o t\u00e9cnica na \u00e1rea de Seguran\u00e7a do Trabalho, Bombeiro Civil, Instrutor de Brigadas de Emerg\u00eancia e Supervisor de Trabalhos em Altura.","sameAs":["http:\/\/www.prevenseg-treinamentos.com.br","https:\/\/www.facebook.com\/prevensetreinamentos\/"],"url":"https:\/\/prevenseg-treinamentos.com.br\/portaldaprevencao\/author\/administrador\/"}]}},"post_mailing_queue_ids":[],"_links":{"self":[{"href":"https:\/\/prevenseg-treinamentos.com.br\/portaldaprevencao\/wp-json\/wp\/v2\/posts\/931","targetHints":{"allow":["GET"]}}],"collection":[{"href":"https:\/\/prevenseg-treinamentos.com.br\/portaldaprevencao\/wp-json\/wp\/v2\/posts"}],"about":[{"href":"https:\/\/prevenseg-treinamentos.com.br\/portaldaprevencao\/wp-json\/wp\/v2\/types\/post"}],"author":[{"embeddable":true,"href":"https:\/\/prevenseg-treinamentos.com.br\/portaldaprevencao\/wp-json\/wp\/v2\/users\/1"}],"replies":[{"embeddable":true,"href":"https:\/\/prevenseg-treinamentos.com.br\/portaldaprevencao\/wp-json\/wp\/v2\/comments?post=931"}],"version-history":[{"count":0,"href":"https:\/\/prevenseg-treinamentos.com.br\/portaldaprevencao\/wp-json\/wp\/v2\/posts\/931\/revisions"}],"wp:featuredmedia":[{"embeddable":true,"href":"https:\/\/prevenseg-treinamentos.com.br\/portaldaprevencao\/wp-json\/wp\/v2\/media\/945"}],"wp:attachment":[{"href":"https:\/\/prevenseg-treinamentos.com.br\/portaldaprevencao\/wp-json\/wp\/v2\/media?parent=931"}],"wp:term":[{"taxonomy":"category","embeddable":true,"href":"https:\/\/prevenseg-treinamentos.com.br\/portaldaprevencao\/wp-json\/wp\/v2\/categories?post=931"},{"taxonomy":"post_tag","embeddable":true,"href":"https:\/\/prevenseg-treinamentos.com.br\/portaldaprevencao\/wp-json\/wp\/v2\/tags?post=931"}],"curies":[{"name":"wp","href":"https:\/\/api.w.org\/{rel}","templated":true}]}}