{"id":748,"date":"2019-03-22T06:00:26","date_gmt":"2019-03-22T09:00:26","guid":{"rendered":"https:\/\/prevenseg-treinamentos.com.br\/portaldaprevencao\/?p=748"},"modified":"2020-02-25T11:35:45","modified_gmt":"2020-02-25T14:35:45","slug":"nr-33-medidas-preventivas-nos-espacos-confinados","status":"publish","type":"post","link":"https:\/\/prevenseg-treinamentos.com.br\/portaldaprevencao\/nr-33-medidas-preventivas-nos-espacos-confinados\/","title":{"rendered":"NR 33 &#8211; Medidas Preventivas nos Trabalhos em Espa\u00e7os Confinados"},"content":{"rendered":"<p>A <strong><a href=\"https:\/\/enit.trabalho.gov.br\/portal\/images\/Arquivos_SST\/SST_NR\/NR-33.pdf\" target=\"_blank\" rel=\"noopener noreferrer\">Norma Regulamentadora n\u00ba 33<\/a><\/strong> &#8211; NR 33 trata dos servi\u00e7os em espa\u00e7os confinados.<\/p>\n<p>Estes espa\u00e7os est\u00e3o presentes em diversas ind\u00fastrias de v\u00e1rios ramos de atividades.<\/p>\n<p>Apesar de serem locais considerados perigosos e inadequados para a perman\u00eancia humana, s\u00e3o indispens\u00e1veis e fundamentais na produtividade de muitas empresas.<\/p>\n<p>Continue lendo esse artigo e saiba mais sobre os espa\u00e7os confinados.<\/p>\n<h3><em><strong>O que \u00e9 espa\u00e7o confinado?<\/strong><\/em><\/h3>\n<p><img fetchpriority=\"high\" decoding=\"async\" class=\"aligncenter wp-image-752\" src=\"https:\/\/prevenseg-treinamentos.com.br\/portaldaprevencao\/wp-content\/uploads\/2019\/03\/NR-33.png\" alt=\"NR 33\" width=\"627\" height=\"417\" srcset=\"https:\/\/prevenseg-treinamentos.com.br\/portaldaprevencao\/wp-content\/uploads\/2019\/03\/NR-33.png 350w, https:\/\/prevenseg-treinamentos.com.br\/portaldaprevencao\/wp-content\/uploads\/2019\/03\/NR-33-300x200.png 300w, https:\/\/prevenseg-treinamentos.com.br\/portaldaprevencao\/wp-content\/uploads\/2019\/03\/NR-33-272x182.png 272w\" sizes=\"(max-width: 627px) 100vw, 627px\" \/><\/p>\n<p>A <a href=\"https:\/\/enit.trabalho.gov.br\/portal\/images\/Arquivos_SST\/SST_NR\/NR-33.pdf\" target=\"_blank\" rel=\"noopener noreferrer\"><strong>Norma Regulamentador n\u00ba 33<\/strong><\/a> \u2013 NR 33, conceitua espa\u00e7o confinado como:<\/p>\n<p>\u201cEspa\u00e7o Confinado \u00e9 qualquer \u00e1rea ou ambiente n\u00e3o projetado para ocupa\u00e7\u00e3o humana cont\u00ednua, que possua meios limitados de entrada e sa\u00edda, cuja ventila\u00e7\u00e3o existente \u00e9 insuficiente para remover contaminantes ou onde possa existir a defici\u00eancia ou enriquecimento de oxig\u00eanio\u201d.<\/p>\n<p>A OSHA (Occupational Safety and Health Administration), \u00f3rg\u00e3o que regulamenta as rela\u00e7\u00f5es de seguran\u00e7a e sa\u00fade no trabalho nos Estados Unidos, conceitua espa\u00e7o confinado como sendo: \u201c\u00e9 um espa\u00e7o que possui uma configura\u00e7\u00e3o que um trabalhador consegue entrar fisicamente em seu interior e executar um trabalho designado, possui restri\u00e7\u00f5es ou limita\u00e7\u00f5es para entrada e sa\u00edda de uma pessoa e n\u00e3o foi projetado para ocupa\u00e7\u00e3o cont\u00ednua de trabalhadores\u201d.<\/p>\n<h3><em><strong>Norma que regulamenta trabalhos em espa\u00e7o confinado<\/strong><\/em><\/h3>\n<p>No Brasil o trabalho em espa\u00e7o confinado \u00e9 regulamentado pela NR 33, norma do Minist\u00e9rio do Trabalho, que foi publicada em dezembro de 2006, visando a seguran\u00e7a nos trabalhos realizados em espa\u00e7o confinado.<\/p>\n<h3><em><strong>Trabalhos realizados em espa\u00e7o confinado<\/strong><\/em><\/h3>\n<p><img decoding=\"async\" class=\"aligncenter wp-image-754 lazyload\" data-src=\"https:\/\/prevenseg-treinamentos.com.br\/portaldaprevencao\/wp-content\/uploads\/2019\/03\/espa\u00e7o-confinado.png\" alt=\"espa\u00e7o confinado\" width=\"529\" height=\"354\" data-srcset=\"https:\/\/prevenseg-treinamentos.com.br\/portaldaprevencao\/wp-content\/uploads\/2019\/03\/espa\u00e7o-confinado.png 350w, https:\/\/prevenseg-treinamentos.com.br\/portaldaprevencao\/wp-content\/uploads\/2019\/03\/espa\u00e7o-confinado-300x200.png 300w, https:\/\/prevenseg-treinamentos.com.br\/portaldaprevencao\/wp-content\/uploads\/2019\/03\/espa\u00e7o-confinado-272x182.png 272w\" data-sizes=\"(max-width: 529px) 100vw, 529px\" src=\"data:image\/svg+xml;base64,PHN2ZyB3aWR0aD0iMSIgaGVpZ2h0PSIxIiB4bWxucz0iaHR0cDovL3d3dy53My5vcmcvMjAwMC9zdmciPjwvc3ZnPg==\" style=\"--smush-placeholder-width: 529px; --smush-placeholder-aspect-ratio: 529\/354;\" \/><\/p>\n<p><strong>Os trabalhos realizados em espa\u00e7o confinado podem ser:<\/strong><\/p>\n<ul>\n<li>Manuten\u00e7\u00e3o e inspe\u00e7\u00e3o de m\u00e1quinas e equipamentos;<\/li>\n<li>Limpeza em reservat\u00f3rios;<\/li>\n<li>Escava\u00e7\u00e3o de t\u00faneis;<\/li>\n<li>Extra\u00e7\u00e3o mineral;<\/li>\n<li>Servi\u00e7os e cabeamento em galerias;<\/li>\n<li>Constru\u00e7\u00e3o e manuten\u00e7\u00e3o de rebocadores e navios, etc.<\/li>\n<\/ul>\n<h3><em><strong>Exemplos de espa\u00e7o confinado, de acordo com a Fundacentro:<\/strong><\/em><\/h3>\n<p><img decoding=\"async\" class=\"aligncenter wp-image-753 lazyload\" data-src=\"https:\/\/prevenseg-treinamentos.com.br\/portaldaprevencao\/wp-content\/uploads\/2019\/03\/silos.png\" alt=\"silos\" width=\"620\" height=\"361\" data-srcset=\"https:\/\/prevenseg-treinamentos.com.br\/portaldaprevencao\/wp-content\/uploads\/2019\/03\/silos.png 400w, https:\/\/prevenseg-treinamentos.com.br\/portaldaprevencao\/wp-content\/uploads\/2019\/03\/silos-300x175.png 300w\" data-sizes=\"(max-width: 620px) 100vw, 620px\" src=\"data:image\/svg+xml;base64,PHN2ZyB3aWR0aD0iMSIgaGVpZ2h0PSIxIiB4bWxucz0iaHR0cDovL3d3dy53My5vcmcvMjAwMC9zdmciPjwvc3ZnPg==\" style=\"--smush-placeholder-width: 620px; --smush-placeholder-aspect-ratio: 620\/361;\" \/><\/p>\n<ul>\n<li><a href=\"https:\/\/prevenseg-treinamentos.com.br\/portaldaprevencao\/riscos-na-construcao-civil-conheca-3-riscos-comuns\/\" target=\"_blank\" rel=\"noopener noreferrer\"><strong>Constru\u00e7\u00e3o civil<\/strong><\/a> \u2013 valas, po\u00e7os, dutos, escava\u00e7\u00f5es e galerias subterr\u00e2neas.<\/li>\n<li><strong>Ind\u00fastria agr\u00edcola<\/strong> \u2013 biodigestores, silos, po\u00e7os, cisternas, esgotos e valas.<\/li>\n<li><strong>Ind\u00fastria aliment\u00edcia<\/strong> \u2013 fornos, dep\u00f3sitos, misturadores, secadores, toneis e dutos.<\/li>\n<li><strong>Ind\u00fastria qu\u00edmica<\/strong> \u2013 dutos, lavadores de ar, reatores e colunas de destila\u00e7\u00e3o.<\/li>\n<li><strong>Metalurgia<\/strong> \u2013 tubula\u00e7\u00f5es, po\u00e7os, tanques, coletores e dep\u00f3sitos<\/li>\n<li><strong>Servi\u00e7os \u2013 <\/strong>esgotos, digestores, incineradores e galerias.<\/li>\n<li><strong>Transportes<\/strong> \u2013 tanques de avi\u00f5es, caminh\u00f5es, vag\u00f5es e navios que carreguem combust\u00edveis.<\/li>\n<\/ul>\n<h3><em><strong>Perigos presente em espa\u00e7o confinado<\/strong><\/em><\/h3>\n<p>Um dos perigos existentes nesses locais \u00e9 o acesso, que por ser limitado dificulta n\u00e3o somente a entrada, mas a sa\u00edda r\u00e1pida em caso de emerg\u00eancia.<\/p>\n<p>Al\u00e9m do acesso ser limitado, podemos citar tamb\u00e9m como perigos os contaminantes que podem se fazer presente no espa\u00e7o confinado.<\/p>\n<p><strong>Entre estes contaminantes est\u00e3o:<\/strong><\/p>\n<ul>\n<li>Defici\u00eancia ou excesso de oxig\u00eanio;<\/li>\n<li>Presen\u00e7a de gases t\u00f3xicos;<\/li>\n<li>Agentes biol\u00f3gicos;<\/li>\n<li>Fios el\u00e9tricos energizados;<\/li>\n<\/ul>\n<h3><em><strong>Riscos presente no espa\u00e7o confinado<\/strong><\/em><\/h3>\n<p>Os riscos s\u00e3o provenientes dos perigos.<\/p>\n<p>O perigo \u00e9 o que pode causar um acidente, les\u00e3o ou morte.<\/p>\n<p>Por exemplo: a defici\u00eancia de oxig\u00eanio \u00e9 um perigo que apresenta como risco a asfixia do trabalhador.<\/p>\n<p>J\u00e1 o excesso de oxig\u00eanio \u00e9 o perigo que apresenta risco de explos\u00e3o.<\/p>\n<p><strong>Outros riscos que podemos mencionar aqui s\u00e3o:<\/strong><\/p>\n<ul>\n<li>Soterramento;<\/li>\n<li><span style=\"vertical-align: inherit;\"><span style=\"vertical-align: inherit;\">Engolfamento;<\/span><\/span><\/li>\n<li>Choque el\u00e9trico;<\/li>\n<li>Queimaduras;<\/li>\n<li>Infec\u00e7\u00f5es, etc.<\/li>\n<\/ul>\n<h3><em><strong>Medidas preventivas, segundo a NR 33<\/strong><\/em><\/h3>\n<p><img decoding=\"async\" class=\"aligncenter wp-image-755 lazyload\" data-src=\"https:\/\/prevenseg-treinamentos.com.br\/portaldaprevencao\/wp-content\/uploads\/2019\/03\/sinaliza\u00e7\u00e3o.png\" alt=\"sinaliza\u00e7\u00e3o\" width=\"589\" height=\"368\" data-srcset=\"https:\/\/prevenseg-treinamentos.com.br\/portaldaprevencao\/wp-content\/uploads\/2019\/03\/sinaliza\u00e7\u00e3o.png 368w, https:\/\/prevenseg-treinamentos.com.br\/portaldaprevencao\/wp-content\/uploads\/2019\/03\/sinaliza\u00e7\u00e3o-300x188.png 300w\" data-sizes=\"(max-width: 589px) 100vw, 589px\" src=\"data:image\/svg+xml;base64,PHN2ZyB3aWR0aD0iMSIgaGVpZ2h0PSIxIiB4bWxucz0iaHR0cDovL3d3dy53My5vcmcvMjAwMC9zdmciPjwvc3ZnPg==\" style=\"--smush-placeholder-width: 589px; --smush-placeholder-aspect-ratio: 589\/368;\" \/><\/p>\n<p>A NR 33 determina que o empregador fa\u00e7a gest\u00e3o de seguran\u00e7a e sa\u00fade nos trabalhos envolvendo espa\u00e7os confinados.<\/p>\n<p>Esta gest\u00e3o deve ser planejada, programada, implementada e avaliada, incluindo medidas t\u00e9cnicas de preven\u00e7\u00e3o, medidas administrativas e medidas pessoais, al\u00e9m de capacita\u00e7\u00e3o para trabalho em espa\u00e7os confinados.<\/p>\n<p><strong>Medidas t\u00e9cnicas de preven\u00e7\u00e3o:<\/strong><\/p>\n<ul>\n<li>Como medidas t\u00e9cnicas de preven\u00e7\u00e3o, o empregador deve identificar, isolar e sinalizar os espa\u00e7os confinados, de forma a evitar a entrada de pessoas n\u00e3o autorizadas;<\/li>\n<li>Deve ser feita uma an\u00e1lise de risco antecipadamente e reconhecer os riscos nos espa\u00e7os confinados;<\/li>\n<li>Uma vez que os riscos forem identificados, este deve promover o controle dos mesmos, seja eles f\u00edsicos, qu\u00edmicos, biol\u00f3gicos, ergon\u00f4micos e\/ou mec\u00e2nicos;<\/li>\n<li>Promover a implanta\u00e7\u00e3o de travas, bloqueios, al\u00edvio, lacre e etiquetagem, com objetivo de informar sobre o andamento de atividades em espa\u00e7o confinado e evitar o acionamento de m\u00e1quinas ou equipamentos acidentalmente;<\/li>\n<li>Implementar medidas necess\u00e1rias para elimina\u00e7\u00e3o ou controle dos riscos atmosf\u00e9ricos em espa\u00e7os confinados, tais como sistemas de exaust\u00e3o e ventila\u00e7\u00e3o;<\/li>\n<li>Avaliar a atmosfera nos espa\u00e7os confinados, antes da entrada de trabalhadores, para verificar a presen\u00e7a de gases t\u00f3xicos e\/ou defici\u00eancia de O\u00b2 em seu interior.<\/li>\n<li>Manter as condi\u00e7\u00f5es atmosf\u00e9ricas aceit\u00e1veis na entrada e durante toda a execu\u00e7\u00e3o das atividades;<\/li>\n<li>Continuar o monitoramento atmosf\u00e9rico nos espa\u00e7os confinados nos locais onde os trabalhadores estiverem trabalhando;<\/li>\n<li>Proibir a ventila\u00e7\u00e3o com oxig\u00eanio puro;<\/li>\n<li>Fazer testes com os equipamentos de medi\u00e7\u00e3o antes de cada utiliza\u00e7\u00e3o; e<\/li>\n<li>Utilizar equipamento de leitura que n\u00e3o libere energia suficiente para causar a igni\u00e7\u00e3o de materiais inflam\u00e1veis (intrinsecamente seguro), que seja provido de alarme.<\/li>\n<\/ul>\n<p><strong>Medidas administrativas:<\/strong><\/p>\n<ul>\n<li>O empregador deve manter cadastro atualizado de todos os espa\u00e7os confinados existentes, inclusive os desativados, e os respectivos riscos de cada espa\u00e7o;<\/li>\n<li>Definir medidas de isolamento, sinaliza\u00e7\u00e3o, controle e\/ou eliminar os riscos do espa\u00e7o confinado;<\/li>\n<li>Manter sinaliza\u00e7\u00e3o permanente junto \u00e0 entrada do espa\u00e7o confinado.<\/li>\n<li>Criar e implementar procedimento para trabalho em espa\u00e7o confinado;<\/li>\n<li>Na NR 33 h\u00e1 um modelo de Permiss\u00e3o de Entrada e Trabalho, e o empregador deve adaptar \u00e0 sua realidade;<\/li>\n<li>Garantir o preenchimento da Permiss\u00e3o de Trabalho (PT) em tr\u00eas vias, e que o trabalho n\u00e3o inicie antes da elabora\u00e7\u00e3o da PT;<\/li>\n<li>Permitir a rastreabilidade da Permiss\u00e3o de Entrada e Trabalho;<\/li>\n<li>Entregar para um dos trabalhadores autorizados e ao Vigia c\u00f3pia da Permiss\u00e3o de Entrada e Trabalho;<\/li>\n<li>Encerrar a Permiss\u00e3o de Entrada e Trabalho quando as opera\u00e7\u00f5es forem completadas, quando ocorrer uma condi\u00e7\u00e3o n\u00e3o prevista ou quando houver pausa ou interrup\u00e7\u00e3o dos trabalhos;<\/li>\n<li>Observa\u00e7\u00e3o: sempre que houver uma pausa, independente do motivo, a PT deve ser encerrada e preenchida outra no retorno.<\/li>\n<li>Manter arquivados os procedimentos e Permiss\u00f5es de Entrada e Trabalho por cinco anos;<\/li>\n<li>Disponibilizar os procedimentos e Permiss\u00e3o de Entrada e Trabalho para o conhecimento dos trabalhadores autorizados, seus representantes e fiscaliza\u00e7\u00e3o do trabalho;<\/li>\n<li>Designar as pessoas que participar\u00e3o das opera\u00e7\u00f5es de entrada, identificando os deveres de cada trabalhador e providenciando a capacita\u00e7\u00e3o requerida;<\/li>\n<li>Estabelecer procedimentos de supervis\u00e3o dos trabalhos no exterior e no interior dos espa\u00e7os confinados;<\/li>\n<li>Assegurar que o acesso ao espa\u00e7o confinado somente seja iniciado com acompanhamento e autoriza\u00e7\u00e3o de supervis\u00e3o capacitada;<\/li>\n<li>Garantir que todos os trabalhadores sejam informados dos riscos e medidas de controle existentes no local de trabalho; e<\/li>\n<li>Implementar um Programa de Prote\u00e7\u00e3o Respirat\u00f3ria de acordo com a an\u00e1lise de risco, considerando o local, a complexidade e o tipo de trabalho a ser desenvolvido.<\/li>\n<\/ul>\n<p><strong>Medidas Pessoais<\/strong><\/p>\n<ul>\n<li>Trabalhadores com permiss\u00e3o para trabalhos em espa\u00e7os confinados deve ser submetido a <a href=\"https:\/\/prevenseg-treinamentos.com.br\/portaldaprevencao\/exame-admissional-conheca-os-5-exames-obrigatorios\/\" target=\"_blank\" rel=\"noopener noreferrer\"><strong>exames m\u00e9dicos espec\u00edficos<\/strong><\/a> para a fun\u00e7\u00e3o que ir\u00e1 desempenhar, conforme estabelecem as NRs 07 e 31, incluindo os fatores de riscos psicossociais com a emiss\u00e3o do respectivo Atestado de Sa\u00fade Ocupacional &#8211; ASO.<\/li>\n<li>Capacitar todos os trabalhadores envolvidos, direta ou indiretamente com os espa\u00e7os confinados, sobre seus direitos, deveres, riscos e medidas de controle, conforme previsto no item 33.3.5 da NR 33.<\/li>\n<li>O n\u00famero de trabalhadores envolvidos na execu\u00e7\u00e3o dos trabalhos em espa\u00e7os confinados deve ser determinado conforme a <strong><a href=\"https:\/\/prevenseg-treinamentos.com.br\/portaldaprevencao\/analise-preliminar-de-riscos-10-informacoes-importantes\/\" target=\"_blank\" rel=\"noopener noreferrer\">an\u00e1lise de risco<\/a><\/strong>, n\u00e3o sendo permitido a realiza\u00e7\u00e3o de trabalho em espa\u00e7o confinado de forma individual ou isolada.<\/li>\n<\/ul>\n<p><strong><a href=\"https:\/\/prevenseg-treinamentos.com.br\/portaldaprevencao\/responsabilidade-civil-e-criminal-do-empregador-e-prepostos\/\" target=\"_blank\" rel=\"noopener noreferrer\">Responsabilidade do empregador e trabalhador<\/a><\/strong><\/p>\n<p>A NR 33 determina responsabilidades, tanto do empregador quanto do trabalhador, portanto todos t\u00eam obriga\u00e7\u00f5es a serem cumpridas, tornando se pass\u00edvel de puni\u00e7\u00e3o \u00e0quele que n\u00e3o cumprir sua parte.<\/p>\n<p>O empregador deve indicar formalmente o respons\u00e1vel t\u00e9cnico pelo cumprimento da NR 33, identificar todos os espa\u00e7os confinados e seus respectivos riscos, implementar as medidas mencionadas acima, entre outras obriga\u00e7\u00f5es.<\/p>\n<p>J\u00e1 o trabalhador tem como obriga\u00e7\u00e3o, colaborar com a empresa no cumprimento da NR 33, utilizando os meios e equipamentos fornecidos, conforme orientado, comunicar situa\u00e7\u00f5es de risco \u00e0 sua seguran\u00e7a e a de outras pessoas, al\u00e9m de cumprir os procedimentos de seguran\u00e7a.<\/p>\n<p>Se voc\u00ea gostou do post de hoje, deixe a sua curtida abaixo e n\u00e3o deixe de compartilhar com outros leitores, amigos e familiares, para que mais pessoas tenham acesso \u00e0 esta informa\u00e7\u00e3o.<\/p>\n<p>Para ficar por dentro de outros conte\u00fados sobre sa\u00fade e seguran\u00e7a no trabalho, assine a nossa newsletter e receba\u00a0as atualiza\u00e7\u00f5es do blog no seu e-mail!<\/p>\n<p>At\u00e9 o pr\u00f3ximo artigo!<\/p>\n","protected":false},"excerpt":{"rendered":"<p>A Norma Regulamentadora n\u00ba 33 &#8211; NR 33 trata dos servi\u00e7os em espa\u00e7os confinados. Estes espa\u00e7os est\u00e3o presentes em diversas ind\u00fastrias de v\u00e1rios ramos de atividades. Apesar de serem locais considerados perigosos e inadequados para a perman\u00eancia humana, s\u00e3o indispens\u00e1veis e fundamentais na produtividade de muitas empresas. Continue lendo esse artigo e saiba mais sobre [&hellip;]<\/p>\n","protected":false},"author":1,"featured_media":755,"comment_status":"open","ping_status":"open","sticky":false,"template":"","format":"standard","meta":{"_exactmetrics_skip_tracking":false,"_exactmetrics_sitenote_active":false,"_exactmetrics_sitenote_note":"","_exactmetrics_sitenote_category":0,"footnotes":""},"categories":[1],"tags":[],"class_list":["post-748","post","type-post","status-publish","format-standard","has-post-thumbnail","hentry","category-seguranca-do-trabalho"],"yoast_head":"<!-- This site is optimized with the Yoast SEO plugin v27.2 - https:\/\/yoast.com\/product\/yoast-seo-wordpress\/ -->\n<title>NR 33 - Medidas Preventivas nos Trabalhos em Espa\u00e7os Confinados - Blog Portal da Preven\u00e7\u00e3o<\/title>\n<meta name=\"description\" content=\"Segundo a NR 33, espa\u00e7o Confinado \u00e9 qualquer \u00e1rea ou ambiente n\u00e3o projetado para ocupa\u00e7\u00e3o humana cont\u00ednua, que possua meios limitados de entrada e sa\u00edda...\" \/>\n<meta name=\"robots\" content=\"index, follow, max-snippet:-1, max-image-preview:large, max-video-preview:-1\" \/>\n<link rel=\"canonical\" href=\"https:\/\/prevenseg-treinamentos.com.br\/portaldaprevencao\/nr-33-medidas-preventivas-nos-espacos-confinados\/\" \/>\n<meta property=\"og:locale\" content=\"pt_PT\" \/>\n<meta property=\"og:type\" content=\"article\" \/>\n<meta property=\"og:title\" content=\"NR 33 - Medidas Preventivas nos Trabalhos em Espa\u00e7os Confinados - Blog Portal da Preven\u00e7\u00e3o\" \/>\n<meta property=\"og:description\" content=\"Segundo a NR 33, espa\u00e7o Confinado \u00e9 qualquer \u00e1rea ou ambiente n\u00e3o projetado para ocupa\u00e7\u00e3o humana cont\u00ednua, que possua meios limitados de entrada e sa\u00edda...\" \/>\n<meta property=\"og:url\" content=\"https:\/\/prevenseg-treinamentos.com.br\/portaldaprevencao\/nr-33-medidas-preventivas-nos-espacos-confinados\/\" \/>\n<meta property=\"og:site_name\" content=\"Blog Portal da Preven\u00e7\u00e3o\" \/>\n<meta property=\"article:publisher\" content=\"https:\/\/www.facebook.com\/prevensetreinamentos\/\" \/>\n<meta property=\"article:author\" content=\"https:\/\/www.facebook.com\/prevensetreinamentos\/\" \/>\n<meta property=\"article:published_time\" content=\"2019-03-22T09:00:26+00:00\" \/>\n<meta property=\"article:modified_time\" content=\"2020-02-25T14:35:45+00:00\" \/>\n<meta property=\"og:image\" content=\"https:\/\/prevenseg-treinamentos.com.br\/portaldaprevencao\/wp-content\/uploads\/2019\/03\/sinaliza\u00e7\u00e3o.png\" \/>\n\t<meta property=\"og:image:width\" content=\"368\" \/>\n\t<meta property=\"og:image:height\" content=\"230\" \/>\n\t<meta property=\"og:image:type\" content=\"image\/png\" \/>\n<meta name=\"author\" content=\"Diones Chelenper\" \/>\n<meta name=\"twitter:card\" content=\"summary_large_image\" \/>\n<meta name=\"twitter:label1\" content=\"Escrito por\" \/>\n\t<meta name=\"twitter:data1\" content=\"Diones Chelenper\" \/>\n\t<meta name=\"twitter:label2\" content=\"Tempo estimado de leitura\" \/>\n\t<meta name=\"twitter:data2\" content=\"7 minutos\" \/>\n<script type=\"application\/ld+json\" class=\"yoast-schema-graph\">{\"@context\":\"https:\/\/schema.org\",\"@graph\":[{\"@type\":\"Article\",\"@id\":\"https:\/\/prevenseg-treinamentos.com.br\/portaldaprevencao\/nr-33-medidas-preventivas-nos-espacos-confinados\/#article\",\"isPartOf\":{\"@id\":\"https:\/\/prevenseg-treinamentos.com.br\/portaldaprevencao\/nr-33-medidas-preventivas-nos-espacos-confinados\/\"},\"author\":{\"name\":\"Diones Chelenper\",\"@id\":\"https:\/\/prevenseg-treinamentos.com.br\/portaldaprevencao\/#\/schema\/person\/82746c4230fb6d2ee5c6dd79c0746488\"},\"headline\":\"NR 33 &#8211; Medidas Preventivas nos Trabalhos em Espa\u00e7os Confinados\",\"datePublished\":\"2019-03-22T09:00:26+00:00\",\"dateModified\":\"2020-02-25T14:35:45+00:00\",\"mainEntityOfPage\":{\"@id\":\"https:\/\/prevenseg-treinamentos.com.br\/portaldaprevencao\/nr-33-medidas-preventivas-nos-espacos-confinados\/\"},\"wordCount\":1509,\"commentCount\":0,\"publisher\":{\"@id\":\"https:\/\/prevenseg-treinamentos.com.br\/portaldaprevencao\/#organization\"},\"image\":{\"@id\":\"https:\/\/prevenseg-treinamentos.com.br\/portaldaprevencao\/nr-33-medidas-preventivas-nos-espacos-confinados\/#primaryimage\"},\"thumbnailUrl\":\"https:\/\/prevenseg-treinamentos.com.br\/portaldaprevencao\/wp-content\/uploads\/2019\/03\/sinaliza\u00e7\u00e3o.png\",\"articleSection\":[\"Seguran\u00e7a do Trabalho\"],\"inLanguage\":\"pt-PT\",\"potentialAction\":[{\"@type\":\"CommentAction\",\"name\":\"Comment\",\"target\":[\"https:\/\/prevenseg-treinamentos.com.br\/portaldaprevencao\/nr-33-medidas-preventivas-nos-espacos-confinados\/#respond\"]}]},{\"@type\":\"WebPage\",\"@id\":\"https:\/\/prevenseg-treinamentos.com.br\/portaldaprevencao\/nr-33-medidas-preventivas-nos-espacos-confinados\/\",\"url\":\"https:\/\/prevenseg-treinamentos.com.br\/portaldaprevencao\/nr-33-medidas-preventivas-nos-espacos-confinados\/\",\"name\":\"NR 33 - Medidas Preventivas nos Trabalhos em Espa\u00e7os Confinados - Blog Portal da Preven\u00e7\u00e3o\",\"isPartOf\":{\"@id\":\"https:\/\/prevenseg-treinamentos.com.br\/portaldaprevencao\/#website\"},\"primaryImageOfPage\":{\"@id\":\"https:\/\/prevenseg-treinamentos.com.br\/portaldaprevencao\/nr-33-medidas-preventivas-nos-espacos-confinados\/#primaryimage\"},\"image\":{\"@id\":\"https:\/\/prevenseg-treinamentos.com.br\/portaldaprevencao\/nr-33-medidas-preventivas-nos-espacos-confinados\/#primaryimage\"},\"thumbnailUrl\":\"https:\/\/prevenseg-treinamentos.com.br\/portaldaprevencao\/wp-content\/uploads\/2019\/03\/sinaliza\u00e7\u00e3o.png\",\"datePublished\":\"2019-03-22T09:00:26+00:00\",\"dateModified\":\"2020-02-25T14:35:45+00:00\",\"description\":\"Segundo a NR 33, espa\u00e7o Confinado \u00e9 qualquer \u00e1rea ou ambiente n\u00e3o projetado para ocupa\u00e7\u00e3o humana cont\u00ednua, que possua meios limitados de entrada e sa\u00edda...\",\"breadcrumb\":{\"@id\":\"https:\/\/prevenseg-treinamentos.com.br\/portaldaprevencao\/nr-33-medidas-preventivas-nos-espacos-confinados\/#breadcrumb\"},\"inLanguage\":\"pt-PT\",\"potentialAction\":[{\"@type\":\"ReadAction\",\"target\":[\"https:\/\/prevenseg-treinamentos.com.br\/portaldaprevencao\/nr-33-medidas-preventivas-nos-espacos-confinados\/\"]}]},{\"@type\":\"ImageObject\",\"inLanguage\":\"pt-PT\",\"@id\":\"https:\/\/prevenseg-treinamentos.com.br\/portaldaprevencao\/nr-33-medidas-preventivas-nos-espacos-confinados\/#primaryimage\",\"url\":\"https:\/\/prevenseg-treinamentos.com.br\/portaldaprevencao\/wp-content\/uploads\/2019\/03\/sinaliza\u00e7\u00e3o.png\",\"contentUrl\":\"https:\/\/prevenseg-treinamentos.com.br\/portaldaprevencao\/wp-content\/uploads\/2019\/03\/sinaliza\u00e7\u00e3o.png\",\"width\":368,\"height\":230,\"caption\":\"sinaliza\u00e7\u00e3o\"},{\"@type\":\"BreadcrumbList\",\"@id\":\"https:\/\/prevenseg-treinamentos.com.br\/portaldaprevencao\/nr-33-medidas-preventivas-nos-espacos-confinados\/#breadcrumb\",\"itemListElement\":[{\"@type\":\"ListItem\",\"position\":1,\"name\":\"In\u00edcio\",\"item\":\"https:\/\/prevenseg-treinamentos.com.br\/portaldaprevencao\/\"},{\"@type\":\"ListItem\",\"position\":2,\"name\":\"NR 33 &#8211; Medidas Preventivas nos Trabalhos em Espa\u00e7os Confinados\"}]},{\"@type\":\"WebSite\",\"@id\":\"https:\/\/prevenseg-treinamentos.com.br\/portaldaprevencao\/#website\",\"url\":\"https:\/\/prevenseg-treinamentos.com.br\/portaldaprevencao\/\",\"name\":\"Portal da Preven\u00e7\u00e3o\",\"description\":\"Sa\u00fade e Seguran\u00e7a do Trabalho\",\"publisher\":{\"@id\":\"https:\/\/prevenseg-treinamentos.com.br\/portaldaprevencao\/#organization\"},\"potentialAction\":[{\"@type\":\"SearchAction\",\"target\":{\"@type\":\"EntryPoint\",\"urlTemplate\":\"https:\/\/prevenseg-treinamentos.com.br\/portaldaprevencao\/?s={search_term_string}\"},\"query-input\":{\"@type\":\"PropertyValueSpecification\",\"valueRequired\":true,\"valueName\":\"search_term_string\"}}],\"inLanguage\":\"pt-PT\"},{\"@type\":\"Organization\",\"@id\":\"https:\/\/prevenseg-treinamentos.com.br\/portaldaprevencao\/#organization\",\"name\":\"Prevenseg Treinamentos\",\"url\":\"https:\/\/prevenseg-treinamentos.com.br\/portaldaprevencao\/\",\"logo\":{\"@type\":\"ImageObject\",\"inLanguage\":\"pt-PT\",\"@id\":\"https:\/\/prevenseg-treinamentos.com.br\/portaldaprevencao\/#\/schema\/logo\/image\/\",\"url\":\"https:\/\/prevenseg-treinamentos.com.br\/portaldaprevencao\/wp-content\/uploads\/2018\/07\/LOGO-PHOTOSHOP.png\",\"contentUrl\":\"https:\/\/prevenseg-treinamentos.com.br\/portaldaprevencao\/wp-content\/uploads\/2018\/07\/LOGO-PHOTOSHOP.png\",\"width\":823,\"height\":448,\"caption\":\"Prevenseg Treinamentos\"},\"image\":{\"@id\":\"https:\/\/prevenseg-treinamentos.com.br\/portaldaprevencao\/#\/schema\/logo\/image\/\"},\"sameAs\":[\"https:\/\/www.facebook.com\/prevensetreinamentos\/\"]},{\"@type\":\"Person\",\"@id\":\"https:\/\/prevenseg-treinamentos.com.br\/portaldaprevencao\/#\/schema\/person\/82746c4230fb6d2ee5c6dd79c0746488\",\"name\":\"Diones Chelenper\",\"image\":{\"@type\":\"ImageObject\",\"inLanguage\":\"pt-PT\",\"@id\":\"https:\/\/secure.gravatar.com\/avatar\/ef4ffd41b20793ef13fd207b0fa9c50b201ef425c79c82cb66f41a0d59c0722c?s=96&d=mm&r=g\",\"url\":\"https:\/\/secure.gravatar.com\/avatar\/ef4ffd41b20793ef13fd207b0fa9c50b201ef425c79c82cb66f41a0d59c0722c?s=96&d=mm&r=g\",\"contentUrl\":\"https:\/\/secure.gravatar.com\/avatar\/ef4ffd41b20793ef13fd207b0fa9c50b201ef425c79c82cb66f41a0d59c0722c?s=96&d=mm&r=g\",\"caption\":\"Diones Chelenper\"},\"description\":\"Meu nome \u00e9 Diones Chelenper, sou profissional com forma\u00e7\u00e3o t\u00e9cnica na \u00e1rea de Seguran\u00e7a do Trabalho, Bombeiro Civil, Instrutor de Brigadas de Emerg\u00eancia e Supervisor de Trabalhos em Altura.\",\"sameAs\":[\"http:\/\/www.prevenseg-treinamentos.com.br\",\"https:\/\/www.facebook.com\/prevensetreinamentos\/\"],\"url\":\"https:\/\/prevenseg-treinamentos.com.br\/portaldaprevencao\/author\/administrador\/\"}]}<\/script>\n<!-- \/ Yoast SEO plugin. -->","yoast_head_json":{"title":"NR 33 - Medidas Preventivas nos Trabalhos em Espa\u00e7os Confinados - Blog Portal da Preven\u00e7\u00e3o","description":"Segundo a NR 33, espa\u00e7o Confinado \u00e9 qualquer \u00e1rea ou ambiente n\u00e3o projetado para ocupa\u00e7\u00e3o humana cont\u00ednua, que possua meios limitados de entrada e sa\u00edda...","robots":{"index":"index","follow":"follow","max-snippet":"max-snippet:-1","max-image-preview":"max-image-preview:large","max-video-preview":"max-video-preview:-1"},"canonical":"https:\/\/prevenseg-treinamentos.com.br\/portaldaprevencao\/nr-33-medidas-preventivas-nos-espacos-confinados\/","og_locale":"pt_PT","og_type":"article","og_title":"NR 33 - Medidas Preventivas nos Trabalhos em Espa\u00e7os Confinados - Blog Portal da Preven\u00e7\u00e3o","og_description":"Segundo a NR 33, espa\u00e7o Confinado \u00e9 qualquer \u00e1rea ou ambiente n\u00e3o projetado para ocupa\u00e7\u00e3o humana cont\u00ednua, que possua meios limitados de entrada e sa\u00edda...","og_url":"https:\/\/prevenseg-treinamentos.com.br\/portaldaprevencao\/nr-33-medidas-preventivas-nos-espacos-confinados\/","og_site_name":"Blog Portal da Preven\u00e7\u00e3o","article_publisher":"https:\/\/www.facebook.com\/prevensetreinamentos\/","article_author":"https:\/\/www.facebook.com\/prevensetreinamentos\/","article_published_time":"2019-03-22T09:00:26+00:00","article_modified_time":"2020-02-25T14:35:45+00:00","og_image":[{"width":368,"height":230,"url":"https:\/\/prevenseg-treinamentos.com.br\/portaldaprevencao\/wp-content\/uploads\/2019\/03\/sinaliza\u00e7\u00e3o.png","type":"image\/png"}],"author":"Diones Chelenper","twitter_card":"summary_large_image","twitter_misc":{"Escrito por":"Diones Chelenper","Tempo estimado de leitura":"7 minutos"},"schema":{"@context":"https:\/\/schema.org","@graph":[{"@type":"Article","@id":"https:\/\/prevenseg-treinamentos.com.br\/portaldaprevencao\/nr-33-medidas-preventivas-nos-espacos-confinados\/#article","isPartOf":{"@id":"https:\/\/prevenseg-treinamentos.com.br\/portaldaprevencao\/nr-33-medidas-preventivas-nos-espacos-confinados\/"},"author":{"name":"Diones Chelenper","@id":"https:\/\/prevenseg-treinamentos.com.br\/portaldaprevencao\/#\/schema\/person\/82746c4230fb6d2ee5c6dd79c0746488"},"headline":"NR 33 &#8211; Medidas Preventivas nos Trabalhos em Espa\u00e7os Confinados","datePublished":"2019-03-22T09:00:26+00:00","dateModified":"2020-02-25T14:35:45+00:00","mainEntityOfPage":{"@id":"https:\/\/prevenseg-treinamentos.com.br\/portaldaprevencao\/nr-33-medidas-preventivas-nos-espacos-confinados\/"},"wordCount":1509,"commentCount":0,"publisher":{"@id":"https:\/\/prevenseg-treinamentos.com.br\/portaldaprevencao\/#organization"},"image":{"@id":"https:\/\/prevenseg-treinamentos.com.br\/portaldaprevencao\/nr-33-medidas-preventivas-nos-espacos-confinados\/#primaryimage"},"thumbnailUrl":"https:\/\/prevenseg-treinamentos.com.br\/portaldaprevencao\/wp-content\/uploads\/2019\/03\/sinaliza\u00e7\u00e3o.png","articleSection":["Seguran\u00e7a do Trabalho"],"inLanguage":"pt-PT","potentialAction":[{"@type":"CommentAction","name":"Comment","target":["https:\/\/prevenseg-treinamentos.com.br\/portaldaprevencao\/nr-33-medidas-preventivas-nos-espacos-confinados\/#respond"]}]},{"@type":"WebPage","@id":"https:\/\/prevenseg-treinamentos.com.br\/portaldaprevencao\/nr-33-medidas-preventivas-nos-espacos-confinados\/","url":"https:\/\/prevenseg-treinamentos.com.br\/portaldaprevencao\/nr-33-medidas-preventivas-nos-espacos-confinados\/","name":"NR 33 - Medidas Preventivas nos Trabalhos em Espa\u00e7os Confinados - Blog Portal da Preven\u00e7\u00e3o","isPartOf":{"@id":"https:\/\/prevenseg-treinamentos.com.br\/portaldaprevencao\/#website"},"primaryImageOfPage":{"@id":"https:\/\/prevenseg-treinamentos.com.br\/portaldaprevencao\/nr-33-medidas-preventivas-nos-espacos-confinados\/#primaryimage"},"image":{"@id":"https:\/\/prevenseg-treinamentos.com.br\/portaldaprevencao\/nr-33-medidas-preventivas-nos-espacos-confinados\/#primaryimage"},"thumbnailUrl":"https:\/\/prevenseg-treinamentos.com.br\/portaldaprevencao\/wp-content\/uploads\/2019\/03\/sinaliza\u00e7\u00e3o.png","datePublished":"2019-03-22T09:00:26+00:00","dateModified":"2020-02-25T14:35:45+00:00","description":"Segundo a NR 33, espa\u00e7o Confinado \u00e9 qualquer \u00e1rea ou ambiente n\u00e3o projetado para ocupa\u00e7\u00e3o humana cont\u00ednua, que possua meios limitados de entrada e sa\u00edda...","breadcrumb":{"@id":"https:\/\/prevenseg-treinamentos.com.br\/portaldaprevencao\/nr-33-medidas-preventivas-nos-espacos-confinados\/#breadcrumb"},"inLanguage":"pt-PT","potentialAction":[{"@type":"ReadAction","target":["https:\/\/prevenseg-treinamentos.com.br\/portaldaprevencao\/nr-33-medidas-preventivas-nos-espacos-confinados\/"]}]},{"@type":"ImageObject","inLanguage":"pt-PT","@id":"https:\/\/prevenseg-treinamentos.com.br\/portaldaprevencao\/nr-33-medidas-preventivas-nos-espacos-confinados\/#primaryimage","url":"https:\/\/prevenseg-treinamentos.com.br\/portaldaprevencao\/wp-content\/uploads\/2019\/03\/sinaliza\u00e7\u00e3o.png","contentUrl":"https:\/\/prevenseg-treinamentos.com.br\/portaldaprevencao\/wp-content\/uploads\/2019\/03\/sinaliza\u00e7\u00e3o.png","width":368,"height":230,"caption":"sinaliza\u00e7\u00e3o"},{"@type":"BreadcrumbList","@id":"https:\/\/prevenseg-treinamentos.com.br\/portaldaprevencao\/nr-33-medidas-preventivas-nos-espacos-confinados\/#breadcrumb","itemListElement":[{"@type":"ListItem","position":1,"name":"In\u00edcio","item":"https:\/\/prevenseg-treinamentos.com.br\/portaldaprevencao\/"},{"@type":"ListItem","position":2,"name":"NR 33 &#8211; Medidas Preventivas nos Trabalhos em Espa\u00e7os Confinados"}]},{"@type":"WebSite","@id":"https:\/\/prevenseg-treinamentos.com.br\/portaldaprevencao\/#website","url":"https:\/\/prevenseg-treinamentos.com.br\/portaldaprevencao\/","name":"Portal da Preven\u00e7\u00e3o","description":"Sa\u00fade e Seguran\u00e7a do Trabalho","publisher":{"@id":"https:\/\/prevenseg-treinamentos.com.br\/portaldaprevencao\/#organization"},"potentialAction":[{"@type":"SearchAction","target":{"@type":"EntryPoint","urlTemplate":"https:\/\/prevenseg-treinamentos.com.br\/portaldaprevencao\/?s={search_term_string}"},"query-input":{"@type":"PropertyValueSpecification","valueRequired":true,"valueName":"search_term_string"}}],"inLanguage":"pt-PT"},{"@type":"Organization","@id":"https:\/\/prevenseg-treinamentos.com.br\/portaldaprevencao\/#organization","name":"Prevenseg Treinamentos","url":"https:\/\/prevenseg-treinamentos.com.br\/portaldaprevencao\/","logo":{"@type":"ImageObject","inLanguage":"pt-PT","@id":"https:\/\/prevenseg-treinamentos.com.br\/portaldaprevencao\/#\/schema\/logo\/image\/","url":"https:\/\/prevenseg-treinamentos.com.br\/portaldaprevencao\/wp-content\/uploads\/2018\/07\/LOGO-PHOTOSHOP.png","contentUrl":"https:\/\/prevenseg-treinamentos.com.br\/portaldaprevencao\/wp-content\/uploads\/2018\/07\/LOGO-PHOTOSHOP.png","width":823,"height":448,"caption":"Prevenseg Treinamentos"},"image":{"@id":"https:\/\/prevenseg-treinamentos.com.br\/portaldaprevencao\/#\/schema\/logo\/image\/"},"sameAs":["https:\/\/www.facebook.com\/prevensetreinamentos\/"]},{"@type":"Person","@id":"https:\/\/prevenseg-treinamentos.com.br\/portaldaprevencao\/#\/schema\/person\/82746c4230fb6d2ee5c6dd79c0746488","name":"Diones Chelenper","image":{"@type":"ImageObject","inLanguage":"pt-PT","@id":"https:\/\/secure.gravatar.com\/avatar\/ef4ffd41b20793ef13fd207b0fa9c50b201ef425c79c82cb66f41a0d59c0722c?s=96&d=mm&r=g","url":"https:\/\/secure.gravatar.com\/avatar\/ef4ffd41b20793ef13fd207b0fa9c50b201ef425c79c82cb66f41a0d59c0722c?s=96&d=mm&r=g","contentUrl":"https:\/\/secure.gravatar.com\/avatar\/ef4ffd41b20793ef13fd207b0fa9c50b201ef425c79c82cb66f41a0d59c0722c?s=96&d=mm&r=g","caption":"Diones Chelenper"},"description":"Meu nome \u00e9 Diones Chelenper, sou profissional com forma\u00e7\u00e3o t\u00e9cnica na \u00e1rea de Seguran\u00e7a do Trabalho, Bombeiro Civil, Instrutor de Brigadas de Emerg\u00eancia e Supervisor de Trabalhos em Altura.","sameAs":["http:\/\/www.prevenseg-treinamentos.com.br","https:\/\/www.facebook.com\/prevensetreinamentos\/"],"url":"https:\/\/prevenseg-treinamentos.com.br\/portaldaprevencao\/author\/administrador\/"}]}},"post_mailing_queue_ids":[],"_links":{"self":[{"href":"https:\/\/prevenseg-treinamentos.com.br\/portaldaprevencao\/wp-json\/wp\/v2\/posts\/748","targetHints":{"allow":["GET"]}}],"collection":[{"href":"https:\/\/prevenseg-treinamentos.com.br\/portaldaprevencao\/wp-json\/wp\/v2\/posts"}],"about":[{"href":"https:\/\/prevenseg-treinamentos.com.br\/portaldaprevencao\/wp-json\/wp\/v2\/types\/post"}],"author":[{"embeddable":true,"href":"https:\/\/prevenseg-treinamentos.com.br\/portaldaprevencao\/wp-json\/wp\/v2\/users\/1"}],"replies":[{"embeddable":true,"href":"https:\/\/prevenseg-treinamentos.com.br\/portaldaprevencao\/wp-json\/wp\/v2\/comments?post=748"}],"version-history":[{"count":1,"href":"https:\/\/prevenseg-treinamentos.com.br\/portaldaprevencao\/wp-json\/wp\/v2\/posts\/748\/revisions"}],"predecessor-version":[{"id":1078,"href":"https:\/\/prevenseg-treinamentos.com.br\/portaldaprevencao\/wp-json\/wp\/v2\/posts\/748\/revisions\/1078"}],"wp:featuredmedia":[{"embeddable":true,"href":"https:\/\/prevenseg-treinamentos.com.br\/portaldaprevencao\/wp-json\/wp\/v2\/media\/755"}],"wp:attachment":[{"href":"https:\/\/prevenseg-treinamentos.com.br\/portaldaprevencao\/wp-json\/wp\/v2\/media?parent=748"}],"wp:term":[{"taxonomy":"category","embeddable":true,"href":"https:\/\/prevenseg-treinamentos.com.br\/portaldaprevencao\/wp-json\/wp\/v2\/categories?post=748"},{"taxonomy":"post_tag","embeddable":true,"href":"https:\/\/prevenseg-treinamentos.com.br\/portaldaprevencao\/wp-json\/wp\/v2\/tags?post=748"}],"curies":[{"name":"wp","href":"https:\/\/api.w.org\/{rel}","templated":true}]}}