{"id":725,"date":"2019-02-22T06:00:43","date_gmt":"2019-02-22T09:00:43","guid":{"rendered":"https:\/\/prevenseg-treinamentos.com.br\/portaldaprevencao\/?p=725"},"modified":"2020-02-25T11:37:56","modified_gmt":"2020-02-25T14:37:56","slug":"3-fases-da-higiene-ocupacional","status":"publish","type":"post","link":"https:\/\/prevenseg-treinamentos.com.br\/portaldaprevencao\/3-fases-da-higiene-ocupacional\/","title":{"rendered":"3 Fases da Higiene Ocupacional"},"content":{"rendered":"<p>Quando falamos em higiene, logo somos levados ao pensamento de limpeza e a Higiene ocupacional tem esse papel, n\u00e3o limpeza de lavar algo, mas de manter o ambiente limpo de agentes agressivos \u00e0 sa\u00fade do trabalhador.<\/p>\n<p>A higiene ocupacional visa identificar, avaliar e controlar os riscos existentes no ambiente de trabalho, de forma a manter o local de trabalho \u201climpo\u201d dos agentes agressivos aos trabalhadores.<\/p>\n<p>Continue lendo esse artigo e saiba mais sobre higiene ocupacional.<\/p>\n<p><strong>Defini\u00e7\u00e3o de Higiene Ocupacional<\/strong><\/p>\n<p><img fetchpriority=\"high\" decoding=\"async\" class=\"aligncenter wp-image-729\" src=\"https:\/\/prevenseg-treinamentos.com.br\/portaldaprevencao\/wp-content\/uploads\/2019\/02\/higiene-ocupacional.png\" alt=\"Higiene Ocupacional\" width=\"638\" height=\"360\" srcset=\"https:\/\/prevenseg-treinamentos.com.br\/portaldaprevencao\/wp-content\/uploads\/2019\/02\/higiene-ocupacional.png 400w, https:\/\/prevenseg-treinamentos.com.br\/portaldaprevencao\/wp-content\/uploads\/2019\/02\/higiene-ocupacional-300x169.png 300w\" sizes=\"(max-width: 638px) 100vw, 638px\" \/><\/p>\n<p>O termo higiene ocupacional foi preferido internacionalmente para definir o campo de atua\u00e7\u00e3o dessa ci\u00eancia, ap\u00f3s as conclus\u00f5es extra\u00eddas durante a Confer\u00eancia Internacional de Luxemburgo, ocorrido de 16 a 21 de junho de 1986, a qual contou com a participa\u00e7\u00e3o de representantes da Comunidade Econ\u00f4mica Europeia \u2013 CEE, da Organiza\u00e7\u00e3o Internacional Mundial da Sa\u00fade \u2013 OMS, da Comiss\u00e3o Internacional de Sa\u00fade Ocupacional \u2013 ICOH e da American Conference of Governmental Industrial Hygienists \u2013 ACGIH.<\/p>\n<p><strong>Defini\u00e7\u00e3o da higiene ocupacional segundo a AIHA<\/strong><\/p>\n<p>A defini\u00e7\u00e3o da American Industrial Hygiene Association &#8211; AIHA: \u201cci\u00eancia que trata da antecipa\u00e7\u00e3o, <strong>reconhecimento, avalia\u00e7\u00e3o e controle dos riscos<\/strong> originados nos locais de trabalho e que podem prejudicar a sa\u00fade e o bem-estar dos trabalhadores, tendo em vista tamb\u00e9m o poss\u00edvel impacto nas comunidades vizinhas e no meio ambiente\u201d.<\/p>\n<p><strong>Defini\u00e7\u00e3o feita pela OLISHIFSKI<\/strong><\/p>\n<p>A Olishifski define higiene ocupacional como: \u201caquela ci\u00eancia e arte devotada \u00e0 antecipa\u00e7\u00e3o, <strong>reconhecimento, avalia\u00e7\u00e3o e controle dos fatores de risco<\/strong> ou estresses ambientais originados no, ou a partir do, local de trabalho, os quais podem causar doen\u00e7as, prejudicar a sa\u00fade e o bem-estar ou causar significante desconforto sobre os trabalhadores ou entre os cidad\u00e3os de uma comunidade\u201d.<\/p>\n<p><strong>Defini\u00e7\u00e3o ACGIH<\/strong><\/p>\n<p>A American Conference of Governmental Industrial Hygienists \u2013 ACGIH, define higiene ocupacional como sendo: \u201cci\u00eancia e arte do <strong>reconhecimento, avalia\u00e7\u00e3o e controle de fatores ou tens\u00f5es ambientais<\/strong> originados do, ou no, local de trabalho e que podem causar doen\u00e7as, preju\u00edzos para a sa\u00fade e bem-estar, desconforto e inefici\u00eancia significativos entre os trabalhadores ou entre os cidad\u00e3os da comunidade.<\/p>\n<p>Podemos perceber que cada organiza\u00e7\u00e3o tem sua pr\u00f3pria defini\u00e7\u00e3o para higiene ocupacional, por\u00e9m, todas concordam em um aspecto.<\/p>\n<p>A higiene ocupacional \u00e9 a ci\u00eancia que <strong>reconhece, avalia e controla<\/strong> <strong>os riscos<\/strong> no ambiente de trabalho.<\/p>\n<p><strong>Reconhecimento dos riscos<\/strong><\/p>\n<p>\u201cSegundo Tuffi (Professor e autor de v\u00e1rios livros na \u00e1rea de sa\u00fade e seguran\u00e7a do trabalho), esta etapa consiste no reconhecimento dos agentes ambientais que afetam a sa\u00fade do trabalhador, o que implica o conhecimento profundo dos produtos envolvidos no processo, dos m\u00e9todos de trabalho, do fluxo do processo, do layout das instala\u00e7\u00f5es, do n\u00famero de trabalhadores expostos, etc.<\/p>\n<p>Compreende tamb\u00e9m o planejamento da abordagem do ambiente a ser estudado, sele\u00e7\u00e3o dos m\u00e9todos de coleta, bem como dos equipamentos de avalia\u00e7\u00e3o\u201d.<\/p>\n<p>O reconhecimento ocorre quando o profissional chega no ambiente de trabalho e come\u00e7a colher as informa\u00e7\u00f5es necess\u00e1rias.<\/p>\n<p>\u00c9 a fase inicial da higiene ocupacional. Nessa fase deve-se avaliar o layout, verificando a disponibiliza\u00e7\u00e3o do maquin\u00e1rio, fluxo de produ\u00e7\u00e3o, mat\u00e9ria prima usada na produ\u00e7\u00e3o, etc.<\/p>\n<p>O reconhecimento nada mais \u00e9 do que a identifica\u00e7\u00e3o dos riscos, os quais os trabalhadores est\u00e3o expostos de forma qualitativa.<\/p>\n<p>\u00c9 na fase de reconhecimento que identificamos quais agentes precisam ser avaliados de forma quantitativa, ou seja, \u00e9 preciso quantificar, saber se os n\u00edveis est\u00e3o acima ou n\u00e3o do limite de toler\u00e2ncia, definido nos anexos da NR 15.<\/p>\n<p><b>Avalia\u00e7\u00e3o<\/b><strong>\u00a0dos agentes encontrados<\/strong><\/p>\n<p><img decoding=\"async\" class=\"aligncenter wp-image-730 lazyload\" data-src=\"https:\/\/prevenseg-treinamentos.com.br\/portaldaprevencao\/wp-content\/uploads\/2019\/02\/AVALIAR.png\" alt=\"AVALIAR\" width=\"471\" height=\"352\" data-srcset=\"https:\/\/prevenseg-treinamentos.com.br\/portaldaprevencao\/wp-content\/uploads\/2019\/02\/AVALIAR.png 311w, https:\/\/prevenseg-treinamentos.com.br\/portaldaprevencao\/wp-content\/uploads\/2019\/02\/AVALIAR-300x225.png 300w\" data-sizes=\"(max-width: 471px) 100vw, 471px\" src=\"data:image\/svg+xml;base64,PHN2ZyB3aWR0aD0iMSIgaGVpZ2h0PSIxIiB4bWxucz0iaHR0cDovL3d3dy53My5vcmcvMjAwMC9zdmciPjwvc3ZnPg==\" style=\"--smush-placeholder-width: 471px; --smush-placeholder-aspect-ratio: 471\/352;\" \/><\/p>\n<p>Segundo Tuffi \u201ca avalia\u00e7\u00e3o quantitativa e\/ou qualitativa investiga os agentes f\u00edsicos, qu\u00edmicos, biol\u00f3gicos existentes nos postos de trabalhos.<\/p>\n<p>Exigem-se conhecimentos de avalia\u00e7\u00e3o, que consiste basicamente na calibra\u00e7\u00e3o dos equipamentos, no tempo de coleta, no tipo de an\u00e1lise qu\u00edmica a ser feita\u201d.<\/p>\n<p>A fase de avalia\u00e7\u00e3o \u00e9 a segunda parte da higiene ocupacional, a qual tem como objetivo avaliar os riscos encontrados na fase de reconhecimento.<\/p>\n<p>\u00c9 o momento de fazer aferi\u00e7\u00f5es dos riscos que precisam ser quantificados, como por exemplo;<\/p>\n<ul>\n<li>Poeiras;<\/li>\n<li>Gases t\u00f3xicos;<\/li>\n<li>Ru\u00eddo;<\/li>\n<li>Radia\u00e7\u00f5es ionizantes e n\u00e3o ionizantes;<\/li>\n<li>Vibra\u00e7\u00e3o;<\/li>\n<li>Calor, etc.<\/li>\n<\/ul>\n<p>Esses agentes t\u00eam limites de toler\u00e2ncias. O ru\u00eddo cont\u00ednuo e intermitente por exemplo tem seu limite de toler\u00e2ncia definido no Anexo I da NR 15, em 85 Decib\u00e9is (dB) para exposi\u00e7\u00e3o di\u00e1ria m\u00e1xima de 8 horas.<\/p>\n<p>Portanto, no reconhecimento eu percebo a exist\u00eancia do ru\u00eddo, mas para saber se este est\u00e1 sendo prejudicial \u00e0 sa\u00fade do trabalhador \u00e9 preciso quantific\u00e1-lo, ou seja, avali\u00e1-lo quantitativamente.<\/p>\n<p>A etapa de avalia\u00e7\u00e3o abrange dois ramos da higiene ocupacional, que s\u00e3o:<\/p>\n<p>Higiene de campo e;<\/p>\n<p>Higiene anal\u00edtica.<\/p>\n<p><strong>Higiene de campo<\/strong><\/p>\n<p>A higiene de campo \u00e9 respons\u00e1vel pelo estudo realizado no ambiente de trabalho,\u00a0 analisa os postos de trabalho, buscando detectar os contaminantes existentes. Com base na an\u00e1lise, faz recomenda\u00e7\u00f5es de medidas que controlem e reduzam a intensidade ou concentra\u00e7\u00e3o dos agentes nocivos a sa\u00fade a n\u00edveis aceit\u00e1veis, al\u00e9m da coleta de amostras e as medi\u00e7\u00f5es dos agentes.<\/p>\n<p><strong>Higiene anal\u00edtica<\/strong><\/p>\n<p>Essa fase \u00e9 realizada na sequ\u00eancia \u00e0 higiene de campo. \u00c9 respons\u00e1vel pelas an\u00e1lises qu\u00edmicas das amostragens coletadas na higiene de campo, bem como o c\u00e1lculo e as interpreta\u00e7\u00f5es dos dados dados levantados.<\/p>\n<p>Por exemplo, uma amostra de poeira coletada dever\u00e1 ser analisada no laborat\u00f3rio por difratometria de Raios X para determina\u00e7\u00e3o de s\u00edlica cristalizada.<strong>\u00a0<\/strong><\/p>\n<p><strong>Medidas de controle<\/strong><\/p>\n<p><img decoding=\"async\" class=\"aligncenter wp-image-731 lazyload\" data-src=\"https:\/\/prevenseg-treinamentos.com.br\/portaldaprevencao\/wp-content\/uploads\/2019\/02\/controle-dos-riscos-do-ambiente-de-trabalho.png\" alt=\"controle dos riscos no ambiente de trabalho\" width=\"593\" height=\"396\" data-srcset=\"https:\/\/prevenseg-treinamentos.com.br\/portaldaprevencao\/wp-content\/uploads\/2019\/02\/controle-dos-riscos-do-ambiente-de-trabalho.png 350w, https:\/\/prevenseg-treinamentos.com.br\/portaldaprevencao\/wp-content\/uploads\/2019\/02\/controle-dos-riscos-do-ambiente-de-trabalho-300x200.png 300w, https:\/\/prevenseg-treinamentos.com.br\/portaldaprevencao\/wp-content\/uploads\/2019\/02\/controle-dos-riscos-do-ambiente-de-trabalho-272x182.png 272w\" data-sizes=\"(max-width: 593px) 100vw, 593px\" src=\"data:image\/svg+xml;base64,PHN2ZyB3aWR0aD0iMSIgaGVpZ2h0PSIxIiB4bWxucz0iaHR0cDovL3d3dy53My5vcmcvMjAwMC9zdmciPjwvc3ZnPg==\" style=\"--smush-placeholder-width: 593px; --smush-placeholder-aspect-ratio: 593\/396;\" \/><\/p>\n<p>\u201cSegundo Tuffi, de acordo com os dados obtidos nas fases anteriores, esta etapa consiste em propor e adotar medidas que visam \u00e0 elimina\u00e7\u00e3o ou \u00e0 minimiza\u00e7\u00e3o do risco presente no ambiente.<\/p>\n<p>O controle dos agentes ambientais consiste na ado\u00e7\u00e3o de medidas relativas ao ambiente e ao homem\u201d.<\/p>\n<p>De forma simples, esta \u00e9 a fase que, com base no risco encontrado na fase de reconhecimento e o resultado da avalia\u00e7\u00e3o desse risco, adota-se medidas para control\u00e1-lo.<\/p>\n<p><strong>Essas medidas podem ser:<\/strong><\/p>\n<p>Coletivas;<\/p>\n<p>Administrativas e;<\/p>\n<p>Ado\u00e7\u00e3o de EPI \u2013 <strong><a href=\"https:\/\/prevenseg-treinamentos.com.br\/portaldaprevencao\/epis-o-que-fazer-se-o-empregado-nao-usar\/\" target=\"_blank\" rel=\"noopener noreferrer\">Equipamento de Prote\u00e7\u00e3o Individual;<\/a><\/strong><\/p>\n<p><strong>Medidas coletivas:<\/strong> s\u00e3o aquelas aplicadas na fonte ou na trajet\u00f3ria, podendo ser a substitui\u00e7\u00e3o de mat\u00e9ria prima poluente do ambiente, ventila\u00e7\u00e3o local exaustora, ventila\u00e7\u00e3o geral diluidora, enclausuramento de m\u00e1quina, forra\u00e7\u00e3o t\u00e9rmica, etc.<\/p>\n<p><strong>Medidas administrativas:<\/strong> compreende-se como medida administrativa, a limita\u00e7\u00e3o do tempo de exposi\u00e7\u00e3o do trabalhador ao agente agressor, os treinamentos orientando o trabalhador quanto ao risco e o cuidado, <strong><a href=\"https:\/\/prevenseg-treinamentos.com.br\/portaldaprevencao\/exame-admissional-conheca-os-5-exames-obrigatorios\/\" target=\"_blank\" rel=\"noopener noreferrer\">os exames m\u00e9dico admissional, peri\u00f3dico e demissional.<\/a><\/strong><\/p>\n<p><a href=\"https:\/\/prevenseg-treinamentos.com.br\/portaldaprevencao\/epis-o-que-fazer-se-o-empregado-nao-usar\/\" target=\"_blank\" rel=\"noopener noreferrer\"><strong>Ado\u00e7\u00e3o de EPI \u2013 Equipamento de Prote\u00e7\u00e3o Individual:<\/strong><\/a> essa medida deve ser a \u00faltima a ser adotada, pois, deve-se primeiramente adequar o ambiente ao trabalhador e n\u00e3o o trabalhador ao ambiente.<\/p>\n<p>Quando as medidas citadas anteriormente n\u00e3o s\u00e3o eficazes no controle do agente agressivo \u00e0 sa\u00fade do trabalhador, ou quando estas medidas estiverem sendo implantadas, pode e deve ser fornecido ao trabalhador o EPI em perfeitas condi\u00e7\u00f5es de uso, conforme o risco o qual o mesmo est\u00e1 exposto.<\/p>\n<p>Se voc\u00ea gostou do post de hoje, deixe a sua curtida abaixo e n\u00e3o deixe de compartilhar com outros leitores, amigos e familiares, para que mais pessoas tenham acesso \u00e0 esta informa\u00e7\u00e3o.<\/p>\n<p>At\u00e9 o pr\u00f3ximo artigo!<\/p>\n","protected":false},"excerpt":{"rendered":"<p>Quando falamos em higiene, logo somos levados ao pensamento de limpeza e a Higiene ocupacional tem esse papel, n\u00e3o limpeza de lavar algo, mas de manter o ambiente limpo de agentes agressivos \u00e0 sa\u00fade do trabalhador. A higiene ocupacional visa identificar, avaliar e controlar os riscos existentes no ambiente de trabalho, de forma a manter [&hellip;]<\/p>\n","protected":false},"author":1,"featured_media":729,"comment_status":"open","ping_status":"open","sticky":false,"template":"","format":"standard","meta":{"_exactmetrics_skip_tracking":false,"_exactmetrics_sitenote_active":false,"_exactmetrics_sitenote_note":"","_exactmetrics_sitenote_category":0,"footnotes":""},"categories":[5,1],"tags":[],"class_list":["post-725","post","type-post","status-publish","format-standard","has-post-thumbnail","hentry","category-medicina-do-trabalho","category-seguranca-do-trabalho"],"yoast_head":"<!-- This site is optimized with the Yoast SEO plugin v27.2 - https:\/\/yoast.com\/product\/yoast-seo-wordpress\/ -->\n<title>3 Fases da Higiene Ocupacional - Blog Portal da Preven\u00e7\u00e3o<\/title>\n<meta name=\"description\" content=\"A higiene ocupacional visa identificar, avaliar e controlar os riscos existentes no ambiente de trabalho, de forma a manter o local de trabalho...\" \/>\n<meta name=\"robots\" content=\"index, follow, max-snippet:-1, max-image-preview:large, max-video-preview:-1\" \/>\n<link rel=\"canonical\" href=\"https:\/\/prevenseg-treinamentos.com.br\/portaldaprevencao\/3-fases-da-higiene-ocupacional\/\" \/>\n<meta property=\"og:locale\" content=\"pt_PT\" \/>\n<meta property=\"og:type\" content=\"article\" \/>\n<meta property=\"og:title\" content=\"3 Fases da Higiene Ocupacional - Blog Portal da Preven\u00e7\u00e3o\" \/>\n<meta property=\"og:description\" content=\"A higiene ocupacional visa identificar, avaliar e controlar os riscos existentes no ambiente de trabalho, de forma a manter o local de trabalho...\" \/>\n<meta property=\"og:url\" content=\"https:\/\/prevenseg-treinamentos.com.br\/portaldaprevencao\/3-fases-da-higiene-ocupacional\/\" \/>\n<meta property=\"og:site_name\" content=\"Blog Portal da Preven\u00e7\u00e3o\" \/>\n<meta property=\"article:publisher\" content=\"https:\/\/www.facebook.com\/prevensetreinamentos\/\" \/>\n<meta property=\"article:author\" content=\"https:\/\/www.facebook.com\/prevensetreinamentos\/\" \/>\n<meta property=\"article:published_time\" content=\"2019-02-22T09:00:43+00:00\" \/>\n<meta property=\"article:modified_time\" content=\"2020-02-25T14:37:56+00:00\" \/>\n<meta property=\"og:image\" content=\"https:\/\/prevenseg-treinamentos.com.br\/portaldaprevencao\/wp-content\/uploads\/2019\/02\/higiene-ocupacional.png\" \/>\n\t<meta property=\"og:image:width\" content=\"400\" \/>\n\t<meta property=\"og:image:height\" content=\"225\" \/>\n\t<meta property=\"og:image:type\" content=\"image\/png\" \/>\n<meta name=\"author\" content=\"Diones Chelenper\" \/>\n<meta name=\"twitter:card\" content=\"summary_large_image\" \/>\n<meta name=\"twitter:label1\" content=\"Escrito por\" \/>\n\t<meta name=\"twitter:data1\" content=\"Diones Chelenper\" \/>\n\t<meta name=\"twitter:label2\" content=\"Tempo estimado de leitura\" \/>\n\t<meta name=\"twitter:data2\" content=\"6 minutos\" \/>\n<script type=\"application\/ld+json\" class=\"yoast-schema-graph\">{\"@context\":\"https:\/\/schema.org\",\"@graph\":[{\"@type\":\"Article\",\"@id\":\"https:\/\/prevenseg-treinamentos.com.br\/portaldaprevencao\/3-fases-da-higiene-ocupacional\/#article\",\"isPartOf\":{\"@id\":\"https:\/\/prevenseg-treinamentos.com.br\/portaldaprevencao\/3-fases-da-higiene-ocupacional\/\"},\"author\":{\"name\":\"Diones Chelenper\",\"@id\":\"https:\/\/prevenseg-treinamentos.com.br\/portaldaprevencao\/#\/schema\/person\/82746c4230fb6d2ee5c6dd79c0746488\"},\"headline\":\"3 Fases da Higiene Ocupacional\",\"datePublished\":\"2019-02-22T09:00:43+00:00\",\"dateModified\":\"2020-02-25T14:37:56+00:00\",\"mainEntityOfPage\":{\"@id\":\"https:\/\/prevenseg-treinamentos.com.br\/portaldaprevencao\/3-fases-da-higiene-ocupacional\/\"},\"wordCount\":1244,\"commentCount\":0,\"publisher\":{\"@id\":\"https:\/\/prevenseg-treinamentos.com.br\/portaldaprevencao\/#organization\"},\"image\":{\"@id\":\"https:\/\/prevenseg-treinamentos.com.br\/portaldaprevencao\/3-fases-da-higiene-ocupacional\/#primaryimage\"},\"thumbnailUrl\":\"https:\/\/prevenseg-treinamentos.com.br\/portaldaprevencao\/wp-content\/uploads\/2019\/02\/higiene-ocupacional.png\",\"articleSection\":[\"Medicina do Trabalho\",\"Seguran\u00e7a do Trabalho\"],\"inLanguage\":\"pt-PT\",\"potentialAction\":[{\"@type\":\"CommentAction\",\"name\":\"Comment\",\"target\":[\"https:\/\/prevenseg-treinamentos.com.br\/portaldaprevencao\/3-fases-da-higiene-ocupacional\/#respond\"]}]},{\"@type\":\"WebPage\",\"@id\":\"https:\/\/prevenseg-treinamentos.com.br\/portaldaprevencao\/3-fases-da-higiene-ocupacional\/\",\"url\":\"https:\/\/prevenseg-treinamentos.com.br\/portaldaprevencao\/3-fases-da-higiene-ocupacional\/\",\"name\":\"3 Fases da Higiene Ocupacional - Blog Portal da Preven\u00e7\u00e3o\",\"isPartOf\":{\"@id\":\"https:\/\/prevenseg-treinamentos.com.br\/portaldaprevencao\/#website\"},\"primaryImageOfPage\":{\"@id\":\"https:\/\/prevenseg-treinamentos.com.br\/portaldaprevencao\/3-fases-da-higiene-ocupacional\/#primaryimage\"},\"image\":{\"@id\":\"https:\/\/prevenseg-treinamentos.com.br\/portaldaprevencao\/3-fases-da-higiene-ocupacional\/#primaryimage\"},\"thumbnailUrl\":\"https:\/\/prevenseg-treinamentos.com.br\/portaldaprevencao\/wp-content\/uploads\/2019\/02\/higiene-ocupacional.png\",\"datePublished\":\"2019-02-22T09:00:43+00:00\",\"dateModified\":\"2020-02-25T14:37:56+00:00\",\"description\":\"A higiene ocupacional visa identificar, avaliar e controlar os riscos existentes no ambiente de trabalho, de forma a manter o local de trabalho...\",\"breadcrumb\":{\"@id\":\"https:\/\/prevenseg-treinamentos.com.br\/portaldaprevencao\/3-fases-da-higiene-ocupacional\/#breadcrumb\"},\"inLanguage\":\"pt-PT\",\"potentialAction\":[{\"@type\":\"ReadAction\",\"target\":[\"https:\/\/prevenseg-treinamentos.com.br\/portaldaprevencao\/3-fases-da-higiene-ocupacional\/\"]}]},{\"@type\":\"ImageObject\",\"inLanguage\":\"pt-PT\",\"@id\":\"https:\/\/prevenseg-treinamentos.com.br\/portaldaprevencao\/3-fases-da-higiene-ocupacional\/#primaryimage\",\"url\":\"https:\/\/prevenseg-treinamentos.com.br\/portaldaprevencao\/wp-content\/uploads\/2019\/02\/higiene-ocupacional.png\",\"contentUrl\":\"https:\/\/prevenseg-treinamentos.com.br\/portaldaprevencao\/wp-content\/uploads\/2019\/02\/higiene-ocupacional.png\",\"width\":400,\"height\":225,\"caption\":\"Higiene Ocupacional\"},{\"@type\":\"BreadcrumbList\",\"@id\":\"https:\/\/prevenseg-treinamentos.com.br\/portaldaprevencao\/3-fases-da-higiene-ocupacional\/#breadcrumb\",\"itemListElement\":[{\"@type\":\"ListItem\",\"position\":1,\"name\":\"In\u00edcio\",\"item\":\"https:\/\/prevenseg-treinamentos.com.br\/portaldaprevencao\/\"},{\"@type\":\"ListItem\",\"position\":2,\"name\":\"3 Fases da Higiene Ocupacional\"}]},{\"@type\":\"WebSite\",\"@id\":\"https:\/\/prevenseg-treinamentos.com.br\/portaldaprevencao\/#website\",\"url\":\"https:\/\/prevenseg-treinamentos.com.br\/portaldaprevencao\/\",\"name\":\"Portal da Preven\u00e7\u00e3o\",\"description\":\"Sa\u00fade e Seguran\u00e7a do Trabalho\",\"publisher\":{\"@id\":\"https:\/\/prevenseg-treinamentos.com.br\/portaldaprevencao\/#organization\"},\"potentialAction\":[{\"@type\":\"SearchAction\",\"target\":{\"@type\":\"EntryPoint\",\"urlTemplate\":\"https:\/\/prevenseg-treinamentos.com.br\/portaldaprevencao\/?s={search_term_string}\"},\"query-input\":{\"@type\":\"PropertyValueSpecification\",\"valueRequired\":true,\"valueName\":\"search_term_string\"}}],\"inLanguage\":\"pt-PT\"},{\"@type\":\"Organization\",\"@id\":\"https:\/\/prevenseg-treinamentos.com.br\/portaldaprevencao\/#organization\",\"name\":\"Prevenseg Treinamentos\",\"url\":\"https:\/\/prevenseg-treinamentos.com.br\/portaldaprevencao\/\",\"logo\":{\"@type\":\"ImageObject\",\"inLanguage\":\"pt-PT\",\"@id\":\"https:\/\/prevenseg-treinamentos.com.br\/portaldaprevencao\/#\/schema\/logo\/image\/\",\"url\":\"https:\/\/prevenseg-treinamentos.com.br\/portaldaprevencao\/wp-content\/uploads\/2018\/07\/LOGO-PHOTOSHOP.png\",\"contentUrl\":\"https:\/\/prevenseg-treinamentos.com.br\/portaldaprevencao\/wp-content\/uploads\/2018\/07\/LOGO-PHOTOSHOP.png\",\"width\":823,\"height\":448,\"caption\":\"Prevenseg Treinamentos\"},\"image\":{\"@id\":\"https:\/\/prevenseg-treinamentos.com.br\/portaldaprevencao\/#\/schema\/logo\/image\/\"},\"sameAs\":[\"https:\/\/www.facebook.com\/prevensetreinamentos\/\"]},{\"@type\":\"Person\",\"@id\":\"https:\/\/prevenseg-treinamentos.com.br\/portaldaprevencao\/#\/schema\/person\/82746c4230fb6d2ee5c6dd79c0746488\",\"name\":\"Diones Chelenper\",\"image\":{\"@type\":\"ImageObject\",\"inLanguage\":\"pt-PT\",\"@id\":\"https:\/\/secure.gravatar.com\/avatar\/ef4ffd41b20793ef13fd207b0fa9c50b201ef425c79c82cb66f41a0d59c0722c?s=96&d=mm&r=g\",\"url\":\"https:\/\/secure.gravatar.com\/avatar\/ef4ffd41b20793ef13fd207b0fa9c50b201ef425c79c82cb66f41a0d59c0722c?s=96&d=mm&r=g\",\"contentUrl\":\"https:\/\/secure.gravatar.com\/avatar\/ef4ffd41b20793ef13fd207b0fa9c50b201ef425c79c82cb66f41a0d59c0722c?s=96&d=mm&r=g\",\"caption\":\"Diones Chelenper\"},\"description\":\"Meu nome \u00e9 Diones Chelenper, sou profissional com forma\u00e7\u00e3o t\u00e9cnica na \u00e1rea de Seguran\u00e7a do Trabalho, Bombeiro Civil, Instrutor de Brigadas de Emerg\u00eancia e Supervisor de Trabalhos em Altura.\",\"sameAs\":[\"http:\/\/www.prevenseg-treinamentos.com.br\",\"https:\/\/www.facebook.com\/prevensetreinamentos\/\"],\"url\":\"https:\/\/prevenseg-treinamentos.com.br\/portaldaprevencao\/author\/administrador\/\"}]}<\/script>\n<!-- \/ Yoast SEO plugin. -->","yoast_head_json":{"title":"3 Fases da Higiene Ocupacional - Blog Portal da Preven\u00e7\u00e3o","description":"A higiene ocupacional visa identificar, avaliar e controlar os riscos existentes no ambiente de trabalho, de forma a manter o local de trabalho...","robots":{"index":"index","follow":"follow","max-snippet":"max-snippet:-1","max-image-preview":"max-image-preview:large","max-video-preview":"max-video-preview:-1"},"canonical":"https:\/\/prevenseg-treinamentos.com.br\/portaldaprevencao\/3-fases-da-higiene-ocupacional\/","og_locale":"pt_PT","og_type":"article","og_title":"3 Fases da Higiene Ocupacional - Blog Portal da Preven\u00e7\u00e3o","og_description":"A higiene ocupacional visa identificar, avaliar e controlar os riscos existentes no ambiente de trabalho, de forma a manter o local de trabalho...","og_url":"https:\/\/prevenseg-treinamentos.com.br\/portaldaprevencao\/3-fases-da-higiene-ocupacional\/","og_site_name":"Blog Portal da Preven\u00e7\u00e3o","article_publisher":"https:\/\/www.facebook.com\/prevensetreinamentos\/","article_author":"https:\/\/www.facebook.com\/prevensetreinamentos\/","article_published_time":"2019-02-22T09:00:43+00:00","article_modified_time":"2020-02-25T14:37:56+00:00","og_image":[{"width":400,"height":225,"url":"https:\/\/prevenseg-treinamentos.com.br\/portaldaprevencao\/wp-content\/uploads\/2019\/02\/higiene-ocupacional.png","type":"image\/png"}],"author":"Diones Chelenper","twitter_card":"summary_large_image","twitter_misc":{"Escrito por":"Diones Chelenper","Tempo estimado de leitura":"6 minutos"},"schema":{"@context":"https:\/\/schema.org","@graph":[{"@type":"Article","@id":"https:\/\/prevenseg-treinamentos.com.br\/portaldaprevencao\/3-fases-da-higiene-ocupacional\/#article","isPartOf":{"@id":"https:\/\/prevenseg-treinamentos.com.br\/portaldaprevencao\/3-fases-da-higiene-ocupacional\/"},"author":{"name":"Diones Chelenper","@id":"https:\/\/prevenseg-treinamentos.com.br\/portaldaprevencao\/#\/schema\/person\/82746c4230fb6d2ee5c6dd79c0746488"},"headline":"3 Fases da Higiene Ocupacional","datePublished":"2019-02-22T09:00:43+00:00","dateModified":"2020-02-25T14:37:56+00:00","mainEntityOfPage":{"@id":"https:\/\/prevenseg-treinamentos.com.br\/portaldaprevencao\/3-fases-da-higiene-ocupacional\/"},"wordCount":1244,"commentCount":0,"publisher":{"@id":"https:\/\/prevenseg-treinamentos.com.br\/portaldaprevencao\/#organization"},"image":{"@id":"https:\/\/prevenseg-treinamentos.com.br\/portaldaprevencao\/3-fases-da-higiene-ocupacional\/#primaryimage"},"thumbnailUrl":"https:\/\/prevenseg-treinamentos.com.br\/portaldaprevencao\/wp-content\/uploads\/2019\/02\/higiene-ocupacional.png","articleSection":["Medicina do Trabalho","Seguran\u00e7a do Trabalho"],"inLanguage":"pt-PT","potentialAction":[{"@type":"CommentAction","name":"Comment","target":["https:\/\/prevenseg-treinamentos.com.br\/portaldaprevencao\/3-fases-da-higiene-ocupacional\/#respond"]}]},{"@type":"WebPage","@id":"https:\/\/prevenseg-treinamentos.com.br\/portaldaprevencao\/3-fases-da-higiene-ocupacional\/","url":"https:\/\/prevenseg-treinamentos.com.br\/portaldaprevencao\/3-fases-da-higiene-ocupacional\/","name":"3 Fases da Higiene Ocupacional - Blog Portal da Preven\u00e7\u00e3o","isPartOf":{"@id":"https:\/\/prevenseg-treinamentos.com.br\/portaldaprevencao\/#website"},"primaryImageOfPage":{"@id":"https:\/\/prevenseg-treinamentos.com.br\/portaldaprevencao\/3-fases-da-higiene-ocupacional\/#primaryimage"},"image":{"@id":"https:\/\/prevenseg-treinamentos.com.br\/portaldaprevencao\/3-fases-da-higiene-ocupacional\/#primaryimage"},"thumbnailUrl":"https:\/\/prevenseg-treinamentos.com.br\/portaldaprevencao\/wp-content\/uploads\/2019\/02\/higiene-ocupacional.png","datePublished":"2019-02-22T09:00:43+00:00","dateModified":"2020-02-25T14:37:56+00:00","description":"A higiene ocupacional visa identificar, avaliar e controlar os riscos existentes no ambiente de trabalho, de forma a manter o local de trabalho...","breadcrumb":{"@id":"https:\/\/prevenseg-treinamentos.com.br\/portaldaprevencao\/3-fases-da-higiene-ocupacional\/#breadcrumb"},"inLanguage":"pt-PT","potentialAction":[{"@type":"ReadAction","target":["https:\/\/prevenseg-treinamentos.com.br\/portaldaprevencao\/3-fases-da-higiene-ocupacional\/"]}]},{"@type":"ImageObject","inLanguage":"pt-PT","@id":"https:\/\/prevenseg-treinamentos.com.br\/portaldaprevencao\/3-fases-da-higiene-ocupacional\/#primaryimage","url":"https:\/\/prevenseg-treinamentos.com.br\/portaldaprevencao\/wp-content\/uploads\/2019\/02\/higiene-ocupacional.png","contentUrl":"https:\/\/prevenseg-treinamentos.com.br\/portaldaprevencao\/wp-content\/uploads\/2019\/02\/higiene-ocupacional.png","width":400,"height":225,"caption":"Higiene Ocupacional"},{"@type":"BreadcrumbList","@id":"https:\/\/prevenseg-treinamentos.com.br\/portaldaprevencao\/3-fases-da-higiene-ocupacional\/#breadcrumb","itemListElement":[{"@type":"ListItem","position":1,"name":"In\u00edcio","item":"https:\/\/prevenseg-treinamentos.com.br\/portaldaprevencao\/"},{"@type":"ListItem","position":2,"name":"3 Fases da Higiene Ocupacional"}]},{"@type":"WebSite","@id":"https:\/\/prevenseg-treinamentos.com.br\/portaldaprevencao\/#website","url":"https:\/\/prevenseg-treinamentos.com.br\/portaldaprevencao\/","name":"Portal da Preven\u00e7\u00e3o","description":"Sa\u00fade e Seguran\u00e7a do Trabalho","publisher":{"@id":"https:\/\/prevenseg-treinamentos.com.br\/portaldaprevencao\/#organization"},"potentialAction":[{"@type":"SearchAction","target":{"@type":"EntryPoint","urlTemplate":"https:\/\/prevenseg-treinamentos.com.br\/portaldaprevencao\/?s={search_term_string}"},"query-input":{"@type":"PropertyValueSpecification","valueRequired":true,"valueName":"search_term_string"}}],"inLanguage":"pt-PT"},{"@type":"Organization","@id":"https:\/\/prevenseg-treinamentos.com.br\/portaldaprevencao\/#organization","name":"Prevenseg Treinamentos","url":"https:\/\/prevenseg-treinamentos.com.br\/portaldaprevencao\/","logo":{"@type":"ImageObject","inLanguage":"pt-PT","@id":"https:\/\/prevenseg-treinamentos.com.br\/portaldaprevencao\/#\/schema\/logo\/image\/","url":"https:\/\/prevenseg-treinamentos.com.br\/portaldaprevencao\/wp-content\/uploads\/2018\/07\/LOGO-PHOTOSHOP.png","contentUrl":"https:\/\/prevenseg-treinamentos.com.br\/portaldaprevencao\/wp-content\/uploads\/2018\/07\/LOGO-PHOTOSHOP.png","width":823,"height":448,"caption":"Prevenseg Treinamentos"},"image":{"@id":"https:\/\/prevenseg-treinamentos.com.br\/portaldaprevencao\/#\/schema\/logo\/image\/"},"sameAs":["https:\/\/www.facebook.com\/prevensetreinamentos\/"]},{"@type":"Person","@id":"https:\/\/prevenseg-treinamentos.com.br\/portaldaprevencao\/#\/schema\/person\/82746c4230fb6d2ee5c6dd79c0746488","name":"Diones Chelenper","image":{"@type":"ImageObject","inLanguage":"pt-PT","@id":"https:\/\/secure.gravatar.com\/avatar\/ef4ffd41b20793ef13fd207b0fa9c50b201ef425c79c82cb66f41a0d59c0722c?s=96&d=mm&r=g","url":"https:\/\/secure.gravatar.com\/avatar\/ef4ffd41b20793ef13fd207b0fa9c50b201ef425c79c82cb66f41a0d59c0722c?s=96&d=mm&r=g","contentUrl":"https:\/\/secure.gravatar.com\/avatar\/ef4ffd41b20793ef13fd207b0fa9c50b201ef425c79c82cb66f41a0d59c0722c?s=96&d=mm&r=g","caption":"Diones Chelenper"},"description":"Meu nome \u00e9 Diones Chelenper, sou profissional com forma\u00e7\u00e3o t\u00e9cnica na \u00e1rea de Seguran\u00e7a do Trabalho, Bombeiro Civil, Instrutor de Brigadas de Emerg\u00eancia e Supervisor de Trabalhos em Altura.","sameAs":["http:\/\/www.prevenseg-treinamentos.com.br","https:\/\/www.facebook.com\/prevensetreinamentos\/"],"url":"https:\/\/prevenseg-treinamentos.com.br\/portaldaprevencao\/author\/administrador\/"}]}},"post_mailing_queue_ids":[],"_links":{"self":[{"href":"https:\/\/prevenseg-treinamentos.com.br\/portaldaprevencao\/wp-json\/wp\/v2\/posts\/725","targetHints":{"allow":["GET"]}}],"collection":[{"href":"https:\/\/prevenseg-treinamentos.com.br\/portaldaprevencao\/wp-json\/wp\/v2\/posts"}],"about":[{"href":"https:\/\/prevenseg-treinamentos.com.br\/portaldaprevencao\/wp-json\/wp\/v2\/types\/post"}],"author":[{"embeddable":true,"href":"https:\/\/prevenseg-treinamentos.com.br\/portaldaprevencao\/wp-json\/wp\/v2\/users\/1"}],"replies":[{"embeddable":true,"href":"https:\/\/prevenseg-treinamentos.com.br\/portaldaprevencao\/wp-json\/wp\/v2\/comments?post=725"}],"version-history":[{"count":1,"href":"https:\/\/prevenseg-treinamentos.com.br\/portaldaprevencao\/wp-json\/wp\/v2\/posts\/725\/revisions"}],"predecessor-version":[{"id":1080,"href":"https:\/\/prevenseg-treinamentos.com.br\/portaldaprevencao\/wp-json\/wp\/v2\/posts\/725\/revisions\/1080"}],"wp:featuredmedia":[{"embeddable":true,"href":"https:\/\/prevenseg-treinamentos.com.br\/portaldaprevencao\/wp-json\/wp\/v2\/media\/729"}],"wp:attachment":[{"href":"https:\/\/prevenseg-treinamentos.com.br\/portaldaprevencao\/wp-json\/wp\/v2\/media?parent=725"}],"wp:term":[{"taxonomy":"category","embeddable":true,"href":"https:\/\/prevenseg-treinamentos.com.br\/portaldaprevencao\/wp-json\/wp\/v2\/categories?post=725"},{"taxonomy":"post_tag","embeddable":true,"href":"https:\/\/prevenseg-treinamentos.com.br\/portaldaprevencao\/wp-json\/wp\/v2\/tags?post=725"}],"curies":[{"name":"wp","href":"https:\/\/api.w.org\/{rel}","templated":true}]}}