{"id":65,"date":"2018-07-19T01:20:32","date_gmt":"2018-07-19T01:20:32","guid":{"rendered":"https:\/\/prevenseg-treinamentos.com.br\/portaldaprevencao\/?p=65"},"modified":"2020-02-25T14:52:30","modified_gmt":"2020-02-25T17:52:30","slug":"rescisao-indireta-do-contrato-de-trabalho","status":"publish","type":"post","link":"https:\/\/prevenseg-treinamentos.com.br\/portaldaprevencao\/rescisao-indireta-do-contrato-de-trabalho\/","title":{"rendered":"O que \u00e9 Rescis\u00e3o Indireta do Contrato de Trabalho?"},"content":{"rendered":"<p>Voc\u00ea sabe o que \u00e9 rescis\u00e3o indireta do contrato de trabalho?<\/p>\n<p>Leia o artigo abaixo, saiba o que \u00e9 e o que caracteriza rescis\u00e3o indireta do contrato de trabalho.<\/p>\n<p>Se a empresa ou o empregador n\u00e3o cumprir contrato de trabalho firmado com empregado, este pode entrar com a\u00e7\u00e3o trabalhista, pleiteado rescis\u00e3o indireta, garantindo seus direitos conforme Leis trabalhistas.<\/p>\n<p><img fetchpriority=\"high\" decoding=\"async\" class=\"aligncenter wp-image-77\" src=\"https:\/\/prevenseg-treinamentos.com.br\/portaldaprevencao\/wp-content\/uploads\/2018\/07\/CONTRATO1.jpg\" alt=\"CONTRATO DE TRABALHO\" width=\"661\" height=\"321\" \/><\/p>\n<p>O empregado pode exercer o direito da rescis\u00e3o indireta do contrato de trabalho, chamada &#8220;justa causa patronal&#8221; pelo ministro Renato de Lacerda Paiva, quando o empregador cometer falta grave em rela\u00e7\u00e3o a este.<\/p>\n<p>A falta grave pode ser caracterizada pelo n\u00e3o cumprimento da lei ou das condi\u00e7\u00f5es contratuais por parte do empregador.<\/p>\n<p><a href=\"https:\/\/www.jusbrasil.com.br\/topicos\/10711876\/artigo-468-do-decreto-lei-n-5452-de-01-de-maio-de-1943\" target=\"_blank\" rel=\"noopener noreferrer\">Segundo Art. 468 da CLT<\/a>, o contrato individual de trabalho n\u00e3o pode ser alterado sem consentimento de ambas as partes, empregador e empregado.<\/p>\n<p>&#8220;Art. 468 &#8211; Nos contratos individuais de trabalho s\u00f3 \u00e9 l\u00edcita a altera\u00e7\u00e3o das respectivas condi\u00e7\u00f5es por m\u00fatuo consentimento, e ainda assim desde que n\u00e3o resultem, direta ou indiretamente, preju\u00edzos ao empregado, sob pena de nulidade da cl\u00e1usula infringente desta garantia&#8221;.<\/p>\n<p>Par\u00e1grafo \u00fanico &#8211; &#8220;N\u00e3o se considera altera\u00e7\u00e3o unilateral a determina\u00e7\u00e3o do empregador para que o respectivo empregado reverta ao cargo efetivo, anteriormente ocupado, deixando o exerc\u00edcio de fun\u00e7\u00e3o de confian\u00e7a&#8221;.<\/p>\n<p>\u00c9 denominada rescis\u00e3o indireta porque a empresa ou empregador n\u00e3o demite o empregado, mas torna imposs\u00edvel a continua\u00e7\u00e3o da presta\u00e7\u00e3o do servi\u00e7o por parte do empregado, o qual nesse caso pode solicitar rescis\u00e3o contratual.<\/p>\n<p>Para ser reconhecida, a rescis\u00e3o indireta deve se encaixar em algumas das situa\u00e7\u00f5es listadas pelo Art. 483 da CLT.<\/p>\n<p>&#8220;Art. 483 &#8211; O empregado poder\u00e1 considerar rescindido o contrato e pleitear a devida indeniza\u00e7\u00e3o quando:<\/p>\n<p>a) forem exigidos servi\u00e7os superiores \u00e0s suas for\u00e7as, defesos por lei, contr\u00e1rios aos bons costumes, ou alheios ao contrato;<\/p>\n<p>b) for tratado pelo empregador ou por seus superiores hier\u00e1rquicos com rigor excessivo;<\/p>\n<p>c) correr perigo manifesto de mal consider\u00e1vel;<\/p>\n<p>d) n\u00e3o cumprir o empregador as obriga\u00e7\u00f5es do contrato;<\/p>\n<p>e) praticar o empregador ou seus prepostos, contra ele ou pessoas de sua fam\u00edlia, ato lesivo da honra e boa fama;<\/p>\n<p>f) o empregador ou seus prepostos ofenderem-no fisicamente, salvo em caso de leg\u00edtima defesa, pr\u00f3pria ou de outrem;<\/p>\n<p>g) o empregador reduzir o seu trabalho, sendo este por pe\u00e7a ou tarefa, de forma a afetar sensivelmente a import\u00e2ncia dos sal\u00e1rios&#8221;.<\/p>\n<p>&#8220;\u00a7 1\u00ba &#8211; O empregado poder\u00e1 suspender a presta\u00e7\u00e3o dos servi\u00e7os ou rescindir o contrato, quando tiver de desempenhar obriga\u00e7\u00f5es legais, incompat\u00edveis com a continua\u00e7\u00e3o do servi\u00e7o.<\/p>\n<p>\u00a7 2\u00ba &#8211; No caso de morte do empregador constitu\u00eddo em empresa individual, \u00e9 facultado ao empregado rescindir o contrato de trabalho.<\/p>\n<p>\u00a7 3\u00ba &#8211; Nas hip\u00f3teses das letras d e g, poder\u00e1 o empregado pleitear a rescis\u00e3o de seu contrato de trabalho e o pagamento das respectivas indeniza\u00e7\u00f5es, permanecendo ou n\u00e3o no servi\u00e7o at\u00e9 final decis\u00e3o do processo&#8221;.<\/p>\n<p>Se for reconhecida em ju\u00edzo como rescis\u00e3o indireta, o empregador tem que pagar todas as verbas rescis\u00f3rias ao ex-funcion\u00e1rio, inclusive os 40% sobre o FGTS. Isso porque a rescis\u00e3o ocorreu devida a quebra de contrato por parte do empregador.<\/p>\n<h3><em>Rescis\u00e3o indireta deferida<\/em><\/h3>\n<p><img decoding=\"async\" class=\"aligncenter wp-image-82 lazyload\" data-src=\"https:\/\/prevenseg-treinamentos.com.br\/portaldaprevencao\/wp-content\/uploads\/2018\/07\/CONTRATO1-1.jpg\" alt=\"CONTRATO DE TRABALHO\" width=\"662\" height=\"382\" data-srcset=\"https:\/\/prevenseg-treinamentos.com.br\/portaldaprevencao\/wp-content\/uploads\/2018\/07\/CONTRATO1-1.jpg 350w, https:\/\/prevenseg-treinamentos.com.br\/portaldaprevencao\/wp-content\/uploads\/2018\/07\/CONTRATO1-1-300x173.jpg 300w\" data-sizes=\"(max-width: 662px) 100vw, 662px\" src=\"data:image\/svg+xml;base64,PHN2ZyB3aWR0aD0iMSIgaGVpZ2h0PSIxIiB4bWxucz0iaHR0cDovL3d3dy53My5vcmcvMjAwMC9zdmciPjwvc3ZnPg==\" style=\"--smush-placeholder-width: 662px; --smush-placeholder-aspect-ratio: 662\/382;\" \/><\/p>\n<p>Um exemplo de rescis\u00e3o indireta e que foi deferida, aconteceu em (20\/03\/2017) e foi reconhecida pela Primeira Turma do Tribunal Superior do Trabalho, onde a empresa Go2 Design Inform\u00e1tica Ltda, foi condenada a pagar indeniza\u00e7\u00e3o por dano moral no valor de R$ 3 mil a uma supervisora de vendas, devido conduta de s\u00f3cio em usar maconha entre os funcion\u00e1rios, considerada como falta grave tal atitude.<\/p>\n<p>Foram v\u00e1rios os motivos que levou a funcion\u00e1ria pedir rescis\u00e3o indireta do contrato, tais como: o n\u00e3o pagamento de comiss\u00f5es e reten\u00e7\u00e3o da CTPS, mas, segundo ela, o \u201cestopim\u201d foi o comportamento do propriet\u00e1rio em usar a droga, inclusive em reuni\u00f5es com a equipe.<\/p>\n<p>Al\u00e9m de n\u00e3o concordar com atitude do superior, a funcion\u00e1ria alegou se tornar usu\u00e1ria passiva, mesmo n\u00e3o concordando.<\/p>\n<h3><em>Rescis\u00e3o indireta indeferida<\/em><\/h3>\n<p>Nem todas as situa\u00e7\u00f5es desagrad\u00e1veis ao empregado podem ser motivo de rescis\u00e3o indireta. \u00c9 o caso, por exemplo, de um empregado transferido de S\u00e3o Paulo para Campinas ap\u00f3s 12 anos de trabalho na capital paulista. Para o TST, n\u00e3o houve rescis\u00e3o indireta, pois, o contrato de emprego previa a transfer\u00eancia de local de presta\u00e7\u00e3o de servi\u00e7os.<\/p>\n<p>Frustrada tamb\u00e9m foi a tentativa de duas empregadas demitidas por justa causa por abandono de emprego porque deixaram de comparecer ao servi\u00e7o ap\u00f3s terem descoberto que, no banheiro que utilizavam, havia um buraco pelo qual os colegas homens as espionavam. Segundo contaram em ju\u00edzo, depois de reclamarem a seus superiores e nada ter sido feito, elas registraram boletim de ocorr\u00eancia e n\u00e3o mais retornaram ao trabalho.<\/p>\n<p>Ap\u00f3s a demiss\u00e3o, elas ajuizaram a reclama\u00e7\u00e3o para converter a demiss\u00e3o pelo abandono de emprego em rescis\u00e3o indireta, mas perderam a causa. Pelas provas produzidas nos autos, suas alega\u00e7\u00f5es n\u00e3o convenceram, pois, o buraco era t\u00e3o pequeno que apenas vultos podiam ser vistos atrav\u00e9s dele. Na senten\u00e7a, o juiz reconheceu a rescis\u00e3o por justa causa. A decis\u00e3o foi mantida em todas as inst\u00e2ncias da Justi\u00e7a do Trabalho.<\/p>\n<h3><em>Menor aprendiz<\/em><\/h3>\n<p><img decoding=\"async\" class=\"aligncenter wp-image-83 lazyload\" data-src=\"https:\/\/prevenseg-treinamentos.com.br\/portaldaprevencao\/wp-content\/uploads\/2018\/07\/MENOR1.jpg\" alt=\"MENOR APRENDIZ\" width=\"662\" height=\"378\" data-srcset=\"https:\/\/prevenseg-treinamentos.com.br\/portaldaprevencao\/wp-content\/uploads\/2018\/07\/MENOR1.jpg 350w, https:\/\/prevenseg-treinamentos.com.br\/portaldaprevencao\/wp-content\/uploads\/2018\/07\/MENOR1-300x171.jpg 300w\" data-sizes=\"(max-width: 662px) 100vw, 662px\" src=\"data:image\/svg+xml;base64,PHN2ZyB3aWR0aD0iMSIgaGVpZ2h0PSIxIiB4bWxucz0iaHR0cDovL3d3dy53My5vcmcvMjAwMC9zdmciPjwvc3ZnPg==\" style=\"--smush-placeholder-width: 662px; --smush-placeholder-aspect-ratio: 662\/378;\" \/><\/p>\n<p>No caso de menor aprendiz, caso seja verificado pela autoridade competente que o trabalho est\u00e1 sendo prejudicial a sua sa\u00fade, integridade f\u00edsica e sua moralidade, poder\u00e1 obrigar a abandonar o servi\u00e7o, devendo a empresa proporcionar mudan\u00e7a de fun\u00e7\u00e3o, conforme Art. 407 da CLT. Se a empresa n\u00e3o tomar as medidas para que o menor mude de fun\u00e7\u00e3o, o contrato ser\u00e1 rescindido conforme Art. 483 da CLT.<\/p>\n<p>&#8220;Art. 407 &#8211; Verificado pela autoridade competente que o trabalho executado pelo menor \u00e9 prejudicial \u00e0 sua sa\u00fade, ao seu desenvolvimento f\u00edsico ou a sua moralidade, poder\u00e1 ela obrig\u00e1-lo a abandonar o servi\u00e7o, devendo a respectiva empresa, quando for o caso, proporcionar ao menor todas as facilidades para mudar de fun\u00e7\u00f5es&#8221;.<\/p>\n<p>&#8220;Par\u00e1grafo \u00fanico &#8211; Quando a empresa n\u00e3o tomar as medidas poss\u00edveis e recomendadas pela autoridade competente para que o menor mude de fun\u00e7\u00e3o, configurar-se-\u00e1 a rescis\u00e3o do contrato de trabalho, na forma do art. 483&#8221;.<\/p>\n<h3><em>Procedimento para caracteriza\u00e7\u00e3o de rescis\u00e3o indireta do contrato de trabalho<\/em><\/h3>\n<p>Vale lembra que para caracterizar pedido indireto de rescis\u00e3o de contrato de trabalho, o empregado ter\u00e1 que mover a\u00e7\u00e3o trabalhista, onde o poder judici\u00e1rio declarar\u00e1 a rescis\u00e3o indireta por culpa do empregador, em decorr\u00eancia de falta grave do empregador, onde o mesmo ser\u00e1 notificado da situa\u00e7\u00e3o.<\/p>\n<p>Se o trabalhador se ausentar do trabalho e n\u00e3o cumprir estes procedimentos, poder\u00e1 o empregador considerar como abandono do trabalho, e nesse caso o empregado poder\u00e1 ser demitido por justa causa.<\/p>\n<p>O empregado poder\u00e1 permanecer trabalhando enquanto pleitear rescis\u00e3o de contrato e poss\u00edveis indeniza\u00e7\u00f5es at\u00e9 o final do processo, apenas nas situa\u00e7\u00f5es citadas nas al\u00edneas \u201cd\u201d e \u201cg\u201d do art. 483 da CLT. Nos demais casos dever\u00e1 retira-se da empresa, podendo ter sua reclama\u00e7\u00e3o n\u00e3o reconhecida.<\/p>\n<p>Conforme previsto na legisla\u00e7\u00e3o as hip\u00f3teses acima, o empregado poder\u00e1 optar por aguardar o julgamento sem manter o v\u00ednculo empregat\u00edcio, por\u00e9m, corre o risco de perder a causa e perder tamb\u00e9m o emprego por abandono.<\/p>\n<p>CLT, Art. 483 &#8211; &#8220;O empregado poder\u00e1 considerar rescindindo o contrato e pleitear a devida indeniza\u00e7\u00e3o quando:<\/p>\n<p>d) n\u00e3o cumprir o empregador as obriga\u00e7\u00f5es do contrato;<\/p>\n<p>&#8230;..<\/p>\n<p>g) o empregador reduzir o seu trabalho, sendo este por pe\u00e7a ou tarefa, de forma a afetar sensivelmente a import\u00e2ncia dos sal\u00e1rios\u201d.<\/p>\n<p>O empregado deve ter em mente que caso mova a\u00e7\u00e3o trabalhista, pedindo rescis\u00e3o indireta de contrato de trabalho, ter\u00e1 que provar o ato grave e faltoso por parte do empregador, seja atrav\u00e9s de provas documentais ou testemunhais.<\/p>\n<p>Se voc\u00ea gostou do post de hoje, deixe a sua curtida abaixo e n\u00e3o deixe de compartilhar com outros leitores, amigos e familiares, para que mais pessoas tenham acesso \u00e0 esta informa\u00e7\u00e3o.<\/p>\n<p>At\u00e9 o pr\u00f3ximo artigo!<\/p>\n<p>Fonte: Tribunal Superior do Trabalho \u2013 Guia Trabalhista \u2013 Consolida\u00e7\u00e3o da Leis Trabalhistas (CLT) \u2013 JusBrasil<\/p>\n","protected":false},"excerpt":{"rendered":"<p>Voc\u00ea sabe o que \u00e9 rescis\u00e3o indireta do contrato de trabalho? Leia o artigo abaixo, saiba o que \u00e9 e o que caracteriza rescis\u00e3o indireta do contrato de trabalho. Se a empresa ou o empregador n\u00e3o cumprir contrato de trabalho firmado com empregado, este pode entrar com a\u00e7\u00e3o trabalhista, pleiteado rescis\u00e3o indireta, garantindo seus direitos [&hellip;]<\/p>\n","protected":false},"author":1,"featured_media":77,"comment_status":"open","ping_status":"open","sticky":false,"template":"","format":"standard","meta":{"_exactmetrics_skip_tracking":false,"_exactmetrics_sitenote_active":false,"_exactmetrics_sitenote_note":"","_exactmetrics_sitenote_category":0,"footnotes":""},"categories":[1],"tags":[],"class_list":["post-65","post","type-post","status-publish","format-standard","has-post-thumbnail","hentry","category-seguranca-do-trabalho"],"yoast_head":"<!-- This site is optimized with the Yoast SEO plugin v27.2 - https:\/\/yoast.com\/product\/yoast-seo-wordpress\/ -->\n<title>O que \u00e9 Rescis\u00e3o Indireta do Contrato de Trabalho? - Blog Portal da Preven\u00e7\u00e3o<\/title>\n<meta name=\"description\" content=\"O empregado pode exercer o direito da rescis\u00e3o indireta do contrato de trabalho, quando o empregador cometer falta grave em rela\u00e7\u00e3o a este. Leia mais...\" \/>\n<meta name=\"robots\" content=\"index, follow, max-snippet:-1, max-image-preview:large, max-video-preview:-1\" \/>\n<link rel=\"canonical\" href=\"https:\/\/prevenseg-treinamentos.com.br\/portaldaprevencao\/rescisao-indireta-do-contrato-de-trabalho\/\" \/>\n<meta property=\"og:locale\" content=\"pt_PT\" \/>\n<meta property=\"og:type\" content=\"article\" \/>\n<meta property=\"og:title\" content=\"O que \u00e9 Rescis\u00e3o Indireta do Contrato de Trabalho? - Blog Portal da Preven\u00e7\u00e3o\" \/>\n<meta property=\"og:description\" content=\"O empregado pode exercer o direito da rescis\u00e3o indireta do contrato de trabalho, quando o empregador cometer falta grave em rela\u00e7\u00e3o a este. Leia mais...\" \/>\n<meta property=\"og:url\" content=\"https:\/\/prevenseg-treinamentos.com.br\/portaldaprevencao\/rescisao-indireta-do-contrato-de-trabalho\/\" \/>\n<meta property=\"og:site_name\" content=\"Blog Portal da Preven\u00e7\u00e3o\" \/>\n<meta property=\"article:publisher\" content=\"https:\/\/www.facebook.com\/prevensetreinamentos\/\" \/>\n<meta property=\"article:author\" content=\"https:\/\/www.facebook.com\/prevensetreinamentos\/\" \/>\n<meta property=\"article:published_time\" content=\"2018-07-19T01:20:32+00:00\" \/>\n<meta property=\"article:modified_time\" content=\"2020-02-25T17:52:30+00:00\" \/>\n<meta property=\"og:image\" content=\"https:\/\/prevenseg-treinamentos.com.br\/portaldaprevencao\/wp-content\/uploads\/2018\/07\/CONTRATO1.jpg\" \/>\n\t<meta property=\"og:image:width\" content=\"350\" \/>\n\t<meta property=\"og:image:height\" content=\"200\" \/>\n\t<meta property=\"og:image:type\" content=\"image\/jpeg\" \/>\n<meta name=\"author\" content=\"Diones Chelenper\" \/>\n<meta name=\"twitter:card\" content=\"summary_large_image\" \/>\n<meta name=\"twitter:label1\" content=\"Escrito por\" \/>\n\t<meta name=\"twitter:data1\" content=\"Diones Chelenper\" \/>\n\t<meta name=\"twitter:label2\" content=\"Tempo estimado de leitura\" \/>\n\t<meta name=\"twitter:data2\" content=\"7 minutos\" \/>\n<script type=\"application\/ld+json\" class=\"yoast-schema-graph\">{\"@context\":\"https:\/\/schema.org\",\"@graph\":[{\"@type\":\"Article\",\"@id\":\"https:\/\/prevenseg-treinamentos.com.br\/portaldaprevencao\/rescisao-indireta-do-contrato-de-trabalho\/#article\",\"isPartOf\":{\"@id\":\"https:\/\/prevenseg-treinamentos.com.br\/portaldaprevencao\/rescisao-indireta-do-contrato-de-trabalho\/\"},\"author\":{\"name\":\"Diones Chelenper\",\"@id\":\"https:\/\/prevenseg-treinamentos.com.br\/portaldaprevencao\/#\/schema\/person\/82746c4230fb6d2ee5c6dd79c0746488\"},\"headline\":\"O que \u00e9 Rescis\u00e3o Indireta do Contrato de Trabalho?\",\"datePublished\":\"2018-07-19T01:20:32+00:00\",\"dateModified\":\"2020-02-25T17:52:30+00:00\",\"mainEntityOfPage\":{\"@id\":\"https:\/\/prevenseg-treinamentos.com.br\/portaldaprevencao\/rescisao-indireta-do-contrato-de-trabalho\/\"},\"wordCount\":1431,\"commentCount\":0,\"publisher\":{\"@id\":\"https:\/\/prevenseg-treinamentos.com.br\/portaldaprevencao\/#organization\"},\"image\":{\"@id\":\"https:\/\/prevenseg-treinamentos.com.br\/portaldaprevencao\/rescisao-indireta-do-contrato-de-trabalho\/#primaryimage\"},\"thumbnailUrl\":\"https:\/\/prevenseg-treinamentos.com.br\/portaldaprevencao\/wp-content\/uploads\/2018\/07\/CONTRATO1.jpg\",\"articleSection\":[\"Seguran\u00e7a do Trabalho\"],\"inLanguage\":\"pt-PT\",\"potentialAction\":[{\"@type\":\"CommentAction\",\"name\":\"Comment\",\"target\":[\"https:\/\/prevenseg-treinamentos.com.br\/portaldaprevencao\/rescisao-indireta-do-contrato-de-trabalho\/#respond\"]}]},{\"@type\":\"WebPage\",\"@id\":\"https:\/\/prevenseg-treinamentos.com.br\/portaldaprevencao\/rescisao-indireta-do-contrato-de-trabalho\/\",\"url\":\"https:\/\/prevenseg-treinamentos.com.br\/portaldaprevencao\/rescisao-indireta-do-contrato-de-trabalho\/\",\"name\":\"O que \u00e9 Rescis\u00e3o Indireta do Contrato de Trabalho? - Blog Portal da Preven\u00e7\u00e3o\",\"isPartOf\":{\"@id\":\"https:\/\/prevenseg-treinamentos.com.br\/portaldaprevencao\/#website\"},\"primaryImageOfPage\":{\"@id\":\"https:\/\/prevenseg-treinamentos.com.br\/portaldaprevencao\/rescisao-indireta-do-contrato-de-trabalho\/#primaryimage\"},\"image\":{\"@id\":\"https:\/\/prevenseg-treinamentos.com.br\/portaldaprevencao\/rescisao-indireta-do-contrato-de-trabalho\/#primaryimage\"},\"thumbnailUrl\":\"https:\/\/prevenseg-treinamentos.com.br\/portaldaprevencao\/wp-content\/uploads\/2018\/07\/CONTRATO1.jpg\",\"datePublished\":\"2018-07-19T01:20:32+00:00\",\"dateModified\":\"2020-02-25T17:52:30+00:00\",\"description\":\"O empregado pode exercer o direito da rescis\u00e3o indireta do contrato de trabalho, quando o empregador cometer falta grave em rela\u00e7\u00e3o a este. Leia mais...\",\"breadcrumb\":{\"@id\":\"https:\/\/prevenseg-treinamentos.com.br\/portaldaprevencao\/rescisao-indireta-do-contrato-de-trabalho\/#breadcrumb\"},\"inLanguage\":\"pt-PT\",\"potentialAction\":[{\"@type\":\"ReadAction\",\"target\":[\"https:\/\/prevenseg-treinamentos.com.br\/portaldaprevencao\/rescisao-indireta-do-contrato-de-trabalho\/\"]}]},{\"@type\":\"ImageObject\",\"inLanguage\":\"pt-PT\",\"@id\":\"https:\/\/prevenseg-treinamentos.com.br\/portaldaprevencao\/rescisao-indireta-do-contrato-de-trabalho\/#primaryimage\",\"url\":\"https:\/\/prevenseg-treinamentos.com.br\/portaldaprevencao\/wp-content\/uploads\/2018\/07\/CONTRATO1.jpg\",\"contentUrl\":\"https:\/\/prevenseg-treinamentos.com.br\/portaldaprevencao\/wp-content\/uploads\/2018\/07\/CONTRATO1.jpg\",\"width\":350,\"height\":200,\"caption\":\"CAT\"},{\"@type\":\"BreadcrumbList\",\"@id\":\"https:\/\/prevenseg-treinamentos.com.br\/portaldaprevencao\/rescisao-indireta-do-contrato-de-trabalho\/#breadcrumb\",\"itemListElement\":[{\"@type\":\"ListItem\",\"position\":1,\"name\":\"In\u00edcio\",\"item\":\"https:\/\/prevenseg-treinamentos.com.br\/portaldaprevencao\/\"},{\"@type\":\"ListItem\",\"position\":2,\"name\":\"O que \u00e9 Rescis\u00e3o Indireta do Contrato de Trabalho?\"}]},{\"@type\":\"WebSite\",\"@id\":\"https:\/\/prevenseg-treinamentos.com.br\/portaldaprevencao\/#website\",\"url\":\"https:\/\/prevenseg-treinamentos.com.br\/portaldaprevencao\/\",\"name\":\"Portal da Preven\u00e7\u00e3o\",\"description\":\"Sa\u00fade e Seguran\u00e7a do Trabalho\",\"publisher\":{\"@id\":\"https:\/\/prevenseg-treinamentos.com.br\/portaldaprevencao\/#organization\"},\"potentialAction\":[{\"@type\":\"SearchAction\",\"target\":{\"@type\":\"EntryPoint\",\"urlTemplate\":\"https:\/\/prevenseg-treinamentos.com.br\/portaldaprevencao\/?s={search_term_string}\"},\"query-input\":{\"@type\":\"PropertyValueSpecification\",\"valueRequired\":true,\"valueName\":\"search_term_string\"}}],\"inLanguage\":\"pt-PT\"},{\"@type\":\"Organization\",\"@id\":\"https:\/\/prevenseg-treinamentos.com.br\/portaldaprevencao\/#organization\",\"name\":\"Prevenseg Treinamentos\",\"url\":\"https:\/\/prevenseg-treinamentos.com.br\/portaldaprevencao\/\",\"logo\":{\"@type\":\"ImageObject\",\"inLanguage\":\"pt-PT\",\"@id\":\"https:\/\/prevenseg-treinamentos.com.br\/portaldaprevencao\/#\/schema\/logo\/image\/\",\"url\":\"https:\/\/prevenseg-treinamentos.com.br\/portaldaprevencao\/wp-content\/uploads\/2018\/07\/LOGO-PHOTOSHOP.png\",\"contentUrl\":\"https:\/\/prevenseg-treinamentos.com.br\/portaldaprevencao\/wp-content\/uploads\/2018\/07\/LOGO-PHOTOSHOP.png\",\"width\":823,\"height\":448,\"caption\":\"Prevenseg Treinamentos\"},\"image\":{\"@id\":\"https:\/\/prevenseg-treinamentos.com.br\/portaldaprevencao\/#\/schema\/logo\/image\/\"},\"sameAs\":[\"https:\/\/www.facebook.com\/prevensetreinamentos\/\"]},{\"@type\":\"Person\",\"@id\":\"https:\/\/prevenseg-treinamentos.com.br\/portaldaprevencao\/#\/schema\/person\/82746c4230fb6d2ee5c6dd79c0746488\",\"name\":\"Diones Chelenper\",\"image\":{\"@type\":\"ImageObject\",\"inLanguage\":\"pt-PT\",\"@id\":\"https:\/\/secure.gravatar.com\/avatar\/ef4ffd41b20793ef13fd207b0fa9c50b201ef425c79c82cb66f41a0d59c0722c?s=96&d=mm&r=g\",\"url\":\"https:\/\/secure.gravatar.com\/avatar\/ef4ffd41b20793ef13fd207b0fa9c50b201ef425c79c82cb66f41a0d59c0722c?s=96&d=mm&r=g\",\"contentUrl\":\"https:\/\/secure.gravatar.com\/avatar\/ef4ffd41b20793ef13fd207b0fa9c50b201ef425c79c82cb66f41a0d59c0722c?s=96&d=mm&r=g\",\"caption\":\"Diones Chelenper\"},\"description\":\"Meu nome \u00e9 Diones Chelenper, sou profissional com forma\u00e7\u00e3o t\u00e9cnica na \u00e1rea de Seguran\u00e7a do Trabalho, Bombeiro Civil, Instrutor de Brigadas de Emerg\u00eancia e Supervisor de Trabalhos em Altura.\",\"sameAs\":[\"http:\/\/www.prevenseg-treinamentos.com.br\",\"https:\/\/www.facebook.com\/prevensetreinamentos\/\"],\"url\":\"https:\/\/prevenseg-treinamentos.com.br\/portaldaprevencao\/author\/administrador\/\"}]}<\/script>\n<!-- \/ Yoast SEO plugin. -->","yoast_head_json":{"title":"O que \u00e9 Rescis\u00e3o Indireta do Contrato de Trabalho? - Blog Portal da Preven\u00e7\u00e3o","description":"O empregado pode exercer o direito da rescis\u00e3o indireta do contrato de trabalho, quando o empregador cometer falta grave em rela\u00e7\u00e3o a este. Leia mais...","robots":{"index":"index","follow":"follow","max-snippet":"max-snippet:-1","max-image-preview":"max-image-preview:large","max-video-preview":"max-video-preview:-1"},"canonical":"https:\/\/prevenseg-treinamentos.com.br\/portaldaprevencao\/rescisao-indireta-do-contrato-de-trabalho\/","og_locale":"pt_PT","og_type":"article","og_title":"O que \u00e9 Rescis\u00e3o Indireta do Contrato de Trabalho? - Blog Portal da Preven\u00e7\u00e3o","og_description":"O empregado pode exercer o direito da rescis\u00e3o indireta do contrato de trabalho, quando o empregador cometer falta grave em rela\u00e7\u00e3o a este. Leia mais...","og_url":"https:\/\/prevenseg-treinamentos.com.br\/portaldaprevencao\/rescisao-indireta-do-contrato-de-trabalho\/","og_site_name":"Blog Portal da Preven\u00e7\u00e3o","article_publisher":"https:\/\/www.facebook.com\/prevensetreinamentos\/","article_author":"https:\/\/www.facebook.com\/prevensetreinamentos\/","article_published_time":"2018-07-19T01:20:32+00:00","article_modified_time":"2020-02-25T17:52:30+00:00","og_image":[{"width":350,"height":200,"url":"https:\/\/prevenseg-treinamentos.com.br\/portaldaprevencao\/wp-content\/uploads\/2018\/07\/CONTRATO1.jpg","type":"image\/jpeg"}],"author":"Diones Chelenper","twitter_card":"summary_large_image","twitter_misc":{"Escrito por":"Diones Chelenper","Tempo estimado de leitura":"7 minutos"},"schema":{"@context":"https:\/\/schema.org","@graph":[{"@type":"Article","@id":"https:\/\/prevenseg-treinamentos.com.br\/portaldaprevencao\/rescisao-indireta-do-contrato-de-trabalho\/#article","isPartOf":{"@id":"https:\/\/prevenseg-treinamentos.com.br\/portaldaprevencao\/rescisao-indireta-do-contrato-de-trabalho\/"},"author":{"name":"Diones Chelenper","@id":"https:\/\/prevenseg-treinamentos.com.br\/portaldaprevencao\/#\/schema\/person\/82746c4230fb6d2ee5c6dd79c0746488"},"headline":"O que \u00e9 Rescis\u00e3o Indireta do Contrato de Trabalho?","datePublished":"2018-07-19T01:20:32+00:00","dateModified":"2020-02-25T17:52:30+00:00","mainEntityOfPage":{"@id":"https:\/\/prevenseg-treinamentos.com.br\/portaldaprevencao\/rescisao-indireta-do-contrato-de-trabalho\/"},"wordCount":1431,"commentCount":0,"publisher":{"@id":"https:\/\/prevenseg-treinamentos.com.br\/portaldaprevencao\/#organization"},"image":{"@id":"https:\/\/prevenseg-treinamentos.com.br\/portaldaprevencao\/rescisao-indireta-do-contrato-de-trabalho\/#primaryimage"},"thumbnailUrl":"https:\/\/prevenseg-treinamentos.com.br\/portaldaprevencao\/wp-content\/uploads\/2018\/07\/CONTRATO1.jpg","articleSection":["Seguran\u00e7a do Trabalho"],"inLanguage":"pt-PT","potentialAction":[{"@type":"CommentAction","name":"Comment","target":["https:\/\/prevenseg-treinamentos.com.br\/portaldaprevencao\/rescisao-indireta-do-contrato-de-trabalho\/#respond"]}]},{"@type":"WebPage","@id":"https:\/\/prevenseg-treinamentos.com.br\/portaldaprevencao\/rescisao-indireta-do-contrato-de-trabalho\/","url":"https:\/\/prevenseg-treinamentos.com.br\/portaldaprevencao\/rescisao-indireta-do-contrato-de-trabalho\/","name":"O que \u00e9 Rescis\u00e3o Indireta do Contrato de Trabalho? - Blog Portal da Preven\u00e7\u00e3o","isPartOf":{"@id":"https:\/\/prevenseg-treinamentos.com.br\/portaldaprevencao\/#website"},"primaryImageOfPage":{"@id":"https:\/\/prevenseg-treinamentos.com.br\/portaldaprevencao\/rescisao-indireta-do-contrato-de-trabalho\/#primaryimage"},"image":{"@id":"https:\/\/prevenseg-treinamentos.com.br\/portaldaprevencao\/rescisao-indireta-do-contrato-de-trabalho\/#primaryimage"},"thumbnailUrl":"https:\/\/prevenseg-treinamentos.com.br\/portaldaprevencao\/wp-content\/uploads\/2018\/07\/CONTRATO1.jpg","datePublished":"2018-07-19T01:20:32+00:00","dateModified":"2020-02-25T17:52:30+00:00","description":"O empregado pode exercer o direito da rescis\u00e3o indireta do contrato de trabalho, quando o empregador cometer falta grave em rela\u00e7\u00e3o a este. Leia mais...","breadcrumb":{"@id":"https:\/\/prevenseg-treinamentos.com.br\/portaldaprevencao\/rescisao-indireta-do-contrato-de-trabalho\/#breadcrumb"},"inLanguage":"pt-PT","potentialAction":[{"@type":"ReadAction","target":["https:\/\/prevenseg-treinamentos.com.br\/portaldaprevencao\/rescisao-indireta-do-contrato-de-trabalho\/"]}]},{"@type":"ImageObject","inLanguage":"pt-PT","@id":"https:\/\/prevenseg-treinamentos.com.br\/portaldaprevencao\/rescisao-indireta-do-contrato-de-trabalho\/#primaryimage","url":"https:\/\/prevenseg-treinamentos.com.br\/portaldaprevencao\/wp-content\/uploads\/2018\/07\/CONTRATO1.jpg","contentUrl":"https:\/\/prevenseg-treinamentos.com.br\/portaldaprevencao\/wp-content\/uploads\/2018\/07\/CONTRATO1.jpg","width":350,"height":200,"caption":"CAT"},{"@type":"BreadcrumbList","@id":"https:\/\/prevenseg-treinamentos.com.br\/portaldaprevencao\/rescisao-indireta-do-contrato-de-trabalho\/#breadcrumb","itemListElement":[{"@type":"ListItem","position":1,"name":"In\u00edcio","item":"https:\/\/prevenseg-treinamentos.com.br\/portaldaprevencao\/"},{"@type":"ListItem","position":2,"name":"O que \u00e9 Rescis\u00e3o Indireta do Contrato de Trabalho?"}]},{"@type":"WebSite","@id":"https:\/\/prevenseg-treinamentos.com.br\/portaldaprevencao\/#website","url":"https:\/\/prevenseg-treinamentos.com.br\/portaldaprevencao\/","name":"Portal da Preven\u00e7\u00e3o","description":"Sa\u00fade e Seguran\u00e7a do Trabalho","publisher":{"@id":"https:\/\/prevenseg-treinamentos.com.br\/portaldaprevencao\/#organization"},"potentialAction":[{"@type":"SearchAction","target":{"@type":"EntryPoint","urlTemplate":"https:\/\/prevenseg-treinamentos.com.br\/portaldaprevencao\/?s={search_term_string}"},"query-input":{"@type":"PropertyValueSpecification","valueRequired":true,"valueName":"search_term_string"}}],"inLanguage":"pt-PT"},{"@type":"Organization","@id":"https:\/\/prevenseg-treinamentos.com.br\/portaldaprevencao\/#organization","name":"Prevenseg Treinamentos","url":"https:\/\/prevenseg-treinamentos.com.br\/portaldaprevencao\/","logo":{"@type":"ImageObject","inLanguage":"pt-PT","@id":"https:\/\/prevenseg-treinamentos.com.br\/portaldaprevencao\/#\/schema\/logo\/image\/","url":"https:\/\/prevenseg-treinamentos.com.br\/portaldaprevencao\/wp-content\/uploads\/2018\/07\/LOGO-PHOTOSHOP.png","contentUrl":"https:\/\/prevenseg-treinamentos.com.br\/portaldaprevencao\/wp-content\/uploads\/2018\/07\/LOGO-PHOTOSHOP.png","width":823,"height":448,"caption":"Prevenseg Treinamentos"},"image":{"@id":"https:\/\/prevenseg-treinamentos.com.br\/portaldaprevencao\/#\/schema\/logo\/image\/"},"sameAs":["https:\/\/www.facebook.com\/prevensetreinamentos\/"]},{"@type":"Person","@id":"https:\/\/prevenseg-treinamentos.com.br\/portaldaprevencao\/#\/schema\/person\/82746c4230fb6d2ee5c6dd79c0746488","name":"Diones Chelenper","image":{"@type":"ImageObject","inLanguage":"pt-PT","@id":"https:\/\/secure.gravatar.com\/avatar\/ef4ffd41b20793ef13fd207b0fa9c50b201ef425c79c82cb66f41a0d59c0722c?s=96&d=mm&r=g","url":"https:\/\/secure.gravatar.com\/avatar\/ef4ffd41b20793ef13fd207b0fa9c50b201ef425c79c82cb66f41a0d59c0722c?s=96&d=mm&r=g","contentUrl":"https:\/\/secure.gravatar.com\/avatar\/ef4ffd41b20793ef13fd207b0fa9c50b201ef425c79c82cb66f41a0d59c0722c?s=96&d=mm&r=g","caption":"Diones Chelenper"},"description":"Meu nome \u00e9 Diones Chelenper, sou profissional com forma\u00e7\u00e3o t\u00e9cnica na \u00e1rea de Seguran\u00e7a do Trabalho, Bombeiro Civil, Instrutor de Brigadas de Emerg\u00eancia e Supervisor de Trabalhos em Altura.","sameAs":["http:\/\/www.prevenseg-treinamentos.com.br","https:\/\/www.facebook.com\/prevensetreinamentos\/"],"url":"https:\/\/prevenseg-treinamentos.com.br\/portaldaprevencao\/author\/administrador\/"}]}},"post_mailing_queue_ids":[],"_links":{"self":[{"href":"https:\/\/prevenseg-treinamentos.com.br\/portaldaprevencao\/wp-json\/wp\/v2\/posts\/65","targetHints":{"allow":["GET"]}}],"collection":[{"href":"https:\/\/prevenseg-treinamentos.com.br\/portaldaprevencao\/wp-json\/wp\/v2\/posts"}],"about":[{"href":"https:\/\/prevenseg-treinamentos.com.br\/portaldaprevencao\/wp-json\/wp\/v2\/types\/post"}],"author":[{"embeddable":true,"href":"https:\/\/prevenseg-treinamentos.com.br\/portaldaprevencao\/wp-json\/wp\/v2\/users\/1"}],"replies":[{"embeddable":true,"href":"https:\/\/prevenseg-treinamentos.com.br\/portaldaprevencao\/wp-json\/wp\/v2\/comments?post=65"}],"version-history":[{"count":1,"href":"https:\/\/prevenseg-treinamentos.com.br\/portaldaprevencao\/wp-json\/wp\/v2\/posts\/65\/revisions"}],"predecessor-version":[{"id":1111,"href":"https:\/\/prevenseg-treinamentos.com.br\/portaldaprevencao\/wp-json\/wp\/v2\/posts\/65\/revisions\/1111"}],"wp:featuredmedia":[{"embeddable":true,"href":"https:\/\/prevenseg-treinamentos.com.br\/portaldaprevencao\/wp-json\/wp\/v2\/media\/77"}],"wp:attachment":[{"href":"https:\/\/prevenseg-treinamentos.com.br\/portaldaprevencao\/wp-json\/wp\/v2\/media?parent=65"}],"wp:term":[{"taxonomy":"category","embeddable":true,"href":"https:\/\/prevenseg-treinamentos.com.br\/portaldaprevencao\/wp-json\/wp\/v2\/categories?post=65"},{"taxonomy":"post_tag","embeddable":true,"href":"https:\/\/prevenseg-treinamentos.com.br\/portaldaprevencao\/wp-json\/wp\/v2\/tags?post=65"}],"curies":[{"name":"wp","href":"https:\/\/api.w.org\/{rel}","templated":true}]}}