{"id":649,"date":"2018-12-07T06:00:49","date_gmt":"2018-12-07T09:00:49","guid":{"rendered":"https:\/\/prevenseg-treinamentos.com.br\/portaldaprevencao\/?p=649"},"modified":"2020-02-25T11:44:02","modified_gmt":"2020-02-25T14:44:02","slug":"medicina-do-trabalho-saiba-o-que-e-e-os-beneficios","status":"publish","type":"post","link":"https:\/\/prevenseg-treinamentos.com.br\/portaldaprevencao\/medicina-do-trabalho-saiba-o-que-e-e-os-beneficios\/","title":{"rendered":"Medicina do Trabalho \u2013 Saiba o Que \u00e9 e os Benef\u00edcios"},"content":{"rendered":"<p>Tanto a Seguran\u00e7a quanto a Medicina do Trabalho s\u00e3o fundamentais para se obter um ambiente confi\u00e1vel e saud\u00e1vel, sem contar os benef\u00edcios que podem ser proporcionados aos colaboradores e a pr\u00f3pria empresa.<\/p>\n<p>Nem todas as empresas precisam compor o SESMT &#8211; Servi\u00e7o Especializado em Engenharia de Seguran\u00e7a e Medicina do Trabalho, mas todas devem ter os programas<strong> <a href=\"https:\/\/prevenseg-treinamentos.com.br\/portaldaprevencao\/ppra-programa-de-prevencao-de-riscos-ambientais\/\" target=\"_blank\" rel=\"noopener noreferrer\">PPRA \u2013 Programa de Preven\u00e7\u00e3o de Riscos Ambientais<\/a><\/strong> e o <strong><a href=\"https:\/\/prevenseg-treinamentos.com.br\/portaldaprevencao\/pcmso\/\" target=\"_blank\" rel=\"noopener noreferrer\">PCMSO \u2013 Programa de Controle M\u00e9dico de Sa\u00fade Ocupacional<\/a><\/strong><\/p>\n<p>Este segundo deve ser elaborado, acompanhado e coordenado por um profissional m\u00e9dico com especializa\u00e7\u00e3o em medicina do trabalho.<\/p>\n<p>Portanto, todas os empregadores devem implement\u00e1-la em sua empresa.<\/p>\n<p>Continue lendo esse artigo e saiba um pouco sobre a hist\u00f3ria da medicina do trabalho, o que \u00e9, as exig\u00eancias e as vantagens para o empregador.<\/p>\n<h3><em><strong>Conceito de medicina do trabalho<\/strong><\/em><\/h3>\n<p><img fetchpriority=\"high\" decoding=\"async\" class=\"aligncenter wp-image-655\" src=\"https:\/\/prevenseg-treinamentos.com.br\/portaldaprevencao\/wp-content\/uploads\/2018\/12\/MEDICINA-DO-TRABALHO.png\" alt=\"MEDICINA DO TRABALHO\" width=\"659\" height=\"440\" srcset=\"https:\/\/prevenseg-treinamentos.com.br\/portaldaprevencao\/wp-content\/uploads\/2018\/12\/MEDICINA-DO-TRABALHO.png 340w, https:\/\/prevenseg-treinamentos.com.br\/portaldaprevencao\/wp-content\/uploads\/2018\/12\/MEDICINA-DO-TRABALHO-300x200.png 300w, https:\/\/prevenseg-treinamentos.com.br\/portaldaprevencao\/wp-content\/uploads\/2018\/12\/MEDICINA-DO-TRABALHO-272x182.png 272w\" sizes=\"(max-width: 659px) 100vw, 659px\" \/><\/p>\n<p>A medicina do trabalho, tamb\u00e9m conhecida como medicina ocupacional \u00e9 uma especialidade m\u00e9dica que visa melhorar a rela\u00e7\u00e3o entre o meio de trabalho e a sa\u00fade dos colaboradores.<\/p>\n<h3><em><strong>Objetivos da medicina do trabalho <\/strong><\/em><\/h3>\n<p>A especialidade tem como objetivo assegurar ou facilitar aos indiv\u00edduos e ao coletivo de trabalhadores a melhoria cont\u00ednua das condi\u00e7\u00f5es de sa\u00fade, atrav\u00e9s da preven\u00e7\u00e3o e o tratamento de doen\u00e7as que ocorram no ambiente de trabalho (doen\u00e7as do trabalho) ou \u00e0quelas que s\u00e3o provocadas pela profiss\u00e3o ou ocupa\u00e7\u00e3o (doen\u00e7a ocupacional ou profissional), sejam f\u00edsicas ou mental.<\/p>\n<h3><em><strong>Quando surgiu a medicina do trabalho?<\/strong><\/em><\/h3>\n<p>A medicina do trabalho surgiu durante a <strong><a href=\"https:\/\/www.todamateria.com.br\/revolucao-industrial\/\" target=\"_blank\" rel=\"nofollow noopener noreferrer\">Revolu\u00e7\u00e3o Industrial,<\/a><\/strong>\u00a0em meados do s\u00e9culo XIX. Nessa \u00e9poca havia grande explora\u00e7\u00e3o de m\u00e3o de obra e os trabalhadores eram submetidos a um acelerado e desumano processo de produ\u00e7\u00e3o.<\/p>\n<p>Diante da situa\u00e7\u00e3o, houve a necessidade de interven\u00e7\u00e3o, de forma a tornar invi\u00e1vel a sobreviv\u00eancia e reprodu\u00e7\u00e3o do pr\u00f3prio processo.<\/p>\n<h3><em><strong>Medicina do trabalho est\u00e1 prevista na legisla\u00e7\u00e3o<\/strong><\/em><\/h3>\n<p><img decoding=\"async\" class=\"aligncenter wp-image-660 lazyload\" data-src=\"https:\/\/prevenseg-treinamentos.com.br\/portaldaprevencao\/wp-content\/uploads\/2018\/12\/normas-regulamentadoras.png\" alt=\"normas-regulamentadoras\" width=\"660\" height=\"363\" data-srcset=\"https:\/\/prevenseg-treinamentos.com.br\/portaldaprevencao\/wp-content\/uploads\/2018\/12\/normas-regulamentadoras.png 400w, https:\/\/prevenseg-treinamentos.com.br\/portaldaprevencao\/wp-content\/uploads\/2018\/12\/normas-regulamentadoras-300x165.png 300w\" data-sizes=\"(max-width: 660px) 100vw, 660px\" src=\"data:image\/svg+xml;base64,PHN2ZyB3aWR0aD0iMSIgaGVpZ2h0PSIxIiB4bWxucz0iaHR0cDovL3d3dy53My5vcmcvMjAwMC9zdmciPjwvc3ZnPg==\" style=\"--smush-placeholder-width: 660px; --smush-placeholder-aspect-ratio: 660\/363;\" \/><\/p>\n<p>A legisla\u00e7\u00e3o Brasileira exige que os empregadores zelem pela sa\u00fade e seguran\u00e7a dos seus trabalhadores, portanto, medicina do trabalho e <strong><a href=\"https:\/\/prevenseg-treinamentos.com.br\/portaldaprevencao\/saude-e-seguranca-do-trabalho-saiba-o-que-e-e-os-beneficios-para-o-empregador\/\" target=\"_blank\" rel=\"noopener noreferrer\">seguran\u00e7a do trabalho<\/a><\/strong> s\u00e3o obrigat\u00f3rios dentro das empresas, independentemente do tamanho e da quantidade de funcion\u00e1rios da organiza\u00e7\u00e3o.<\/p>\n<p>Tanto a seguran\u00e7a do trabalho, quanto a medicina do trabalho s\u00e3o exigidas por lei e regulamentadas pelas <a href=\"http:\/\/trabalho.gov.br\/seguranca-e-saude-no-trabalho\/normatizacao\/normas-regulamentadoras\" target=\"_blank\" rel=\"noopener noreferrer\"><strong>Normas Regulamentadora (NRs) do Minist\u00e9rio do Trabalho.<\/strong><\/a><\/p>\n<p>Tal exig\u00eancia visa tornar e manter um ambiente de trabalho saud\u00e1vel de forma que se possa manter a sa\u00fade e integridade f\u00edsicas dos trabalhadores em suas atividades laborativas.<\/p>\n<h3><em><strong>Norma Regulamentadora (NR) n\u00ba 07 \u2013 PCMSO<\/strong><\/em><\/h3>\n<p>Conforme item 7.1.1 da NR 7, mencionado abaixo, todas as empresas devem oferecer a Medicina do Trabalho para organizar e coordenar as a\u00e7\u00f5es do <strong><a href=\"https:\/\/prevenseg-treinamentos.com.br\/portaldaprevencao\/pcmso\/\" target=\"_blank\" rel=\"noopener noreferrer\">Programa de Controle M\u00e9dico de Sa\u00fade Ocupacional (PCMSO).<\/a><\/strong><\/p>\n<p><em>\u201c7.1.1 Esta Norma Regulamentadora &#8211; NR estabelece a obrigatoriedade de elabora\u00e7\u00e3o e implementa\u00e7\u00e3o, por parte de todos os empregadores e institui\u00e7\u00f5es que admitam trabalhadores como empregados, do Programa de Controle M\u00e9dico de Sa\u00fade Ocupacional &#8211; PCMSO, com o objetivo de promo\u00e7\u00e3o e preserva\u00e7\u00e3o da sa\u00fade do conjunto dos seus trabalhadores\u201d.<\/em><\/p>\n<h3><em><strong>Consolida\u00e7\u00e3o das Leis Trabalhistas &#8211; CLT<\/strong><\/em><\/h3>\n<p>O Art. 168 da CLT determina a obrigatoriedade de o empregador realizar os exames:<\/p>\n<p>Admissional;<\/p>\n<p>Demissional e;<\/p>\n<p>Peri\u00f3dicos.<\/p>\n<p><em>\u201cArt. 168 &#8211; Ser\u00e1 obrigat\u00f3rio exame m\u00e9dico, por conta do empregador, nas condi\u00e7\u00f5es estabelecidas neste artigo e nas instru\u00e7\u00f5es complementares a serem expedidas pelo Minist\u00e9rio do Trabalho: <\/em><\/p>\n<p><em>I &#8211; na admiss\u00e3o; <\/em><\/p>\n<p><em>II &#8211; na demiss\u00e3o; <\/em><\/p>\n<p><em>III \u2013 periodicamente\u201d.<\/em><\/p>\n<p>O par\u00e1grafo 2\u00ba do ainda artigo 168 da CLT ainda prev\u00ea exames complementares a crit\u00e9rio do m\u00e9dico.<\/p>\n<p><em>\u201c\u00a7 2\u00ba &#8211; Outros exames complementares poder\u00e3o ser exigidos, a crit\u00e9rio m\u00e9dico, para apura\u00e7\u00e3o da capacidade ou aptid\u00e3o f\u00edsica e mental do empregado para a fun\u00e7\u00e3o que deva exercer\u201d.<\/em><\/p>\n<p>Como vimos acima, medicina do trabalho \u00e9 obrigat\u00f3rio. Portanto, se a sua empresa ainda n\u00e3o pratica a medicina do trabalho, \u00e9 bom come\u00e7ar logo para n\u00e3o ter problemas com a\u00e7\u00f5es judiciais desnecess\u00e1rias.<\/p>\n<h3><em><strong>Implementando medicina do trabalho na empresa<\/strong><\/em><\/h3>\n<p><img decoding=\"async\" class=\"aligncenter wp-image-656 lazyload\" data-src=\"https:\/\/prevenseg-treinamentos.com.br\/portaldaprevencao\/wp-content\/uploads\/2018\/12\/IMPLEMENTANDO-A-MEDICINA-DO-TRABALHO.png\" alt=\"IMPLEMENTANDO A MEDICINA DO TRABALHO\" width=\"666\" height=\"443\" data-srcset=\"https:\/\/prevenseg-treinamentos.com.br\/portaldaprevencao\/wp-content\/uploads\/2018\/12\/IMPLEMENTANDO-A-MEDICINA-DO-TRABALHO.png 350w, https:\/\/prevenseg-treinamentos.com.br\/portaldaprevencao\/wp-content\/uploads\/2018\/12\/IMPLEMENTANDO-A-MEDICINA-DO-TRABALHO-300x200.png 300w, https:\/\/prevenseg-treinamentos.com.br\/portaldaprevencao\/wp-content\/uploads\/2018\/12\/IMPLEMENTANDO-A-MEDICINA-DO-TRABALHO-272x182.png 272w\" data-sizes=\"(max-width: 666px) 100vw, 666px\" src=\"data:image\/svg+xml;base64,PHN2ZyB3aWR0aD0iMSIgaGVpZ2h0PSIxIiB4bWxucz0iaHR0cDovL3d3dy53My5vcmcvMjAwMC9zdmciPjwvc3ZnPg==\" style=\"--smush-placeholder-width: 666px; --smush-placeholder-aspect-ratio: 666\/443;\" \/><\/p>\n<p>H\u00e1 duas formas de implementar a medicina do trabalho.<\/p>\n<p>Uma delas \u00e9 a empresa montar consult\u00f3rio interno, contratar o profissional m\u00e9dico que seja especialista em mat\u00e9ria de <a href=\"https:\/\/prevenseg-treinamentos.com.br\/portaldaprevencao\/saude-e-seguranca-do-trabalho-saiba-o-que-e-e-os-beneficios-para-o-empregador\/\" target=\"_blank\" rel=\"noopener noreferrer\"><strong>sa\u00fade e seguran\u00e7a do trabalho<\/strong><\/a>, e este elaborar o <strong><a href=\"https:\/\/prevenseg-treinamentos.com.br\/portaldaprevencao\/ppra-programa-de-prevencao-de-riscos-ambientais\/\" target=\"_blank\" rel=\"noopener noreferrer\">Programa de Preven\u00e7\u00e3o de Riscos Ambientais \u2013 PPRA<\/a><\/strong>, o <strong><a href=\"https:\/\/prevenseg-treinamentos.com.br\/portaldaprevencao\/pcmso\/\" target=\"_blank\" rel=\"noopener noreferrer\">Programa de Controle de M\u00e9dico de Sa\u00fade Ocupacional<\/a><\/strong> e o <strong><a href=\"https:\/\/prevenseg-treinamentos.com.br\/portaldaprevencao\/ltcat-quais-os-criterios-a-serem-seguidos\/\" target=\"_blank\" rel=\"noopener noreferrer\">Laudo T\u00e9cnico da Condi\u00e7\u00f5es do Ambiente de Trabalho &#8211; LTCAT<\/a><\/strong> e coordenar.<\/p>\n<p>A outa op\u00e7\u00e3o, permite que a empresa contrate uma cl\u00ednica especializada em medicina do trabalho e terceirize estas fun\u00e7\u00f5es.<\/p>\n<p>Esta segunda op\u00e7\u00e3o sai mais em conta para a empresa, pois n\u00e3o precisa manter um consult\u00f3rio pr\u00f3prio e nem a contrata\u00e7\u00e3o de m\u00e9dicos e enfermeiros, o que reduz os investimentos.<\/p>\n<p>Por\u00e9m, vale ressaltar que nem todas as empresas podem optar pela segunda op\u00e7\u00e3o, pois esta op\u00e7\u00e3o s\u00f3 \u00e9 permitida para \u00e0quelas que n\u00e3o se enquadram no Quadro II da NR \u2013 04, <a href=\"https:\/\/prevenseg-treinamentos.com.br\/portaldaprevencao\/nr-04-como-fazer-o-dimensionamento-do-sesmt\/\" target=\"_blank\" rel=\"noopener noreferrer\"><strong>Dimensionamento do SESMT<\/strong><\/a><\/p>\n<p>Ou seja, conforme seu grau de risco e n\u00famero de funcion\u00e1rios, est\u00e3o desobrigadas de contratar m\u00e9dico do trabalho.<\/p>\n<h3><em><strong>Profissional respons\u00e1vel pela medicina do trabalho na empresa<\/strong><\/em><\/h3>\n<p><img decoding=\"async\" class=\"aligncenter wp-image-657 lazyload\" data-src=\"https:\/\/prevenseg-treinamentos.com.br\/portaldaprevencao\/wp-content\/uploads\/2018\/12\/PROFISSIONAL-EM-MEDICINA-DO-TRABALHO.png\" alt=\"PROFISSIONAL-EM-MEDICINA-DO-TRABALHO\" width=\"646\" height=\"430\" data-srcset=\"https:\/\/prevenseg-treinamentos.com.br\/portaldaprevencao\/wp-content\/uploads\/2018\/12\/PROFISSIONAL-EM-MEDICINA-DO-TRABALHO.png 350w, https:\/\/prevenseg-treinamentos.com.br\/portaldaprevencao\/wp-content\/uploads\/2018\/12\/PROFISSIONAL-EM-MEDICINA-DO-TRABALHO-300x200.png 300w, https:\/\/prevenseg-treinamentos.com.br\/portaldaprevencao\/wp-content\/uploads\/2018\/12\/PROFISSIONAL-EM-MEDICINA-DO-TRABALHO-272x182.png 272w\" data-sizes=\"(max-width: 646px) 100vw, 646px\" src=\"data:image\/svg+xml;base64,PHN2ZyB3aWR0aD0iMSIgaGVpZ2h0PSIxIiB4bWxucz0iaHR0cDovL3d3dy53My5vcmcvMjAwMC9zdmciPjwvc3ZnPg==\" style=\"--smush-placeholder-width: 646px; --smush-placeholder-aspect-ratio: 646\/430;\" \/><\/p>\n<p>A responsabilidade pela medicina do trabalho na empresa \u00e9 do profissional especialista no assunto, o qual ir\u00e1 acompanhar e coordenar os programas de preven\u00e7\u00e3o, definindo as medidas preventivas tais como: exames a serem feitos e a periodicidade destes e etc.<\/p>\n<p>Se a empresa for contratar este profissional, deve ter em mente que o mesmo deve ser um especialista.<\/p>\n<p>Se optar em terceirizar, deve se certificar de que a cl\u00ednica contratada disp\u00f5e do profissional especialista.<\/p>\n<h3><em><strong>Vantagens da medicina do trabalho<\/strong><\/em><\/h3>\n<p>Muitos empres\u00e1rios ainda ignoram os riscos e n\u00e3o enxergam as vantagens de implantar e levar a s\u00e9rio a medicina do trabalho dentro da organiza\u00e7\u00e3o, e isso gera preju\u00edzos, al\u00e9m da desconfian\u00e7a no neg\u00f3cio.<\/p>\n<p>A implementa\u00e7\u00e3o da medicina do trabalho no ambiente de trabalho traz vantagens e benef\u00edcios tanto para o empregador quanto para o trabalhador.<\/p>\n<p>Entre as principais vantagens e benef\u00edcios podemos citar:<\/p>\n<h3><em><strong>Redu\u00e7\u00e3o de custos;<\/strong><\/em><\/h3>\n<p>A implementa\u00e7\u00e3o da medicina do trabalho na empresa evita o adoecimento do trabalhador e at\u00e9 mesmo o diagn\u00f3stico precoce de poss\u00edveis doen\u00e7as. Isso evita afastamentos tempor\u00e1rios ou definitivos, o que poder\u00e1 evitar a\u00e7\u00f5es trabalhistas futuras e gerar gastos com indeniza\u00e7\u00f5es, pens\u00f5es e honor\u00e1rios advocat\u00edcios, al\u00e9m de ser <strong><a href=\"https:\/\/prevenseg-treinamentos.com.br\/portaldaprevencao\/responsabilidade-civil-e-criminal-do-empregador-e-prepostos\/\" target=\"_blank\" rel=\"noopener noreferrer\">responsabilizado civil e criminalmente.<\/a><\/strong><\/p>\n<h3><em><strong>Cria uma boa imagem da empresa<\/strong><\/em><\/h3>\n<p>Al\u00e9m de estar cumprindo a legisla\u00e7\u00e3o trabalhista e previdenci\u00e1ria, as empresas que t\u00eam a medicina do trabalho integrada passam uma impress\u00e3o \u00e0s autoridades, sociedade e investidores de que se preocupam com os colaboradores.<\/p>\n<p>Assim sendo, h\u00e1 um interesse maior por parte de profissionais capacitados e habilitados em fazer parte da empresa, al\u00e9m de despertar o interesse de investidores.<\/p>\n<h3><em><strong>Preven\u00e7\u00e3o de acidentes e doen\u00e7as<\/strong><\/em><\/h3>\n<p>O profissional com forma\u00e7\u00e3o em Medicina do Trabalho \u00e9 habilitado para identificar procedimentos errados e poss\u00edveis sintomas que possam gerar acidentes ou doen\u00e7as graves e cr\u00f4nicas.<\/p>\n<p>Como tem essa habilidade de identificar previamente, poder\u00e1 atuar direto na fonte do problema e mudar situa\u00e7\u00f5es que poderiam se agravar no futuro, at\u00e9 gerar um mal maior.<\/p>\n<p>Uma forma de prever e evitar o pior \u00e9 atrav\u00e9s do uso de equipamentos certos e procedimentos adequados, impedindo que acidentes ou doen\u00e7as aconte\u00e7am.<\/p>\n<h3><em><strong>Aumento da produtividade e qualidade<\/strong><\/em><\/h3>\n<p>Um dos benef\u00edcios produzidos pela medicina do trabalho e o aumento da produtividade e qualidade do produto.<\/p>\n<p>Isso acontece pelo fato de que os trabalhadores se sentem valorizados com a cria\u00e7\u00e3o e manuten\u00e7\u00e3o de um ambiente de trabalho seguro.<\/p>\n<p>Investir na sa\u00fade e seguran\u00e7a do trabalhador, promove melhorias na sa\u00fade mental, o que reflete na sa\u00fade f\u00edsica e social e isso gera maior satisfa\u00e7\u00e3o em trabalhar.<\/p>\n<p>Essa satisfa\u00e7\u00e3o reflete diretamente no aumento da produtividade e com melhoria na qualidade do produto.<\/p>\n<p>Se voc\u00ea gostou do post de hoje, deixe a sua curtida abaixo e n\u00e3o deixe de compartilhar com outros leitores, amigos e familiares, para que mais pessoas tenham acesso \u00e0 esta informa\u00e7\u00e3o.<\/p>\n<p>At\u00e9 o pr\u00f3ximo artigo!<\/p>\n","protected":false},"excerpt":{"rendered":"<p>Tanto a Seguran\u00e7a quanto a Medicina do Trabalho s\u00e3o fundamentais para se obter um ambiente confi\u00e1vel e saud\u00e1vel, sem contar os benef\u00edcios que podem ser proporcionados aos colaboradores e a pr\u00f3pria empresa. Nem todas as empresas precisam compor o SESMT &#8211; Servi\u00e7o Especializado em Engenharia de Seguran\u00e7a e Medicina do Trabalho, mas todas devem ter [&hellip;]<\/p>\n","protected":false},"author":1,"featured_media":0,"comment_status":"open","ping_status":"open","sticky":false,"template":"","format":"standard","meta":{"_exactmetrics_skip_tracking":false,"_exactmetrics_sitenote_active":false,"_exactmetrics_sitenote_note":"","_exactmetrics_sitenote_category":0,"footnotes":""},"categories":[1],"tags":[],"class_list":["post-649","post","type-post","status-publish","format-standard","hentry","category-seguranca-do-trabalho"],"yoast_head":"<!-- This site is optimized with the Yoast SEO plugin v27.2 - https:\/\/yoast.com\/product\/yoast-seo-wordpress\/ -->\n<title>Medicina do Trabalho \u2013 Saiba o Que \u00e9 e os Benef\u00edcios - Blog Portal da Preven\u00e7\u00e3o<\/title>\n<meta name=\"description\" content=\"A medicina do trabalho, tamb\u00e9m conhecida como medicina ocupacional \u00e9 uma especialidade m\u00e9dica que visa melhorar a rela\u00e7\u00e3o entre o meio de trabalho e...\" \/>\n<meta name=\"robots\" content=\"index, follow, max-snippet:-1, max-image-preview:large, max-video-preview:-1\" \/>\n<link rel=\"canonical\" href=\"https:\/\/prevenseg-treinamentos.com.br\/portaldaprevencao\/medicina-do-trabalho-saiba-o-que-e-e-os-beneficios\/\" \/>\n<meta property=\"og:locale\" content=\"pt_PT\" \/>\n<meta property=\"og:type\" content=\"article\" \/>\n<meta property=\"og:title\" content=\"Medicina do Trabalho \u2013 Saiba o Que \u00e9 e os Benef\u00edcios - Blog Portal da Preven\u00e7\u00e3o\" \/>\n<meta property=\"og:description\" content=\"A medicina do trabalho, tamb\u00e9m conhecida como medicina ocupacional \u00e9 uma especialidade m\u00e9dica que visa melhorar a rela\u00e7\u00e3o entre o meio de trabalho e...\" \/>\n<meta property=\"og:url\" content=\"https:\/\/prevenseg-treinamentos.com.br\/portaldaprevencao\/medicina-do-trabalho-saiba-o-que-e-e-os-beneficios\/\" \/>\n<meta property=\"og:site_name\" content=\"Blog Portal da Preven\u00e7\u00e3o\" \/>\n<meta property=\"article:publisher\" content=\"https:\/\/www.facebook.com\/prevensetreinamentos\/\" \/>\n<meta property=\"article:author\" content=\"https:\/\/www.facebook.com\/prevensetreinamentos\/\" \/>\n<meta property=\"article:published_time\" content=\"2018-12-07T09:00:49+00:00\" \/>\n<meta property=\"article:modified_time\" content=\"2020-02-25T14:44:02+00:00\" \/>\n<meta property=\"og:image\" content=\"https:\/\/prevenseg-treinamentos.com.br\/portaldaprevencao\/wp-content\/uploads\/2018\/12\/MEDICINA-DO-TRABALHO.png\" \/>\n<meta name=\"author\" content=\"Diones Chelenper\" \/>\n<meta name=\"twitter:card\" content=\"summary_large_image\" \/>\n<meta name=\"twitter:label1\" content=\"Escrito por\" \/>\n\t<meta name=\"twitter:data1\" content=\"Diones Chelenper\" \/>\n\t<meta name=\"twitter:label2\" content=\"Tempo estimado de leitura\" \/>\n\t<meta name=\"twitter:data2\" content=\"7 minutos\" \/>\n<script type=\"application\/ld+json\" class=\"yoast-schema-graph\">{\"@context\":\"https:\/\/schema.org\",\"@graph\":[{\"@type\":\"Article\",\"@id\":\"https:\/\/prevenseg-treinamentos.com.br\/portaldaprevencao\/medicina-do-trabalho-saiba-o-que-e-e-os-beneficios\/#article\",\"isPartOf\":{\"@id\":\"https:\/\/prevenseg-treinamentos.com.br\/portaldaprevencao\/medicina-do-trabalho-saiba-o-que-e-e-os-beneficios\/\"},\"author\":{\"name\":\"Diones Chelenper\",\"@id\":\"https:\/\/prevenseg-treinamentos.com.br\/portaldaprevencao\/#\/schema\/person\/82746c4230fb6d2ee5c6dd79c0746488\"},\"headline\":\"Medicina do Trabalho \u2013 Saiba o Que \u00e9 e os Benef\u00edcios\",\"datePublished\":\"2018-12-07T09:00:49+00:00\",\"dateModified\":\"2020-02-25T14:44:02+00:00\",\"mainEntityOfPage\":{\"@id\":\"https:\/\/prevenseg-treinamentos.com.br\/portaldaprevencao\/medicina-do-trabalho-saiba-o-que-e-e-os-beneficios\/\"},\"wordCount\":1421,\"commentCount\":0,\"publisher\":{\"@id\":\"https:\/\/prevenseg-treinamentos.com.br\/portaldaprevencao\/#organization\"},\"image\":{\"@id\":\"https:\/\/prevenseg-treinamentos.com.br\/portaldaprevencao\/medicina-do-trabalho-saiba-o-que-e-e-os-beneficios\/#primaryimage\"},\"thumbnailUrl\":\"https:\/\/prevenseg-treinamentos.com.br\/portaldaprevencao\/wp-content\/uploads\/2018\/12\/MEDICINA-DO-TRABALHO.png\",\"articleSection\":[\"Seguran\u00e7a do Trabalho\"],\"inLanguage\":\"pt-PT\",\"potentialAction\":[{\"@type\":\"CommentAction\",\"name\":\"Comment\",\"target\":[\"https:\/\/prevenseg-treinamentos.com.br\/portaldaprevencao\/medicina-do-trabalho-saiba-o-que-e-e-os-beneficios\/#respond\"]}]},{\"@type\":\"WebPage\",\"@id\":\"https:\/\/prevenseg-treinamentos.com.br\/portaldaprevencao\/medicina-do-trabalho-saiba-o-que-e-e-os-beneficios\/\",\"url\":\"https:\/\/prevenseg-treinamentos.com.br\/portaldaprevencao\/medicina-do-trabalho-saiba-o-que-e-e-os-beneficios\/\",\"name\":\"Medicina do Trabalho \u2013 Saiba o Que \u00e9 e os Benef\u00edcios - Blog Portal da Preven\u00e7\u00e3o\",\"isPartOf\":{\"@id\":\"https:\/\/prevenseg-treinamentos.com.br\/portaldaprevencao\/#website\"},\"primaryImageOfPage\":{\"@id\":\"https:\/\/prevenseg-treinamentos.com.br\/portaldaprevencao\/medicina-do-trabalho-saiba-o-que-e-e-os-beneficios\/#primaryimage\"},\"image\":{\"@id\":\"https:\/\/prevenseg-treinamentos.com.br\/portaldaprevencao\/medicina-do-trabalho-saiba-o-que-e-e-os-beneficios\/#primaryimage\"},\"thumbnailUrl\":\"https:\/\/prevenseg-treinamentos.com.br\/portaldaprevencao\/wp-content\/uploads\/2018\/12\/MEDICINA-DO-TRABALHO.png\",\"datePublished\":\"2018-12-07T09:00:49+00:00\",\"dateModified\":\"2020-02-25T14:44:02+00:00\",\"description\":\"A medicina do trabalho, tamb\u00e9m conhecida como medicina ocupacional \u00e9 uma especialidade m\u00e9dica que visa melhorar a rela\u00e7\u00e3o entre o meio de trabalho e...\",\"breadcrumb\":{\"@id\":\"https:\/\/prevenseg-treinamentos.com.br\/portaldaprevencao\/medicina-do-trabalho-saiba-o-que-e-e-os-beneficios\/#breadcrumb\"},\"inLanguage\":\"pt-PT\",\"potentialAction\":[{\"@type\":\"ReadAction\",\"target\":[\"https:\/\/prevenseg-treinamentos.com.br\/portaldaprevencao\/medicina-do-trabalho-saiba-o-que-e-e-os-beneficios\/\"]}]},{\"@type\":\"ImageObject\",\"inLanguage\":\"pt-PT\",\"@id\":\"https:\/\/prevenseg-treinamentos.com.br\/portaldaprevencao\/medicina-do-trabalho-saiba-o-que-e-e-os-beneficios\/#primaryimage\",\"url\":\"https:\/\/prevenseg-treinamentos.com.br\/portaldaprevencao\/wp-content\/uploads\/2018\/12\/MEDICINA-DO-TRABALHO.png\",\"contentUrl\":\"https:\/\/prevenseg-treinamentos.com.br\/portaldaprevencao\/wp-content\/uploads\/2018\/12\/MEDICINA-DO-TRABALHO.png\",\"width\":340,\"height\":227,\"caption\":\"MEDICINA DO TRABALHO\"},{\"@type\":\"BreadcrumbList\",\"@id\":\"https:\/\/prevenseg-treinamentos.com.br\/portaldaprevencao\/medicina-do-trabalho-saiba-o-que-e-e-os-beneficios\/#breadcrumb\",\"itemListElement\":[{\"@type\":\"ListItem\",\"position\":1,\"name\":\"In\u00edcio\",\"item\":\"https:\/\/prevenseg-treinamentos.com.br\/portaldaprevencao\/\"},{\"@type\":\"ListItem\",\"position\":2,\"name\":\"Medicina do Trabalho \u2013 Saiba o Que \u00e9 e os Benef\u00edcios\"}]},{\"@type\":\"WebSite\",\"@id\":\"https:\/\/prevenseg-treinamentos.com.br\/portaldaprevencao\/#website\",\"url\":\"https:\/\/prevenseg-treinamentos.com.br\/portaldaprevencao\/\",\"name\":\"Portal da Preven\u00e7\u00e3o\",\"description\":\"Sa\u00fade e Seguran\u00e7a do Trabalho\",\"publisher\":{\"@id\":\"https:\/\/prevenseg-treinamentos.com.br\/portaldaprevencao\/#organization\"},\"potentialAction\":[{\"@type\":\"SearchAction\",\"target\":{\"@type\":\"EntryPoint\",\"urlTemplate\":\"https:\/\/prevenseg-treinamentos.com.br\/portaldaprevencao\/?s={search_term_string}\"},\"query-input\":{\"@type\":\"PropertyValueSpecification\",\"valueRequired\":true,\"valueName\":\"search_term_string\"}}],\"inLanguage\":\"pt-PT\"},{\"@type\":\"Organization\",\"@id\":\"https:\/\/prevenseg-treinamentos.com.br\/portaldaprevencao\/#organization\",\"name\":\"Prevenseg Treinamentos\",\"url\":\"https:\/\/prevenseg-treinamentos.com.br\/portaldaprevencao\/\",\"logo\":{\"@type\":\"ImageObject\",\"inLanguage\":\"pt-PT\",\"@id\":\"https:\/\/prevenseg-treinamentos.com.br\/portaldaprevencao\/#\/schema\/logo\/image\/\",\"url\":\"https:\/\/prevenseg-treinamentos.com.br\/portaldaprevencao\/wp-content\/uploads\/2018\/07\/LOGO-PHOTOSHOP.png\",\"contentUrl\":\"https:\/\/prevenseg-treinamentos.com.br\/portaldaprevencao\/wp-content\/uploads\/2018\/07\/LOGO-PHOTOSHOP.png\",\"width\":823,\"height\":448,\"caption\":\"Prevenseg Treinamentos\"},\"image\":{\"@id\":\"https:\/\/prevenseg-treinamentos.com.br\/portaldaprevencao\/#\/schema\/logo\/image\/\"},\"sameAs\":[\"https:\/\/www.facebook.com\/prevensetreinamentos\/\"]},{\"@type\":\"Person\",\"@id\":\"https:\/\/prevenseg-treinamentos.com.br\/portaldaprevencao\/#\/schema\/person\/82746c4230fb6d2ee5c6dd79c0746488\",\"name\":\"Diones Chelenper\",\"image\":{\"@type\":\"ImageObject\",\"inLanguage\":\"pt-PT\",\"@id\":\"https:\/\/secure.gravatar.com\/avatar\/ef4ffd41b20793ef13fd207b0fa9c50b201ef425c79c82cb66f41a0d59c0722c?s=96&d=mm&r=g\",\"url\":\"https:\/\/secure.gravatar.com\/avatar\/ef4ffd41b20793ef13fd207b0fa9c50b201ef425c79c82cb66f41a0d59c0722c?s=96&d=mm&r=g\",\"contentUrl\":\"https:\/\/secure.gravatar.com\/avatar\/ef4ffd41b20793ef13fd207b0fa9c50b201ef425c79c82cb66f41a0d59c0722c?s=96&d=mm&r=g\",\"caption\":\"Diones Chelenper\"},\"description\":\"Meu nome \u00e9 Diones Chelenper, sou profissional com forma\u00e7\u00e3o t\u00e9cnica na \u00e1rea de Seguran\u00e7a do Trabalho, Bombeiro Civil, Instrutor de Brigadas de Emerg\u00eancia e Supervisor de Trabalhos em Altura.\",\"sameAs\":[\"http:\/\/www.prevenseg-treinamentos.com.br\",\"https:\/\/www.facebook.com\/prevensetreinamentos\/\"],\"url\":\"https:\/\/prevenseg-treinamentos.com.br\/portaldaprevencao\/author\/administrador\/\"}]}<\/script>\n<!-- \/ Yoast SEO plugin. -->","yoast_head_json":{"title":"Medicina do Trabalho \u2013 Saiba o Que \u00e9 e os Benef\u00edcios - Blog Portal da Preven\u00e7\u00e3o","description":"A medicina do trabalho, tamb\u00e9m conhecida como medicina ocupacional \u00e9 uma especialidade m\u00e9dica que visa melhorar a rela\u00e7\u00e3o entre o meio de trabalho e...","robots":{"index":"index","follow":"follow","max-snippet":"max-snippet:-1","max-image-preview":"max-image-preview:large","max-video-preview":"max-video-preview:-1"},"canonical":"https:\/\/prevenseg-treinamentos.com.br\/portaldaprevencao\/medicina-do-trabalho-saiba-o-que-e-e-os-beneficios\/","og_locale":"pt_PT","og_type":"article","og_title":"Medicina do Trabalho \u2013 Saiba o Que \u00e9 e os Benef\u00edcios - Blog Portal da Preven\u00e7\u00e3o","og_description":"A medicina do trabalho, tamb\u00e9m conhecida como medicina ocupacional \u00e9 uma especialidade m\u00e9dica que visa melhorar a rela\u00e7\u00e3o entre o meio de trabalho e...","og_url":"https:\/\/prevenseg-treinamentos.com.br\/portaldaprevencao\/medicina-do-trabalho-saiba-o-que-e-e-os-beneficios\/","og_site_name":"Blog Portal da Preven\u00e7\u00e3o","article_publisher":"https:\/\/www.facebook.com\/prevensetreinamentos\/","article_author":"https:\/\/www.facebook.com\/prevensetreinamentos\/","article_published_time":"2018-12-07T09:00:49+00:00","article_modified_time":"2020-02-25T14:44:02+00:00","og_image":[{"url":"https:\/\/prevenseg-treinamentos.com.br\/portaldaprevencao\/wp-content\/uploads\/2018\/12\/MEDICINA-DO-TRABALHO.png","type":"","width":"","height":""}],"author":"Diones Chelenper","twitter_card":"summary_large_image","twitter_misc":{"Escrito por":"Diones Chelenper","Tempo estimado de leitura":"7 minutos"},"schema":{"@context":"https:\/\/schema.org","@graph":[{"@type":"Article","@id":"https:\/\/prevenseg-treinamentos.com.br\/portaldaprevencao\/medicina-do-trabalho-saiba-o-que-e-e-os-beneficios\/#article","isPartOf":{"@id":"https:\/\/prevenseg-treinamentos.com.br\/portaldaprevencao\/medicina-do-trabalho-saiba-o-que-e-e-os-beneficios\/"},"author":{"name":"Diones Chelenper","@id":"https:\/\/prevenseg-treinamentos.com.br\/portaldaprevencao\/#\/schema\/person\/82746c4230fb6d2ee5c6dd79c0746488"},"headline":"Medicina do Trabalho \u2013 Saiba o Que \u00e9 e os Benef\u00edcios","datePublished":"2018-12-07T09:00:49+00:00","dateModified":"2020-02-25T14:44:02+00:00","mainEntityOfPage":{"@id":"https:\/\/prevenseg-treinamentos.com.br\/portaldaprevencao\/medicina-do-trabalho-saiba-o-que-e-e-os-beneficios\/"},"wordCount":1421,"commentCount":0,"publisher":{"@id":"https:\/\/prevenseg-treinamentos.com.br\/portaldaprevencao\/#organization"},"image":{"@id":"https:\/\/prevenseg-treinamentos.com.br\/portaldaprevencao\/medicina-do-trabalho-saiba-o-que-e-e-os-beneficios\/#primaryimage"},"thumbnailUrl":"https:\/\/prevenseg-treinamentos.com.br\/portaldaprevencao\/wp-content\/uploads\/2018\/12\/MEDICINA-DO-TRABALHO.png","articleSection":["Seguran\u00e7a do Trabalho"],"inLanguage":"pt-PT","potentialAction":[{"@type":"CommentAction","name":"Comment","target":["https:\/\/prevenseg-treinamentos.com.br\/portaldaprevencao\/medicina-do-trabalho-saiba-o-que-e-e-os-beneficios\/#respond"]}]},{"@type":"WebPage","@id":"https:\/\/prevenseg-treinamentos.com.br\/portaldaprevencao\/medicina-do-trabalho-saiba-o-que-e-e-os-beneficios\/","url":"https:\/\/prevenseg-treinamentos.com.br\/portaldaprevencao\/medicina-do-trabalho-saiba-o-que-e-e-os-beneficios\/","name":"Medicina do Trabalho \u2013 Saiba o Que \u00e9 e os Benef\u00edcios - Blog Portal da Preven\u00e7\u00e3o","isPartOf":{"@id":"https:\/\/prevenseg-treinamentos.com.br\/portaldaprevencao\/#website"},"primaryImageOfPage":{"@id":"https:\/\/prevenseg-treinamentos.com.br\/portaldaprevencao\/medicina-do-trabalho-saiba-o-que-e-e-os-beneficios\/#primaryimage"},"image":{"@id":"https:\/\/prevenseg-treinamentos.com.br\/portaldaprevencao\/medicina-do-trabalho-saiba-o-que-e-e-os-beneficios\/#primaryimage"},"thumbnailUrl":"https:\/\/prevenseg-treinamentos.com.br\/portaldaprevencao\/wp-content\/uploads\/2018\/12\/MEDICINA-DO-TRABALHO.png","datePublished":"2018-12-07T09:00:49+00:00","dateModified":"2020-02-25T14:44:02+00:00","description":"A medicina do trabalho, tamb\u00e9m conhecida como medicina ocupacional \u00e9 uma especialidade m\u00e9dica que visa melhorar a rela\u00e7\u00e3o entre o meio de trabalho e...","breadcrumb":{"@id":"https:\/\/prevenseg-treinamentos.com.br\/portaldaprevencao\/medicina-do-trabalho-saiba-o-que-e-e-os-beneficios\/#breadcrumb"},"inLanguage":"pt-PT","potentialAction":[{"@type":"ReadAction","target":["https:\/\/prevenseg-treinamentos.com.br\/portaldaprevencao\/medicina-do-trabalho-saiba-o-que-e-e-os-beneficios\/"]}]},{"@type":"ImageObject","inLanguage":"pt-PT","@id":"https:\/\/prevenseg-treinamentos.com.br\/portaldaprevencao\/medicina-do-trabalho-saiba-o-que-e-e-os-beneficios\/#primaryimage","url":"https:\/\/prevenseg-treinamentos.com.br\/portaldaprevencao\/wp-content\/uploads\/2018\/12\/MEDICINA-DO-TRABALHO.png","contentUrl":"https:\/\/prevenseg-treinamentos.com.br\/portaldaprevencao\/wp-content\/uploads\/2018\/12\/MEDICINA-DO-TRABALHO.png","width":340,"height":227,"caption":"MEDICINA DO TRABALHO"},{"@type":"BreadcrumbList","@id":"https:\/\/prevenseg-treinamentos.com.br\/portaldaprevencao\/medicina-do-trabalho-saiba-o-que-e-e-os-beneficios\/#breadcrumb","itemListElement":[{"@type":"ListItem","position":1,"name":"In\u00edcio","item":"https:\/\/prevenseg-treinamentos.com.br\/portaldaprevencao\/"},{"@type":"ListItem","position":2,"name":"Medicina do Trabalho \u2013 Saiba o Que \u00e9 e os Benef\u00edcios"}]},{"@type":"WebSite","@id":"https:\/\/prevenseg-treinamentos.com.br\/portaldaprevencao\/#website","url":"https:\/\/prevenseg-treinamentos.com.br\/portaldaprevencao\/","name":"Portal da Preven\u00e7\u00e3o","description":"Sa\u00fade e Seguran\u00e7a do Trabalho","publisher":{"@id":"https:\/\/prevenseg-treinamentos.com.br\/portaldaprevencao\/#organization"},"potentialAction":[{"@type":"SearchAction","target":{"@type":"EntryPoint","urlTemplate":"https:\/\/prevenseg-treinamentos.com.br\/portaldaprevencao\/?s={search_term_string}"},"query-input":{"@type":"PropertyValueSpecification","valueRequired":true,"valueName":"search_term_string"}}],"inLanguage":"pt-PT"},{"@type":"Organization","@id":"https:\/\/prevenseg-treinamentos.com.br\/portaldaprevencao\/#organization","name":"Prevenseg Treinamentos","url":"https:\/\/prevenseg-treinamentos.com.br\/portaldaprevencao\/","logo":{"@type":"ImageObject","inLanguage":"pt-PT","@id":"https:\/\/prevenseg-treinamentos.com.br\/portaldaprevencao\/#\/schema\/logo\/image\/","url":"https:\/\/prevenseg-treinamentos.com.br\/portaldaprevencao\/wp-content\/uploads\/2018\/07\/LOGO-PHOTOSHOP.png","contentUrl":"https:\/\/prevenseg-treinamentos.com.br\/portaldaprevencao\/wp-content\/uploads\/2018\/07\/LOGO-PHOTOSHOP.png","width":823,"height":448,"caption":"Prevenseg Treinamentos"},"image":{"@id":"https:\/\/prevenseg-treinamentos.com.br\/portaldaprevencao\/#\/schema\/logo\/image\/"},"sameAs":["https:\/\/www.facebook.com\/prevensetreinamentos\/"]},{"@type":"Person","@id":"https:\/\/prevenseg-treinamentos.com.br\/portaldaprevencao\/#\/schema\/person\/82746c4230fb6d2ee5c6dd79c0746488","name":"Diones Chelenper","image":{"@type":"ImageObject","inLanguage":"pt-PT","@id":"https:\/\/secure.gravatar.com\/avatar\/ef4ffd41b20793ef13fd207b0fa9c50b201ef425c79c82cb66f41a0d59c0722c?s=96&d=mm&r=g","url":"https:\/\/secure.gravatar.com\/avatar\/ef4ffd41b20793ef13fd207b0fa9c50b201ef425c79c82cb66f41a0d59c0722c?s=96&d=mm&r=g","contentUrl":"https:\/\/secure.gravatar.com\/avatar\/ef4ffd41b20793ef13fd207b0fa9c50b201ef425c79c82cb66f41a0d59c0722c?s=96&d=mm&r=g","caption":"Diones Chelenper"},"description":"Meu nome \u00e9 Diones Chelenper, sou profissional com forma\u00e7\u00e3o t\u00e9cnica na \u00e1rea de Seguran\u00e7a do Trabalho, Bombeiro Civil, Instrutor de Brigadas de Emerg\u00eancia e Supervisor de Trabalhos em Altura.","sameAs":["http:\/\/www.prevenseg-treinamentos.com.br","https:\/\/www.facebook.com\/prevensetreinamentos\/"],"url":"https:\/\/prevenseg-treinamentos.com.br\/portaldaprevencao\/author\/administrador\/"}]}},"post_mailing_queue_ids":[],"_links":{"self":[{"href":"https:\/\/prevenseg-treinamentos.com.br\/portaldaprevencao\/wp-json\/wp\/v2\/posts\/649","targetHints":{"allow":["GET"]}}],"collection":[{"href":"https:\/\/prevenseg-treinamentos.com.br\/portaldaprevencao\/wp-json\/wp\/v2\/posts"}],"about":[{"href":"https:\/\/prevenseg-treinamentos.com.br\/portaldaprevencao\/wp-json\/wp\/v2\/types\/post"}],"author":[{"embeddable":true,"href":"https:\/\/prevenseg-treinamentos.com.br\/portaldaprevencao\/wp-json\/wp\/v2\/users\/1"}],"replies":[{"embeddable":true,"href":"https:\/\/prevenseg-treinamentos.com.br\/portaldaprevencao\/wp-json\/wp\/v2\/comments?post=649"}],"version-history":[{"count":1,"href":"https:\/\/prevenseg-treinamentos.com.br\/portaldaprevencao\/wp-json\/wp\/v2\/posts\/649\/revisions"}],"predecessor-version":[{"id":1084,"href":"https:\/\/prevenseg-treinamentos.com.br\/portaldaprevencao\/wp-json\/wp\/v2\/posts\/649\/revisions\/1084"}],"wp:attachment":[{"href":"https:\/\/prevenseg-treinamentos.com.br\/portaldaprevencao\/wp-json\/wp\/v2\/media?parent=649"}],"wp:term":[{"taxonomy":"category","embeddable":true,"href":"https:\/\/prevenseg-treinamentos.com.br\/portaldaprevencao\/wp-json\/wp\/v2\/categories?post=649"},{"taxonomy":"post_tag","embeddable":true,"href":"https:\/\/prevenseg-treinamentos.com.br\/portaldaprevencao\/wp-json\/wp\/v2\/tags?post=649"}],"curies":[{"name":"wp","href":"https:\/\/api.w.org\/{rel}","templated":true}]}}