{"id":630,"date":"2018-12-03T12:19:42","date_gmt":"2018-12-03T12:19:42","guid":{"rendered":"https:\/\/prevenseg-treinamentos.com.br\/portaldaprevencao\/?p=630"},"modified":"2020-02-25T11:45:10","modified_gmt":"2020-02-25T14:45:10","slug":"epis-o-que-fazer-se-o-empregado-nao-usar","status":"publish","type":"post","link":"https:\/\/prevenseg-treinamentos.com.br\/portaldaprevencao\/epis-o-que-fazer-se-o-empregado-nao-usar\/","title":{"rendered":"EPIs &#8211; O Que Fazer se o Empregado N\u00e3o Usar"},"content":{"rendered":"<p>Sabemos que o empregador deve fornecer os EPIs aos trabalhadores para a preven\u00e7\u00e3o de acidentes e\/ou doen\u00e7as do trabalho.<\/p>\n<p>Mas tamb\u00e9m sabemos que nem todos os trabalhadores gostam e fazem uso dos equipamentos de seguran\u00e7a, conforme orientado pelo empregador.<\/p>\n<p>O que o empregador deve fazer quando o trabalhador se recusa usar os equipamentos de seguran\u00e7a?<\/p>\n<p>Voc\u00ea j\u00e1 vivenciou ou conhece algu\u00e9m que passou ou passa por situa\u00e7\u00e3o semelhante?<\/p>\n<p>Continue lendo esse artigo e conhe\u00e7a as responsabilidades do empregador, do empregado e o que deve ser feito quando o empregado se recusa fazer uso dos equipamentos de seguran\u00e7a a ele fornecidos.<\/p>\n<h3><em><strong>O que s\u00e3o EPIs e para que serve?<\/strong><\/em><\/h3>\n<p><img fetchpriority=\"high\" decoding=\"async\" class=\"aligncenter wp-image-638\" src=\"https:\/\/prevenseg-treinamentos.com.br\/portaldaprevencao\/wp-content\/uploads\/2018\/12\/EPI-Equipamentos-de-Prote\u00e7\u00e3o-Individual.jpg\" alt=\"EPIs - Equipamentos de Prote\u00e7\u00e3o Individual\" width=\"653\" height=\"434\" srcset=\"https:\/\/prevenseg-treinamentos.com.br\/portaldaprevencao\/wp-content\/uploads\/2018\/12\/EPI-Equipamentos-de-Prote\u00e7\u00e3o-Individual.jpg 445w, https:\/\/prevenseg-treinamentos.com.br\/portaldaprevencao\/wp-content\/uploads\/2018\/12\/EPI-Equipamentos-de-Prote\u00e7\u00e3o-Individual-300x200.jpg 300w, https:\/\/prevenseg-treinamentos.com.br\/portaldaprevencao\/wp-content\/uploads\/2018\/12\/EPI-Equipamentos-de-Prote\u00e7\u00e3o-Individual-272x182.jpg 272w\" sizes=\"(max-width: 653px) 100vw, 653px\" \/><\/p>\n<p><a href=\"https:\/\/prevenseg-treinamentos.com.br\/portaldaprevencao\/2018\/08\/21\/epi-quais-as-obrigacoes-do-empregador-e-do-empregado\/\" target=\"_blank\" rel=\"noopener noreferrer\"><strong>Os Equipamentos de Prote\u00e7\u00e3o Individual<\/strong><\/a>\u00a0 (EPIs), s\u00e3o equipamentos utilizados por trabalhadores para proteger a sa\u00fade e\/ou integridade f\u00edsica contra os poss\u00edveis riscos existentes no ambiente de trabalho ou em determinada atividade, os quais podem causar doen\u00e7as ou provocar les\u00f5es f\u00edsicas em caso de acidente.<\/p>\n<p>O empregador tem a obriga\u00e7\u00e3o de fornecer os EPIs em perfeitas condi\u00e7\u00f5es de uso, adequado ao risco que o trabalhador est\u00e1 exposto e de forma gratuita e \u00e9 de responsabilidade do trabalhador fazer uso dos equipamentos para proteger sua sa\u00fade e integridade f\u00edsica.<\/p>\n<h3><em><strong>Qual Norma regulamenta as quest\u00f5es relacionadas aos EPIs? <\/strong><\/em><\/h3>\n<p><a href=\"http:\/\/trabalho.gov.br\/images\/Documentos\/SST\/NR\/nr-06-atualizada-2018.pdf\" target=\"_blank\" rel=\"noopener noreferrer\"><strong>A Norma Regulamentadora n\u00ba 06 (NR-06)<\/strong><\/a> \u00e9 a Norma do Minist\u00e9rio do Trabalho que regulamenta as obriga\u00e7\u00f5es, tanto do empregador quanto dos empregados, al\u00e9m das obriga\u00e7\u00f5es dos fabricantes e do pr\u00f3prio Minist\u00e9rio do Trabalho sobre os EPIs.<\/p>\n<p><strong>Responsabilidades do empregador quanto aos EPIs<\/strong><\/p>\n<p><img decoding=\"async\" class=\"aligncenter size-full wp-image-639 lazyload\" data-src=\"https:\/\/prevenseg-treinamentos.com.br\/portaldaprevencao\/wp-content\/uploads\/2018\/12\/Responsabilidade-do-empregador.png\" alt=\"Responsabilidade do empregador\" width=\"733\" height=\"297\" data-srcset=\"https:\/\/prevenseg-treinamentos.com.br\/portaldaprevencao\/wp-content\/uploads\/2018\/12\/Responsabilidade-do-empregador.png 733w, https:\/\/prevenseg-treinamentos.com.br\/portaldaprevencao\/wp-content\/uploads\/2018\/12\/Responsabilidade-do-empregador-300x122.png 300w\" data-sizes=\"(max-width: 733px) 100vw, 733px\" src=\"data:image\/svg+xml;base64,PHN2ZyB3aWR0aD0iMSIgaGVpZ2h0PSIxIiB4bWxucz0iaHR0cDovL3d3dy53My5vcmcvMjAwMC9zdmciPjwvc3ZnPg==\" style=\"--smush-placeholder-width: 733px; --smush-placeholder-aspect-ratio: 733\/297;\" \/><\/p>\n<p>O item 6.6 da NR \u2013 06 trata das responsabilidades do empregador no que diz respeito aos EPIs e entre estas responsabilidades est\u00e3o:<\/p>\n<ul>\n<li><strong>\u201cAdquirir o adequado ao risco de cada atividade\u201d;<\/strong><\/li>\n<\/ul>\n<p>A al\u00ednea \u201ca\u201d mencionada acima, determina que o empregador deve fornecer ao trabalhador o EPI, conforme o risco que este estiver exposto.<\/p>\n<p>Por exemplo: se o trabalhador estiver exposto ao ru\u00eddo, o empregador deve lhe fornecer o protetor auricular (protetor auditivo), podendo ser plug de inser\u00e7\u00e3o ou protetor modelo concha (abafador), dependendo do n\u00edvel de ru\u00eddo.<\/p>\n<p>Se o risco for qu\u00edmico, o EPI a ser fornecido \u00e9 a m\u00e1scara, que poder\u00e1 ser descart\u00e1vel ou n\u00e3o, dependendo do tipo de agente agressor \u00e0 sa\u00fade do trabalhador.<\/p>\n<ul>\n<li><strong>\u201cExigir seu uso\u201d;<\/strong><\/li>\n<\/ul>\n<p>A al\u00ednea \u201cb\u201d do item 6.6 da NR \u2013 06, diz que o empregador deve exigir o uso dos EPIs por parte dos trabalhadores. Ou seja, n\u00e3o basta apenas fornecer e n\u00e3o cobrar o uso dos equipamentos.<\/p>\n<p>Fornecer e n\u00e3o exigir o uso \u00e9 como se n\u00e3o tivesse fornecendo, pois, o trabalhador continuar\u00e1 exposto aos agentes agressivos \u00e0 sa\u00fade e isso poder\u00e1 trazer problemas futuros para o empregador.<\/p>\n<p>Portanto, forne\u00e7a os EPIs e n\u00e3o deixe de exigir o uso destes, pois a Norma exige que voc\u00ea exija.<\/p>\n<ul>\n<li><strong>\u201cFornecer ao trabalhador somente o aprovado pelo \u00f3rg\u00e3o nacional competente em mat\u00e9ria de seguran\u00e7a e sa\u00fade no trabalho\u201d;<\/strong><\/li>\n<\/ul>\n<p>Todos os equipamentos s\u00f3 ser\u00e3o considerados EPIs se tiverem passados por testes e sido aprovados para o que se prop\u00f5em (prote\u00e7\u00e3o do trabalhador contra agentes agressivos).<\/p>\n<p>Quando o EPI passa por determinado teste e \u00e9 aprovado, este recebe uma certifica\u00e7\u00e3o, denominada de \u201cCertificado de Aprova\u00e7\u00e3o \u2013 C.A).<\/p>\n<p>Este C.A \u00e9 representado no pr\u00f3prio EPI ou na embalagem do mesmo atrav\u00e9s das Letras mai\u00fasculas C.A e uma numera\u00e7\u00e3o.<\/p>\n<p>Por exemplo: C.A 27456 \u00e9 a certifica\u00e7\u00e3o de um \u00f3culos de seguran\u00e7a do fabricante \u201cBalaska Equipe Industria e Comercio Ltda\u201d, com validade at\u00e9 novembro de 2020.<\/p>\n<ul>\n<li><strong>\u201cOrientar e treinar o trabalhador sobre o uso adequado, guarda e conserva\u00e7\u00e3o\u201d;<\/strong><\/li>\n<\/ul>\n<p>Outra responsabilidade do empregador \u00e9 orientar e treinar o trabalhador sobre a forma correta de usar o equipamento e os cuidados com o mesmo.<\/p>\n<p>H\u00e1 necessidade de treinar o trabalhador quanto ao uso, pois alguns EPIs, como por exemplo, cintur\u00e3o tipo paraquedista, travas quedas, m\u00e1scaras para produtos qu\u00edmicos, etc.\u2026se o trabalhador nunca teve contato ou teve, por\u00e9m nunca usou, ele n\u00e3o saber\u00e1 fazer uso corretamente, o que inutiliza as fun\u00e7\u00f5es do equipamento.<\/p>\n<p>Al\u00e9m dos EPIs mencionados acima, at\u00e9 mesmo um simples protetor auricular, muitos n\u00e3o sabem como fazer a inser\u00e7\u00e3o correta do equipamento no canal auditivo, de forma que este o proteja e n\u00e3o o prejudique.<\/p>\n<p>Portanto, orientar e treinar o trabalhador quanto ao uso, guarda e conserva\u00e7\u00e3o \u00e9 indispens\u00e1vel, al\u00e9m de obrigat\u00f3rio.<\/p>\n<p>&#8230;&#8230;&#8230;&#8230;&#8230;&#8230;.<\/p>\n<ul>\n<li><strong>h) \u201cRegistrar o seu fornecimento ao trabalhador, podendo ser adotados livros, fichas ou sistema eletr\u00f4nico\u201d.<\/strong><\/li>\n<\/ul>\n<p>Todos os EPIs fornecidos pelo empregador ao empregado devem ser anotados em um documento denominado de \u201cFicha de EPI\u201d, onde deve no m\u00ednimo conter a quantidade, descri\u00e7\u00e3o do EPI fornecido, n\u00famero do C.A, data de entrega e campo para o trabalhador assinar, confirmando o recebimento.<\/p>\n<p>Vale ressaltar que a ficha de EPIs devidamente preenchida e assinada pelo trabalhador ao lado de cada equipamento recebido \u00e9 a \u00fanica forma que o empregador tem de comprovar o fornecimento.<\/p>\n<p>J\u00e1 houve casos em que o empregador tentou comprovar o fornecimento dos equipamentos de seguran\u00e7a ao trabalhador com a Nota Fiscal da compra, por\u00e9m a mesma n\u00e3o foi aceita como documento comprobat\u00f3rio para tal.<\/p>\n<p>Lembre-se, a nota fiscal comprova apenas que voc\u00ea comprou, n\u00e3o que voc\u00ea entregou para uso. Portanto, n\u00e3o deixe de registrar, e evite problemas futuros.<\/p>\n<p><strong>Responsabilidades do trabalhador quanto aos EPIs<\/strong><\/p>\n<p><img decoding=\"async\" class=\"aligncenter size-full wp-image-640 lazyload\" data-src=\"https:\/\/prevenseg-treinamentos.com.br\/portaldaprevencao\/wp-content\/uploads\/2018\/12\/Resposabilidade-do-empregado.png\" alt=\"Responsabilidade do empregado\" width=\"579\" height=\"157\" data-srcset=\"https:\/\/prevenseg-treinamentos.com.br\/portaldaprevencao\/wp-content\/uploads\/2018\/12\/Resposabilidade-do-empregado.png 579w, https:\/\/prevenseg-treinamentos.com.br\/portaldaprevencao\/wp-content\/uploads\/2018\/12\/Resposabilidade-do-empregado-300x81.png 300w\" data-sizes=\"(max-width: 579px) 100vw, 579px\" src=\"data:image\/svg+xml;base64,PHN2ZyB3aWR0aD0iMSIgaGVpZ2h0PSIxIiB4bWxucz0iaHR0cDovL3d3dy53My5vcmcvMjAwMC9zdmciPjwvc3ZnPg==\" style=\"--smush-placeholder-width: 579px; --smush-placeholder-aspect-ratio: 579\/157;\" \/><\/p>\n<p>Como mencionado no in\u00edcio deste artigo, a NR \u2013 06 determina responsabilidades do empregador quanto aos <a href=\"https:\/\/prevenseg-treinamentos.com.br\/portaldaprevencao\/2018\/08\/21\/epi-quais-as-obrigacoes-do-empregador-e-do-empregado\/\" target=\"_blank\" rel=\"noopener noreferrer\"><strong>equipamentos de prote\u00e7\u00e3o individual<\/strong><\/a>, mas esta mesma NR determina responsabilidades tamb\u00e9m do trabalhador.<\/p>\n<p>Estas responsabilidades est\u00e3o definidas no item 6.7 e s\u00e3o elas:<\/p>\n<p><strong>\u201cUsar, utilizando-o apenas para a finalidade que se destina\u201d;<\/strong><\/p>\n<p>O EPI \u00e9 fornecido gratuitamente ao trabalhador para que seja utilizado na execu\u00e7\u00e3o de atividades a servi\u00e7o do empregador, com a finalidade de proteger o trabalhador contra os riscos provenientes da atividade desempenhada ou do ambiente de trabalho.<\/p>\n<p>Qualquer outra forma de uso do EPI, que n\u00e3o seja a prote\u00e7\u00e3o da sua sa\u00fade e integridade f\u00edsica no ambiente de trabalho a servi\u00e7o do empregador, poder\u00e1 ir contra aos preceitos da al\u00ednea \u201ca\u201d do item 6.7 da NR \u2013 06, citada acima.<\/p>\n<p><strong>\u201cResponsabilizar-se pela guarda e conserva\u00e7\u00e3o\u201d;<\/strong><\/p>\n<p>A al\u00ednea \u201cd\u201d do item 6.6, determina que o empregador deve orientar e treinar o trabalhador sobre o uso, guarda e conserva\u00e7\u00e3o dos EPIs.<\/p>\n<p>Portanto, \u00e9 responsabilidade do trabalhador seguir as orienta\u00e7\u00f5es repassadas quanto aos cuidados necess\u00e1rios para manter o equipamento em perfeitas condi\u00e7\u00f5es de uso.<\/p>\n<p>Inclusive o empregador poder\u00e1 cobrar o valor de mercado para determinado EPI, se o trabalhador danificar ou extraviar seu equipamento, pois o texto acima \u00e9 claro quanto de quem \u00e9 a responsabilidade quanto a guarda e conserva\u00e7\u00e3o.<\/p>\n<p>N\u00e3o podemos deixar de mencionar que para isso o empregador tem que ter feito sua parte, ou seja, cumprido com suas responsabilidades.<\/p>\n<p><strong>\u201cComunicar ao empregador qualquer altera\u00e7\u00e3o que o torne impr\u00f3prio para uso\u201d;<\/strong><\/p>\n<p>\u00c9 comum as vezes o trabalhador deixar de usar o \u00f3culos de seguran\u00e7a por exemplo, alegando que este est\u00e1 muito arranhado e que ele n\u00e3o consegue enxergar nada.<\/p>\n<p>Nesse tipo de situa\u00e7\u00e3o a Norma manda que o empregado comunique o empregador sobre a altera\u00e7\u00e3o no equipamento, para que este seja substitu\u00eddo e n\u00e3o deixar de usar como acontece em alguns casos.<\/p>\n<p><strong>\u201cCumprir as determina\u00e7\u00f5es do empregador sobre o uso adequado\u201d.<\/strong><\/p>\n<p>Segundo o Art. 2\u00ba da CLT, cabe ao empregador a responsabilidade pelo fazer e pelo n\u00e3o fazer no ambiente de trabalho.<\/p>\n<p>Sendo assim, se o empregador determina que em determinado setor, ou servi\u00e7o deve ser utilizado certo EPI, cabe ao empregado cumprir com o que o patr\u00e3o est\u00e1 determinando.<\/p>\n<h3><em><strong>Consolida\u00e7\u00e3o das Leis Trabalhistas &#8211; CLT <\/strong><\/em><\/h3>\n<p>Quero citar nesse texto os Arts. 157 e 158, ambos da CLT, onde o Art. 157 fala sobre as responsabilidades dos empregadores e o Art. 158 fala sobre as responsabilidades dos empregados quanto a seguran\u00e7a do trabalho.<\/p>\n<p><strong>Artigo 157 \u2013 CLT \u2013 Responsabilidades do Empregador<\/strong><\/p>\n<p><img decoding=\"async\" class=\"aligncenter size-full wp-image-644 lazyload\" data-src=\"https:\/\/prevenseg-treinamentos.com.br\/portaldaprevencao\/wp-content\/uploads\/2018\/12\/art-157-CLT-1.png\" alt=\"art 157 CLT\" width=\"626\" height=\"330\" data-srcset=\"https:\/\/prevenseg-treinamentos.com.br\/portaldaprevencao\/wp-content\/uploads\/2018\/12\/art-157-CLT-1.png 626w, https:\/\/prevenseg-treinamentos.com.br\/portaldaprevencao\/wp-content\/uploads\/2018\/12\/art-157-CLT-1-300x158.png 300w\" data-sizes=\"(max-width: 626px) 100vw, 626px\" src=\"data:image\/svg+xml;base64,PHN2ZyB3aWR0aD0iMSIgaGVpZ2h0PSIxIiB4bWxucz0iaHR0cDovL3d3dy53My5vcmcvMjAwMC9zdmciPjwvc3ZnPg==\" style=\"--smush-placeholder-width: 626px; --smush-placeholder-aspect-ratio: 626\/330;\" \/><\/p>\n<p>O item I do Art. 157 diz que o empregador deve cumprir e fazer cumprir as normas de seguran\u00e7a e medicina do trabalho;<\/p>\n<p>No item II determina que o empregador deve instruir os empregados, atrav\u00e9s de ordens de servi\u00e7o (informar os riscos do local de trabalho e as medidas de preven\u00e7\u00e3o), quanto \u00e0s precau\u00e7\u00f5es a tomar no sentido de evitar acidentes do trabalho ou doen\u00e7as ocupacionais.<\/p>\n<p><strong>Artigo 158 \u2013 CLT \u2013 Responsabilidades do Empregado<\/strong><\/p>\n<p><img decoding=\"async\" class=\"aligncenter size-full wp-image-642 lazyload\" data-src=\"https:\/\/prevenseg-treinamentos.com.br\/portaldaprevencao\/wp-content\/uploads\/2018\/12\/Art-158-CLT.png\" alt=\"Art 158 CLT\" width=\"628\" height=\"489\" data-srcset=\"https:\/\/prevenseg-treinamentos.com.br\/portaldaprevencao\/wp-content\/uploads\/2018\/12\/Art-158-CLT.png 628w, https:\/\/prevenseg-treinamentos.com.br\/portaldaprevencao\/wp-content\/uploads\/2018\/12\/Art-158-CLT-300x234.png 300w\" data-sizes=\"(max-width: 628px) 100vw, 628px\" src=\"data:image\/svg+xml;base64,PHN2ZyB3aWR0aD0iMSIgaGVpZ2h0PSIxIiB4bWxucz0iaHR0cDovL3d3dy53My5vcmcvMjAwMC9zdmciPjwvc3ZnPg==\" style=\"--smush-placeholder-width: 628px; --smush-placeholder-aspect-ratio: 628\/489;\" \/><\/p>\n<p>O Art. 158 determina no item I que o empregado deve observar as normas de seguran\u00e7a e medicina do trabalho, inclusive as instru\u00e7\u00f5es de que trata o item II do artigo anterior.<\/p>\n<p><strong>O que diz o item anterior?<\/strong><\/p>\n<p>\u201cDiz que o empregador deve instruir os empregados, atrav\u00e9s de ordens de servi\u00e7o (informar os riscos do local de trabalho e as medidas de preven\u00e7\u00e3o), quanto \u00e0s precau\u00e7\u00f5es a tomar no sentido de evitar acidentes do trabalho ou doen\u00e7as ocupacionais\u201d.<\/p>\n<p>Ent\u00e3o trabalhador, seguir as orienta\u00e7\u00f5es do empregador no sentido de evitar acidentes do trabalho ou doen\u00e7as ocupacionais \u00e9 sua obriga\u00e7\u00e3o.<\/p>\n<p>O Art. 158 tem um par\u00e1grafo \u00fanico que considera ato faltoso do empregado a recusa injustificada quanto ao n\u00e3o cumprimento das instru\u00e7\u00f5es repassadas pelo empregador e quanto ao n\u00e3o uso dos equipamentos de prote\u00e7\u00e3o fornecidos pela empresa.<\/p>\n<p><strong>Art 158 \u201cConstitui ato faltoso do empregado a recusa injustificada:<\/strong><\/p>\n<p><strong>a) \u00e0 observ\u00e2ncia das instru\u00e7\u00f5es expedidas pelo empregador na forma do item II do artigo anterior; <\/strong><\/p>\n<p><strong>b) ao uso dos equipamentos de prote\u00e7\u00e3o individual fornecidos pela empresa\u201d.<\/strong><\/p>\n<p>Portanto, se recusar a usar determinado equipamento ou seguir orienta\u00e7\u00e3o de seguran\u00e7a sem justificativa plaus\u00edvel por parte do trabalhador \u00e9 considerado ato faltoso e isso poder\u00e1 gerar demiss\u00e3o por justa causa.<\/p>\n<p>\u00c9 claro que para o trabalhador ser demitido por justa causa, a empresa precisa comprovar com documentos que esta cumpriu com todas as suas responsabilidades, inclusive com ado\u00e7\u00e3o de medidas administrativas, educativas e disciplinares.<\/p>\n<h3><em><strong>Consequ\u00eancias do n\u00e3o cumprimento das Normas<\/strong><\/em><\/h3>\n<p>Bom. Como vimos e lemos desde o in\u00edcio deste texto, o empregador tem responsabilidades quanto aos EPIs, mas os trabalhadores tamb\u00e9m t\u00eam.<\/p>\n<p>O empregador deve fornecer, orientar, registrar, exigir o uso, etc.<\/p>\n<p>O trabalhador deve usar apenas para a finalidade que se destina, responsabilizar-se pela guarda e conserva\u00e7\u00e3o, comunicar o empregador qualquer altera\u00e7\u00e3o no EPI e cumprir as determina\u00e7\u00f5es do empregador quanto uso.<\/p>\n<p>N\u00e3o \u00e9 dif\u00edcil sabermos que as Leis foram feitas para serem cumpridas e que aquele ou aquela que assim n\u00e3o o fizer poder\u00e1 sofrer consequ\u00eancias.<\/p>\n<p>As consequ\u00eancias para a empresa podem ser multas, gastos com acidentes e\/ou doen\u00e7as\/ perda de tempo com afastamentos, etc&#8230;<\/p>\n<p>Para o trabalhador al\u00e9m de problemas de sa\u00fade este poder ser demitido por justa causa.<\/p>\n<h3><em><strong>O que fazer quando o trabalhador se recusa usar os EPIs<\/strong><\/em><\/h3>\n<p>Se o empregador cumpre com todas as suas responsabilidades e o trabalhador se recusa fazer uso dos equipamentos de prote\u00e7\u00e3o individual, o empregador deve gerar um hist\u00f3rico documentado de suas a\u00e7\u00f5es<\/p>\n<p>A primeira coisa a ser feita \u00e9 dar uma advert\u00eancia verbal neste funcion\u00e1rio.<\/p>\n<p>Se assim o trabalhador ainda estiver descumprindo as orienta\u00e7\u00f5es, ent\u00e3o o empregador poder\u00e1 lhe aplicar uma advert\u00eancia por escrito.<\/p>\n<p>Caso o trabalhador continue sendo desobediente quanto ao cumprimento das suas responsabilidades, ent\u00e3o o empregador lhe dar\u00e1 uma suspens\u00e3o.<\/p>\n<p>Sugiro num primeiro momento suspens\u00e3o de tr\u00eas dias, pois se continuar sendo reincidente mesmo ap\u00f3s a primeira suspens\u00e3o, ent\u00e3o lhe aplica uma suspens\u00e3o ainda maior e posteriormente poder\u00e1 demiti-lo por justa causa, conforme al\u00ednea \u201ch\u201d do Art. 482 da CLT.<\/p>\n<p>Art. 482 \u2013 \u201cConstituem justa causa para rescis\u00e3o do contrato de trabalho pelo empregador<\/p>\n<p>&#8230;&#8230;&#8230;&#8230;&#8230;.<\/p>\n<p><strong>h) Ato de indisciplina ou de insubordina\u00e7\u00e3o\u201d;<\/strong><\/p>\n<p>Vale lembrar que todas as medidas, sejam elas administrativas, educativas e\/ou disciplinares, devem estar devidamente documentadas, pois o empregador ter\u00e1 que comprovar que fez sua parte.<\/p>\n<p>Do contr\u00e1rio o empregado reverter\u00e1 a justa causa.<\/p>\n<p>Se voc\u00ea gostou do post de hoje, deixe a sua curtida abaixo e n\u00e3o deixe de compartilhar com outros leitores, amigos e familiares, para que mais pessoas tenham acesso \u00e0 esta informa\u00e7\u00e3o.<\/p>\n<p>At\u00e9 o pr\u00f3ximo artigo!<\/p>\n","protected":false},"excerpt":{"rendered":"<p>Sabemos que o empregador deve fornecer os EPIs aos trabalhadores para a preven\u00e7\u00e3o de acidentes e\/ou doen\u00e7as do trabalho. Mas tamb\u00e9m sabemos que nem todos os trabalhadores gostam e fazem uso dos equipamentos de seguran\u00e7a, conforme orientado pelo empregador. O que o empregador deve fazer quando o trabalhador se recusa usar os equipamentos de seguran\u00e7a? [&hellip;]<\/p>\n","protected":false},"author":1,"featured_media":638,"comment_status":"open","ping_status":"open","sticky":false,"template":"","format":"standard","meta":{"_exactmetrics_skip_tracking":false,"_exactmetrics_sitenote_active":false,"_exactmetrics_sitenote_note":"","_exactmetrics_sitenote_category":0,"footnotes":""},"categories":[1],"tags":[],"class_list":["post-630","post","type-post","status-publish","format-standard","has-post-thumbnail","hentry","category-seguranca-do-trabalho"],"yoast_head":"<!-- This site is optimized with the Yoast SEO plugin v27.2 - https:\/\/yoast.com\/product\/yoast-seo-wordpress\/ -->\n<title>EPIs - O Que Fazer se o Empregado N\u00e3o Usar - Blog Portal da Preven\u00e7\u00e3o<\/title>\n<meta name=\"description\" content=\"Se o empregador cumpre com todas as suas responsabilidades e o trabalhador se recusa fazer uso dos EPIs, o empregador deve adotar medidas administrativas e\" \/>\n<meta name=\"robots\" content=\"index, follow, max-snippet:-1, max-image-preview:large, max-video-preview:-1\" \/>\n<link rel=\"canonical\" href=\"https:\/\/prevenseg-treinamentos.com.br\/portaldaprevencao\/epis-o-que-fazer-se-o-empregado-nao-usar\/\" \/>\n<meta property=\"og:locale\" content=\"pt_PT\" \/>\n<meta property=\"og:type\" content=\"article\" \/>\n<meta property=\"og:title\" content=\"EPIs - O Que Fazer se o Empregado N\u00e3o Usar - Blog Portal da Preven\u00e7\u00e3o\" \/>\n<meta property=\"og:description\" content=\"Se o empregador cumpre com todas as suas responsabilidades e o trabalhador se recusa fazer uso dos EPIs, o empregador deve adotar medidas administrativas e\" \/>\n<meta property=\"og:url\" content=\"https:\/\/prevenseg-treinamentos.com.br\/portaldaprevencao\/epis-o-que-fazer-se-o-empregado-nao-usar\/\" \/>\n<meta property=\"og:site_name\" content=\"Blog Portal da Preven\u00e7\u00e3o\" \/>\n<meta property=\"article:publisher\" content=\"https:\/\/www.facebook.com\/prevensetreinamentos\/\" \/>\n<meta property=\"article:author\" content=\"https:\/\/www.facebook.com\/prevensetreinamentos\/\" \/>\n<meta property=\"article:published_time\" content=\"2018-12-03T12:19:42+00:00\" \/>\n<meta property=\"article:modified_time\" content=\"2020-02-25T14:45:10+00:00\" \/>\n<meta property=\"og:image\" content=\"https:\/\/prevenseg-treinamentos.com.br\/portaldaprevencao\/wp-content\/uploads\/2018\/12\/EPI-Equipamentos-de-Prote\u00e7\u00e3o-Individual.jpg\" \/>\n\t<meta property=\"og:image:width\" content=\"445\" \/>\n\t<meta property=\"og:image:height\" content=\"296\" \/>\n\t<meta property=\"og:image:type\" content=\"image\/jpeg\" \/>\n<meta name=\"author\" content=\"Diones Chelenper\" \/>\n<meta name=\"twitter:card\" content=\"summary_large_image\" \/>\n<meta name=\"twitter:label1\" content=\"Escrito por\" \/>\n\t<meta name=\"twitter:data1\" content=\"Diones Chelenper\" \/>\n\t<meta name=\"twitter:label2\" content=\"Tempo estimado de leitura\" \/>\n\t<meta name=\"twitter:data2\" content=\"10 minutos\" \/>\n<script type=\"application\/ld+json\" class=\"yoast-schema-graph\">{\"@context\":\"https:\/\/schema.org\",\"@graph\":[{\"@type\":\"Article\",\"@id\":\"https:\/\/prevenseg-treinamentos.com.br\/portaldaprevencao\/epis-o-que-fazer-se-o-empregado-nao-usar\/#article\",\"isPartOf\":{\"@id\":\"https:\/\/prevenseg-treinamentos.com.br\/portaldaprevencao\/epis-o-que-fazer-se-o-empregado-nao-usar\/\"},\"author\":{\"name\":\"Diones Chelenper\",\"@id\":\"https:\/\/prevenseg-treinamentos.com.br\/portaldaprevencao\/#\/schema\/person\/82746c4230fb6d2ee5c6dd79c0746488\"},\"headline\":\"EPIs &#8211; O Que Fazer se o Empregado N\u00e3o Usar\",\"datePublished\":\"2018-12-03T12:19:42+00:00\",\"dateModified\":\"2020-02-25T14:45:10+00:00\",\"mainEntityOfPage\":{\"@id\":\"https:\/\/prevenseg-treinamentos.com.br\/portaldaprevencao\/epis-o-que-fazer-se-o-empregado-nao-usar\/\"},\"wordCount\":2090,\"commentCount\":0,\"publisher\":{\"@id\":\"https:\/\/prevenseg-treinamentos.com.br\/portaldaprevencao\/#organization\"},\"image\":{\"@id\":\"https:\/\/prevenseg-treinamentos.com.br\/portaldaprevencao\/epis-o-que-fazer-se-o-empregado-nao-usar\/#primaryimage\"},\"thumbnailUrl\":\"https:\/\/prevenseg-treinamentos.com.br\/portaldaprevencao\/wp-content\/uploads\/2018\/12\/EPI-Equipamentos-de-Prote\u00e7\u00e3o-Individual.jpg\",\"articleSection\":[\"Seguran\u00e7a do Trabalho\"],\"inLanguage\":\"pt-PT\",\"potentialAction\":[{\"@type\":\"CommentAction\",\"name\":\"Comment\",\"target\":[\"https:\/\/prevenseg-treinamentos.com.br\/portaldaprevencao\/epis-o-que-fazer-se-o-empregado-nao-usar\/#respond\"]}]},{\"@type\":\"WebPage\",\"@id\":\"https:\/\/prevenseg-treinamentos.com.br\/portaldaprevencao\/epis-o-que-fazer-se-o-empregado-nao-usar\/\",\"url\":\"https:\/\/prevenseg-treinamentos.com.br\/portaldaprevencao\/epis-o-que-fazer-se-o-empregado-nao-usar\/\",\"name\":\"EPIs - O Que Fazer se o Empregado N\u00e3o Usar - Blog Portal da Preven\u00e7\u00e3o\",\"isPartOf\":{\"@id\":\"https:\/\/prevenseg-treinamentos.com.br\/portaldaprevencao\/#website\"},\"primaryImageOfPage\":{\"@id\":\"https:\/\/prevenseg-treinamentos.com.br\/portaldaprevencao\/epis-o-que-fazer-se-o-empregado-nao-usar\/#primaryimage\"},\"image\":{\"@id\":\"https:\/\/prevenseg-treinamentos.com.br\/portaldaprevencao\/epis-o-que-fazer-se-o-empregado-nao-usar\/#primaryimage\"},\"thumbnailUrl\":\"https:\/\/prevenseg-treinamentos.com.br\/portaldaprevencao\/wp-content\/uploads\/2018\/12\/EPI-Equipamentos-de-Prote\u00e7\u00e3o-Individual.jpg\",\"datePublished\":\"2018-12-03T12:19:42+00:00\",\"dateModified\":\"2020-02-25T14:45:10+00:00\",\"description\":\"Se o empregador cumpre com todas as suas responsabilidades e o trabalhador se recusa fazer uso dos EPIs, o empregador deve adotar medidas administrativas e\",\"breadcrumb\":{\"@id\":\"https:\/\/prevenseg-treinamentos.com.br\/portaldaprevencao\/epis-o-que-fazer-se-o-empregado-nao-usar\/#breadcrumb\"},\"inLanguage\":\"pt-PT\",\"potentialAction\":[{\"@type\":\"ReadAction\",\"target\":[\"https:\/\/prevenseg-treinamentos.com.br\/portaldaprevencao\/epis-o-que-fazer-se-o-empregado-nao-usar\/\"]}]},{\"@type\":\"ImageObject\",\"inLanguage\":\"pt-PT\",\"@id\":\"https:\/\/prevenseg-treinamentos.com.br\/portaldaprevencao\/epis-o-que-fazer-se-o-empregado-nao-usar\/#primaryimage\",\"url\":\"https:\/\/prevenseg-treinamentos.com.br\/portaldaprevencao\/wp-content\/uploads\/2018\/12\/EPI-Equipamentos-de-Prote\u00e7\u00e3o-Individual.jpg\",\"contentUrl\":\"https:\/\/prevenseg-treinamentos.com.br\/portaldaprevencao\/wp-content\/uploads\/2018\/12\/EPI-Equipamentos-de-Prote\u00e7\u00e3o-Individual.jpg\",\"width\":445,\"height\":296},{\"@type\":\"BreadcrumbList\",\"@id\":\"https:\/\/prevenseg-treinamentos.com.br\/portaldaprevencao\/epis-o-que-fazer-se-o-empregado-nao-usar\/#breadcrumb\",\"itemListElement\":[{\"@type\":\"ListItem\",\"position\":1,\"name\":\"In\u00edcio\",\"item\":\"https:\/\/prevenseg-treinamentos.com.br\/portaldaprevencao\/\"},{\"@type\":\"ListItem\",\"position\":2,\"name\":\"EPIs &#8211; O Que Fazer se o Empregado N\u00e3o Usar\"}]},{\"@type\":\"WebSite\",\"@id\":\"https:\/\/prevenseg-treinamentos.com.br\/portaldaprevencao\/#website\",\"url\":\"https:\/\/prevenseg-treinamentos.com.br\/portaldaprevencao\/\",\"name\":\"Portal da Preven\u00e7\u00e3o\",\"description\":\"Sa\u00fade e Seguran\u00e7a do Trabalho\",\"publisher\":{\"@id\":\"https:\/\/prevenseg-treinamentos.com.br\/portaldaprevencao\/#organization\"},\"potentialAction\":[{\"@type\":\"SearchAction\",\"target\":{\"@type\":\"EntryPoint\",\"urlTemplate\":\"https:\/\/prevenseg-treinamentos.com.br\/portaldaprevencao\/?s={search_term_string}\"},\"query-input\":{\"@type\":\"PropertyValueSpecification\",\"valueRequired\":true,\"valueName\":\"search_term_string\"}}],\"inLanguage\":\"pt-PT\"},{\"@type\":\"Organization\",\"@id\":\"https:\/\/prevenseg-treinamentos.com.br\/portaldaprevencao\/#organization\",\"name\":\"Prevenseg Treinamentos\",\"url\":\"https:\/\/prevenseg-treinamentos.com.br\/portaldaprevencao\/\",\"logo\":{\"@type\":\"ImageObject\",\"inLanguage\":\"pt-PT\",\"@id\":\"https:\/\/prevenseg-treinamentos.com.br\/portaldaprevencao\/#\/schema\/logo\/image\/\",\"url\":\"https:\/\/prevenseg-treinamentos.com.br\/portaldaprevencao\/wp-content\/uploads\/2018\/07\/LOGO-PHOTOSHOP.png\",\"contentUrl\":\"https:\/\/prevenseg-treinamentos.com.br\/portaldaprevencao\/wp-content\/uploads\/2018\/07\/LOGO-PHOTOSHOP.png\",\"width\":823,\"height\":448,\"caption\":\"Prevenseg Treinamentos\"},\"image\":{\"@id\":\"https:\/\/prevenseg-treinamentos.com.br\/portaldaprevencao\/#\/schema\/logo\/image\/\"},\"sameAs\":[\"https:\/\/www.facebook.com\/prevensetreinamentos\/\"]},{\"@type\":\"Person\",\"@id\":\"https:\/\/prevenseg-treinamentos.com.br\/portaldaprevencao\/#\/schema\/person\/82746c4230fb6d2ee5c6dd79c0746488\",\"name\":\"Diones Chelenper\",\"image\":{\"@type\":\"ImageObject\",\"inLanguage\":\"pt-PT\",\"@id\":\"https:\/\/secure.gravatar.com\/avatar\/ef4ffd41b20793ef13fd207b0fa9c50b201ef425c79c82cb66f41a0d59c0722c?s=96&d=mm&r=g\",\"url\":\"https:\/\/secure.gravatar.com\/avatar\/ef4ffd41b20793ef13fd207b0fa9c50b201ef425c79c82cb66f41a0d59c0722c?s=96&d=mm&r=g\",\"contentUrl\":\"https:\/\/secure.gravatar.com\/avatar\/ef4ffd41b20793ef13fd207b0fa9c50b201ef425c79c82cb66f41a0d59c0722c?s=96&d=mm&r=g\",\"caption\":\"Diones Chelenper\"},\"description\":\"Meu nome \u00e9 Diones Chelenper, sou profissional com forma\u00e7\u00e3o t\u00e9cnica na \u00e1rea de Seguran\u00e7a do Trabalho, Bombeiro Civil, Instrutor de Brigadas de Emerg\u00eancia e Supervisor de Trabalhos em Altura.\",\"sameAs\":[\"http:\/\/www.prevenseg-treinamentos.com.br\",\"https:\/\/www.facebook.com\/prevensetreinamentos\/\"],\"url\":\"https:\/\/prevenseg-treinamentos.com.br\/portaldaprevencao\/author\/administrador\/\"}]}<\/script>\n<!-- \/ Yoast SEO plugin. -->","yoast_head_json":{"title":"EPIs - O Que Fazer se o Empregado N\u00e3o Usar - Blog Portal da Preven\u00e7\u00e3o","description":"Se o empregador cumpre com todas as suas responsabilidades e o trabalhador se recusa fazer uso dos EPIs, o empregador deve adotar medidas administrativas e","robots":{"index":"index","follow":"follow","max-snippet":"max-snippet:-1","max-image-preview":"max-image-preview:large","max-video-preview":"max-video-preview:-1"},"canonical":"https:\/\/prevenseg-treinamentos.com.br\/portaldaprevencao\/epis-o-que-fazer-se-o-empregado-nao-usar\/","og_locale":"pt_PT","og_type":"article","og_title":"EPIs - O Que Fazer se o Empregado N\u00e3o Usar - Blog Portal da Preven\u00e7\u00e3o","og_description":"Se o empregador cumpre com todas as suas responsabilidades e o trabalhador se recusa fazer uso dos EPIs, o empregador deve adotar medidas administrativas e","og_url":"https:\/\/prevenseg-treinamentos.com.br\/portaldaprevencao\/epis-o-que-fazer-se-o-empregado-nao-usar\/","og_site_name":"Blog Portal da Preven\u00e7\u00e3o","article_publisher":"https:\/\/www.facebook.com\/prevensetreinamentos\/","article_author":"https:\/\/www.facebook.com\/prevensetreinamentos\/","article_published_time":"2018-12-03T12:19:42+00:00","article_modified_time":"2020-02-25T14:45:10+00:00","og_image":[{"width":445,"height":296,"url":"https:\/\/prevenseg-treinamentos.com.br\/portaldaprevencao\/wp-content\/uploads\/2018\/12\/EPI-Equipamentos-de-Prote\u00e7\u00e3o-Individual.jpg","type":"image\/jpeg"}],"author":"Diones Chelenper","twitter_card":"summary_large_image","twitter_misc":{"Escrito por":"Diones Chelenper","Tempo estimado de leitura":"10 minutos"},"schema":{"@context":"https:\/\/schema.org","@graph":[{"@type":"Article","@id":"https:\/\/prevenseg-treinamentos.com.br\/portaldaprevencao\/epis-o-que-fazer-se-o-empregado-nao-usar\/#article","isPartOf":{"@id":"https:\/\/prevenseg-treinamentos.com.br\/portaldaprevencao\/epis-o-que-fazer-se-o-empregado-nao-usar\/"},"author":{"name":"Diones Chelenper","@id":"https:\/\/prevenseg-treinamentos.com.br\/portaldaprevencao\/#\/schema\/person\/82746c4230fb6d2ee5c6dd79c0746488"},"headline":"EPIs &#8211; O Que Fazer se o Empregado N\u00e3o Usar","datePublished":"2018-12-03T12:19:42+00:00","dateModified":"2020-02-25T14:45:10+00:00","mainEntityOfPage":{"@id":"https:\/\/prevenseg-treinamentos.com.br\/portaldaprevencao\/epis-o-que-fazer-se-o-empregado-nao-usar\/"},"wordCount":2090,"commentCount":0,"publisher":{"@id":"https:\/\/prevenseg-treinamentos.com.br\/portaldaprevencao\/#organization"},"image":{"@id":"https:\/\/prevenseg-treinamentos.com.br\/portaldaprevencao\/epis-o-que-fazer-se-o-empregado-nao-usar\/#primaryimage"},"thumbnailUrl":"https:\/\/prevenseg-treinamentos.com.br\/portaldaprevencao\/wp-content\/uploads\/2018\/12\/EPI-Equipamentos-de-Prote\u00e7\u00e3o-Individual.jpg","articleSection":["Seguran\u00e7a do Trabalho"],"inLanguage":"pt-PT","potentialAction":[{"@type":"CommentAction","name":"Comment","target":["https:\/\/prevenseg-treinamentos.com.br\/portaldaprevencao\/epis-o-que-fazer-se-o-empregado-nao-usar\/#respond"]}]},{"@type":"WebPage","@id":"https:\/\/prevenseg-treinamentos.com.br\/portaldaprevencao\/epis-o-que-fazer-se-o-empregado-nao-usar\/","url":"https:\/\/prevenseg-treinamentos.com.br\/portaldaprevencao\/epis-o-que-fazer-se-o-empregado-nao-usar\/","name":"EPIs - O Que Fazer se o Empregado N\u00e3o Usar - Blog Portal da Preven\u00e7\u00e3o","isPartOf":{"@id":"https:\/\/prevenseg-treinamentos.com.br\/portaldaprevencao\/#website"},"primaryImageOfPage":{"@id":"https:\/\/prevenseg-treinamentos.com.br\/portaldaprevencao\/epis-o-que-fazer-se-o-empregado-nao-usar\/#primaryimage"},"image":{"@id":"https:\/\/prevenseg-treinamentos.com.br\/portaldaprevencao\/epis-o-que-fazer-se-o-empregado-nao-usar\/#primaryimage"},"thumbnailUrl":"https:\/\/prevenseg-treinamentos.com.br\/portaldaprevencao\/wp-content\/uploads\/2018\/12\/EPI-Equipamentos-de-Prote\u00e7\u00e3o-Individual.jpg","datePublished":"2018-12-03T12:19:42+00:00","dateModified":"2020-02-25T14:45:10+00:00","description":"Se o empregador cumpre com todas as suas responsabilidades e o trabalhador se recusa fazer uso dos EPIs, o empregador deve adotar medidas administrativas e","breadcrumb":{"@id":"https:\/\/prevenseg-treinamentos.com.br\/portaldaprevencao\/epis-o-que-fazer-se-o-empregado-nao-usar\/#breadcrumb"},"inLanguage":"pt-PT","potentialAction":[{"@type":"ReadAction","target":["https:\/\/prevenseg-treinamentos.com.br\/portaldaprevencao\/epis-o-que-fazer-se-o-empregado-nao-usar\/"]}]},{"@type":"ImageObject","inLanguage":"pt-PT","@id":"https:\/\/prevenseg-treinamentos.com.br\/portaldaprevencao\/epis-o-que-fazer-se-o-empregado-nao-usar\/#primaryimage","url":"https:\/\/prevenseg-treinamentos.com.br\/portaldaprevencao\/wp-content\/uploads\/2018\/12\/EPI-Equipamentos-de-Prote\u00e7\u00e3o-Individual.jpg","contentUrl":"https:\/\/prevenseg-treinamentos.com.br\/portaldaprevencao\/wp-content\/uploads\/2018\/12\/EPI-Equipamentos-de-Prote\u00e7\u00e3o-Individual.jpg","width":445,"height":296},{"@type":"BreadcrumbList","@id":"https:\/\/prevenseg-treinamentos.com.br\/portaldaprevencao\/epis-o-que-fazer-se-o-empregado-nao-usar\/#breadcrumb","itemListElement":[{"@type":"ListItem","position":1,"name":"In\u00edcio","item":"https:\/\/prevenseg-treinamentos.com.br\/portaldaprevencao\/"},{"@type":"ListItem","position":2,"name":"EPIs &#8211; O Que Fazer se o Empregado N\u00e3o Usar"}]},{"@type":"WebSite","@id":"https:\/\/prevenseg-treinamentos.com.br\/portaldaprevencao\/#website","url":"https:\/\/prevenseg-treinamentos.com.br\/portaldaprevencao\/","name":"Portal da Preven\u00e7\u00e3o","description":"Sa\u00fade e Seguran\u00e7a do Trabalho","publisher":{"@id":"https:\/\/prevenseg-treinamentos.com.br\/portaldaprevencao\/#organization"},"potentialAction":[{"@type":"SearchAction","target":{"@type":"EntryPoint","urlTemplate":"https:\/\/prevenseg-treinamentos.com.br\/portaldaprevencao\/?s={search_term_string}"},"query-input":{"@type":"PropertyValueSpecification","valueRequired":true,"valueName":"search_term_string"}}],"inLanguage":"pt-PT"},{"@type":"Organization","@id":"https:\/\/prevenseg-treinamentos.com.br\/portaldaprevencao\/#organization","name":"Prevenseg Treinamentos","url":"https:\/\/prevenseg-treinamentos.com.br\/portaldaprevencao\/","logo":{"@type":"ImageObject","inLanguage":"pt-PT","@id":"https:\/\/prevenseg-treinamentos.com.br\/portaldaprevencao\/#\/schema\/logo\/image\/","url":"https:\/\/prevenseg-treinamentos.com.br\/portaldaprevencao\/wp-content\/uploads\/2018\/07\/LOGO-PHOTOSHOP.png","contentUrl":"https:\/\/prevenseg-treinamentos.com.br\/portaldaprevencao\/wp-content\/uploads\/2018\/07\/LOGO-PHOTOSHOP.png","width":823,"height":448,"caption":"Prevenseg Treinamentos"},"image":{"@id":"https:\/\/prevenseg-treinamentos.com.br\/portaldaprevencao\/#\/schema\/logo\/image\/"},"sameAs":["https:\/\/www.facebook.com\/prevensetreinamentos\/"]},{"@type":"Person","@id":"https:\/\/prevenseg-treinamentos.com.br\/portaldaprevencao\/#\/schema\/person\/82746c4230fb6d2ee5c6dd79c0746488","name":"Diones Chelenper","image":{"@type":"ImageObject","inLanguage":"pt-PT","@id":"https:\/\/secure.gravatar.com\/avatar\/ef4ffd41b20793ef13fd207b0fa9c50b201ef425c79c82cb66f41a0d59c0722c?s=96&d=mm&r=g","url":"https:\/\/secure.gravatar.com\/avatar\/ef4ffd41b20793ef13fd207b0fa9c50b201ef425c79c82cb66f41a0d59c0722c?s=96&d=mm&r=g","contentUrl":"https:\/\/secure.gravatar.com\/avatar\/ef4ffd41b20793ef13fd207b0fa9c50b201ef425c79c82cb66f41a0d59c0722c?s=96&d=mm&r=g","caption":"Diones Chelenper"},"description":"Meu nome \u00e9 Diones Chelenper, sou profissional com forma\u00e7\u00e3o t\u00e9cnica na \u00e1rea de Seguran\u00e7a do Trabalho, Bombeiro Civil, Instrutor de Brigadas de Emerg\u00eancia e Supervisor de Trabalhos em Altura.","sameAs":["http:\/\/www.prevenseg-treinamentos.com.br","https:\/\/www.facebook.com\/prevensetreinamentos\/"],"url":"https:\/\/prevenseg-treinamentos.com.br\/portaldaprevencao\/author\/administrador\/"}]}},"post_mailing_queue_ids":[],"_links":{"self":[{"href":"https:\/\/prevenseg-treinamentos.com.br\/portaldaprevencao\/wp-json\/wp\/v2\/posts\/630","targetHints":{"allow":["GET"]}}],"collection":[{"href":"https:\/\/prevenseg-treinamentos.com.br\/portaldaprevencao\/wp-json\/wp\/v2\/posts"}],"about":[{"href":"https:\/\/prevenseg-treinamentos.com.br\/portaldaprevencao\/wp-json\/wp\/v2\/types\/post"}],"author":[{"embeddable":true,"href":"https:\/\/prevenseg-treinamentos.com.br\/portaldaprevencao\/wp-json\/wp\/v2\/users\/1"}],"replies":[{"embeddable":true,"href":"https:\/\/prevenseg-treinamentos.com.br\/portaldaprevencao\/wp-json\/wp\/v2\/comments?post=630"}],"version-history":[{"count":1,"href":"https:\/\/prevenseg-treinamentos.com.br\/portaldaprevencao\/wp-json\/wp\/v2\/posts\/630\/revisions"}],"predecessor-version":[{"id":1085,"href":"https:\/\/prevenseg-treinamentos.com.br\/portaldaprevencao\/wp-json\/wp\/v2\/posts\/630\/revisions\/1085"}],"wp:featuredmedia":[{"embeddable":true,"href":"https:\/\/prevenseg-treinamentos.com.br\/portaldaprevencao\/wp-json\/wp\/v2\/media\/638"}],"wp:attachment":[{"href":"https:\/\/prevenseg-treinamentos.com.br\/portaldaprevencao\/wp-json\/wp\/v2\/media?parent=630"}],"wp:term":[{"taxonomy":"category","embeddable":true,"href":"https:\/\/prevenseg-treinamentos.com.br\/portaldaprevencao\/wp-json\/wp\/v2\/categories?post=630"},{"taxonomy":"post_tag","embeddable":true,"href":"https:\/\/prevenseg-treinamentos.com.br\/portaldaprevencao\/wp-json\/wp\/v2\/tags?post=630"}],"curies":[{"name":"wp","href":"https:\/\/api.w.org\/{rel}","templated":true}]}}