{"id":527,"date":"2018-11-09T13:04:17","date_gmt":"2018-11-09T13:04:17","guid":{"rendered":"https:\/\/prevenseg-treinamentos.com.br\/portaldaprevencao\/?p=527"},"modified":"2020-02-25T11:48:04","modified_gmt":"2020-02-25T14:48:04","slug":"responsabilidade-objetiva-e-subjetiva-qual-a-diferenca","status":"publish","type":"post","link":"https:\/\/prevenseg-treinamentos.com.br\/portaldaprevencao\/responsabilidade-objetiva-e-subjetiva-qual-a-diferenca\/","title":{"rendered":"Responsabilidade Objetiva e Subjetiva Qual a diferen\u00e7a?"},"content":{"rendered":"<p>Voc\u00ea j\u00e1 ouviu falar sobre responsabilidade objetiva e responsabilidade subjetiva? Sabe como se caracteriza responsabilidade objetiva e subjetiva e o que diferencia uma da outra?<\/p>\n<p>Continue lendo esse artigo, saiba as respostas das perguntas acima e aprenda distinguir responsabilidade objetiva e subjetiva.<\/p>\n<p><img fetchpriority=\"high\" decoding=\"async\" class=\"aligncenter wp-image-528\" src=\"https:\/\/prevenseg-treinamentos.com.br\/portaldaprevencao\/wp-content\/uploads\/2018\/11\/Responsabilidade-Objetiva-x-subjetiva.png\" alt=\"Responsabilidade Objetiva\" width=\"658\" height=\"370\" srcset=\"https:\/\/prevenseg-treinamentos.com.br\/portaldaprevencao\/wp-content\/uploads\/2018\/11\/Responsabilidade-Objetiva-x-subjetiva.png 560w, https:\/\/prevenseg-treinamentos.com.br\/portaldaprevencao\/wp-content\/uploads\/2018\/11\/Responsabilidade-Objetiva-x-subjetiva-300x169.png 300w\" sizes=\"(max-width: 658px) 100vw, 658px\" \/><\/p>\n<p>Responsabilidade objetiva ocorre quando o empregador \u00e9 considerado culpado pelo acidente ocorrido ao trabalhador, independentemente de este ter culpa ou n\u00e3o. Ou seja, o trabalhador n\u00e3o precisa comprovar culpa por parte do empregador.<\/p>\n<p>Ao contr\u00e1rio, a responsabilidade subjetiva s\u00f3 considera o empregador culpado se este n\u00e3o cumpriu com as normas de seguran\u00e7a, seja por imper\u00edcia, imprud\u00eancia ou neglig\u00eancia.<\/p>\n<p>\u00c9 comum os tribunais decidirem a\u00e7\u00f5es trabalhistas, e em alguns casos o empregador e condenado a indenizar o trabalhador ou herdeiros, mesmo sem a comprova\u00e7\u00e3o de dolo ou culpa<\/p>\n<p>Isso acontece porque algumas profiss\u00f5es s\u00e3o consideradas de alto risco ao trabalhador e a estas profiss\u00f5es \u00e9 atribu\u00eddo ao empregador responsabilidade objetiva em caso de acidentes trabalhistas. Ou seja, n\u00e3o \u00e9 necess\u00e1rio a <strong><a href=\"https:\/\/prevenseg-treinamentos.com.br\/portaldaprevencao\/2018\/09\/05\/responsabilidade-civil-e-criminal-do-empregador-e-prepostos\/\" target=\"_blank\" rel=\"noopener noreferrer\">comprova\u00e7\u00e3o de culpa por parte do empregador<\/a> <\/strong>para que o mesmo seja condenado a indenizar o trabalhador.<\/p>\n<p>Totalmente contr\u00e1ria \u00e0 responsabilidade objetiva, a responsabilidade subjetiva considera responsabilidade do empregador em indenizar o trabalhador pelo dano causado, quando for considerado que o mesmo agiu com imprud\u00eancia, neglig\u00eancia ou imper\u00edcia. \u00c9 preciso a comprova\u00e7\u00e3o de culpa do empregador para conden\u00e1-lo \u00e0 indeniza\u00e7\u00e3o.<\/p>\n<h3><em><strong><a href=\"http:\/\/www.planalto.gov.br\/ccivil_03\/Constituicao\/Constituicao.htm\" target=\"_blank\" rel=\"noopener noreferrer\">Constitui\u00e7\u00e3o Federal<\/a> \u2013 Responsabilidade objetiva e subjetiva<\/strong><\/em><\/h3>\n<p>O Art. 7\u00ba, inciso XXVIII da Constitui\u00e7\u00e3o diz que o trabalhador urbano ou rural tem direito ao seguro contra acidentes do trabalho, o qual deve ser providenciado e pago pelo empregador, e que o mesmo ainda tem o direito \u00e0 indeniza\u00e7\u00e3o quando incorrer em dolo ou culpa do empregador (Quando o empregador for considerado culpado).<\/p>\n<p>\u201cArt. 7\u00ba S\u00e3o direitos dos trabalhadores urbanos e rurais, al\u00e9m de outros que visem \u00e0 melhoria de sua condi\u00e7\u00e3o social:<\/p>\n<p>Inciso XXVIII &#8211; seguro contra acidentes de trabalho, a cargo do empregador, sem excluir a indeniza\u00e7\u00e3o a que este est\u00e1 obrigado, quando incorrer em dolo ou culpa\u201d.<\/p>\n<h3><a href=\"http:\/\/www.planalto.gov.br\/ccivil_03\/leis\/2002\/l10406.htm\" target=\"_blank\" rel=\"noopener noreferrer\"><em><strong>C\u00f3digo Civil<\/strong><\/em><\/a><\/h3>\n<p>No Art. 186 do C\u00f3digo Civil, a informa\u00e7\u00e3o \u00e9 de que aquele que por a\u00e7\u00e3o ou omiss\u00e3o volunt\u00e1ria, neglig\u00eancia ou imprud\u00eancia causar dano a algu\u00e9m, comete ato il\u00edcito.<\/p>\n<p>\u201cArt. 186. Aquele que, por a\u00e7\u00e3o ou omiss\u00e3o volunt\u00e1ria, neglig\u00eancia ou imprud\u00eancia, violar direito e causar dano a outrem, ainda que exclusivamente moral, comete ato il\u00edcito\u201d.<\/p>\n<p>E o Art. 927, par\u00e1grafo \u00fanico, tamb\u00e9m do C\u00f3digo Civil, determina que aquele que por ato il\u00edcito, causar dano a algu\u00e9m fica obrigado a repar\u00e1-lo, independente de culpa.<\/p>\n<p>\u201cArt. 927. Aquele que, por ato il\u00edcito (arts. 186 e 187), causar dano a outrem, fica obrigado a repar\u00e1-lo.<\/p>\n<p>Par\u00e1grafo \u00fanico. Haver\u00e1 obriga\u00e7\u00e3o de reparar o dano, independentemente de culpa, nos casos especificados em lei, ou quando a atividade normalmente desenvolvida pelo autor do dano implicar, por sua natureza, risco para os direitos de outrem\u201d.<\/p>\n<p>De acordo com o art. 7\u00ba, inciso XXVIII da Constitui\u00e7\u00e3o Federal, o empregador s\u00f3 ser\u00e1 obrigado a reparar o dano sofrido pelo trabalhador, quando o mesmo for considerado culpado (Responsabilidade Subjetiva).<\/p>\n<p>Ao contr\u00e1rio, o art. 927, par\u00e1grafo \u00fanico do C\u00f3digo Civil, considera Responsabilidade Objetiva (Culpa do empregador), desde que a atividade por si s\u00f3 crie grande risco aos seus empregados.<\/p>\n<p>Diante das diverg\u00eancias entre Constitui\u00e7\u00e3o Federal e C\u00f3digo Civil, as decis\u00f5es em a\u00e7\u00f5es trabalhistas poder\u00e3o depender do entendimento dos respons\u00e1veis por julgar e condenar, pois o entendimento poder\u00e1 ser variado quanto a responsabilidade objetiva ou subjetiva.<\/p>\n<p>H\u00e1 v\u00e1rios casos de decis\u00f5es em a\u00e7\u00f5es trabalhistas, os quais s\u00e3o considerados a Responsabilidade Objetiva e o empregador e obrigado a pagar indeniza\u00e7\u00e3o sem a necessidade de comprovar dolo ou culpa.<\/p>\n<p>Abaixo h\u00e1 uma mat\u00e9ria de um desses casos definido como Responsabilidade Objetiva.<\/p>\n<p>Um tratorista morreu ap\u00f3s sofrer acidente de trabalho enquanto realizava extra\u00e7\u00e3o de madeiras (Atividade considerada de alto risco) e a empresa foi condenada pelo Tribunal Regional do Trabalho 16\u00aa Regi\u00e3o (MA), ao pagamento de 300 mil reais por danos morais e materiais aos herdeiros do trabalhador. No entendimento do (TRT), o ambiente era de alto risco e a probabilidade de acidentes era maior, por isso afastou a Responsabilidade Subjetiva, a qual \u00e9 preciso comprovar culpa.<\/p>\n<p><strong><a href=\"https:\/\/www.conjur.com.br\/2016-fev-22\/funcao-alto-risco-impoe-responsabilidade-objetiva-empregador\" target=\"_blank\" rel=\"nofollow noopener noreferrer\">Leia a decis\u00e3o do TRT clicando aqui.<\/a><\/strong><\/p>\n<p>Se voc\u00ea gostou do post de hoje, deixe a sua curtida abaixo e n\u00e3o deixe de compartilhar com outros leitores, amigos e familiares, para que mais pessoas tenham acesso \u00e0 esta informa\u00e7\u00e3o.<\/p>\n<p>At\u00e9 o pr\u00f3ximo artigo!<\/p>\n<p>Refer\u00eancias:<\/p>\n<p>Art 7\u00ba, inciso XXVIII da Constitui\u00e7\u00e3o Federal<\/p>\n<p>Art. 186 e 927 par\u00e1grafo \u00fanico do C\u00f3digo Civil<\/p>\n","protected":false},"excerpt":{"rendered":"<p>Voc\u00ea j\u00e1 ouviu falar sobre responsabilidade objetiva e responsabilidade subjetiva? Sabe como se caracteriza responsabilidade objetiva e subjetiva e o que diferencia uma da outra? Continue lendo esse artigo, saiba as respostas das perguntas acima e aprenda distinguir responsabilidade objetiva e subjetiva. Responsabilidade objetiva ocorre quando o empregador \u00e9 considerado culpado pelo acidente ocorrido ao [&hellip;]<\/p>\n","protected":false},"author":1,"featured_media":528,"comment_status":"open","ping_status":"open","sticky":false,"template":"","format":"standard","meta":{"_exactmetrics_skip_tracking":false,"_exactmetrics_sitenote_active":false,"_exactmetrics_sitenote_note":"","_exactmetrics_sitenote_category":0,"footnotes":""},"categories":[1],"tags":[],"class_list":["post-527","post","type-post","status-publish","format-standard","has-post-thumbnail","hentry","category-seguranca-do-trabalho"],"yoast_head":"<!-- This site is optimized with the Yoast SEO plugin v27.2 - https:\/\/yoast.com\/product\/yoast-seo-wordpress\/ -->\n<title>Responsabilidade Objetiva e Subjetiva Qual a diferen\u00e7a? - Blog Portal da Preven\u00e7\u00e3o<\/title>\n<meta name=\"description\" content=\"Responsabilidade objetiva ocorre quando o empregador \u00e9 considerado culpado pelo acidente ocorrido ao trabalhador, independentemente de este ter culpa ou...\" \/>\n<meta name=\"robots\" content=\"index, follow, max-snippet:-1, max-image-preview:large, max-video-preview:-1\" \/>\n<link rel=\"canonical\" href=\"https:\/\/prevenseg-treinamentos.com.br\/portaldaprevencao\/responsabilidade-objetiva-e-subjetiva-qual-a-diferenca\/\" \/>\n<meta property=\"og:locale\" content=\"pt_PT\" \/>\n<meta property=\"og:type\" content=\"article\" \/>\n<meta property=\"og:title\" content=\"Responsabilidade Objetiva e Subjetiva Qual a diferen\u00e7a? - Blog Portal da Preven\u00e7\u00e3o\" \/>\n<meta property=\"og:description\" content=\"Responsabilidade objetiva ocorre quando o empregador \u00e9 considerado culpado pelo acidente ocorrido ao trabalhador, independentemente de este ter culpa ou...\" \/>\n<meta property=\"og:url\" content=\"https:\/\/prevenseg-treinamentos.com.br\/portaldaprevencao\/responsabilidade-objetiva-e-subjetiva-qual-a-diferenca\/\" \/>\n<meta property=\"og:site_name\" content=\"Blog Portal da Preven\u00e7\u00e3o\" \/>\n<meta property=\"article:publisher\" content=\"https:\/\/www.facebook.com\/prevensetreinamentos\/\" \/>\n<meta property=\"article:author\" content=\"https:\/\/www.facebook.com\/prevensetreinamentos\/\" \/>\n<meta property=\"article:published_time\" content=\"2018-11-09T13:04:17+00:00\" \/>\n<meta property=\"article:modified_time\" content=\"2020-02-25T14:48:04+00:00\" \/>\n<meta property=\"og:image\" content=\"https:\/\/prevenseg-treinamentos.com.br\/portaldaprevencao\/wp-content\/uploads\/2018\/11\/Responsabilidade-Objetiva-x-subjetiva.png\" \/>\n\t<meta property=\"og:image:width\" content=\"560\" \/>\n\t<meta property=\"og:image:height\" content=\"315\" \/>\n\t<meta property=\"og:image:type\" content=\"image\/png\" \/>\n<meta name=\"author\" content=\"Diones Chelenper\" \/>\n<meta name=\"twitter:card\" content=\"summary_large_image\" \/>\n<meta name=\"twitter:label1\" content=\"Escrito por\" \/>\n\t<meta name=\"twitter:data1\" content=\"Diones Chelenper\" \/>\n\t<meta name=\"twitter:label2\" content=\"Tempo estimado de leitura\" \/>\n\t<meta name=\"twitter:data2\" content=\"4 minutos\" \/>\n<script type=\"application\/ld+json\" class=\"yoast-schema-graph\">{\"@context\":\"https:\/\/schema.org\",\"@graph\":[{\"@type\":\"Article\",\"@id\":\"https:\/\/prevenseg-treinamentos.com.br\/portaldaprevencao\/responsabilidade-objetiva-e-subjetiva-qual-a-diferenca\/#article\",\"isPartOf\":{\"@id\":\"https:\/\/prevenseg-treinamentos.com.br\/portaldaprevencao\/responsabilidade-objetiva-e-subjetiva-qual-a-diferenca\/\"},\"author\":{\"name\":\"Diones Chelenper\",\"@id\":\"https:\/\/prevenseg-treinamentos.com.br\/portaldaprevencao\/#\/schema\/person\/82746c4230fb6d2ee5c6dd79c0746488\"},\"headline\":\"Responsabilidade Objetiva e Subjetiva Qual a diferen\u00e7a?\",\"datePublished\":\"2018-11-09T13:04:17+00:00\",\"dateModified\":\"2020-02-25T14:48:04+00:00\",\"mainEntityOfPage\":{\"@id\":\"https:\/\/prevenseg-treinamentos.com.br\/portaldaprevencao\/responsabilidade-objetiva-e-subjetiva-qual-a-diferenca\/\"},\"wordCount\":809,\"commentCount\":0,\"publisher\":{\"@id\":\"https:\/\/prevenseg-treinamentos.com.br\/portaldaprevencao\/#organization\"},\"image\":{\"@id\":\"https:\/\/prevenseg-treinamentos.com.br\/portaldaprevencao\/responsabilidade-objetiva-e-subjetiva-qual-a-diferenca\/#primaryimage\"},\"thumbnailUrl\":\"https:\/\/prevenseg-treinamentos.com.br\/portaldaprevencao\/wp-content\/uploads\/2018\/11\/Responsabilidade-Objetiva-x-subjetiva.png\",\"articleSection\":[\"Seguran\u00e7a do Trabalho\"],\"inLanguage\":\"pt-PT\",\"potentialAction\":[{\"@type\":\"CommentAction\",\"name\":\"Comment\",\"target\":[\"https:\/\/prevenseg-treinamentos.com.br\/portaldaprevencao\/responsabilidade-objetiva-e-subjetiva-qual-a-diferenca\/#respond\"]}]},{\"@type\":\"WebPage\",\"@id\":\"https:\/\/prevenseg-treinamentos.com.br\/portaldaprevencao\/responsabilidade-objetiva-e-subjetiva-qual-a-diferenca\/\",\"url\":\"https:\/\/prevenseg-treinamentos.com.br\/portaldaprevencao\/responsabilidade-objetiva-e-subjetiva-qual-a-diferenca\/\",\"name\":\"Responsabilidade Objetiva e Subjetiva Qual a diferen\u00e7a? - Blog Portal da Preven\u00e7\u00e3o\",\"isPartOf\":{\"@id\":\"https:\/\/prevenseg-treinamentos.com.br\/portaldaprevencao\/#website\"},\"primaryImageOfPage\":{\"@id\":\"https:\/\/prevenseg-treinamentos.com.br\/portaldaprevencao\/responsabilidade-objetiva-e-subjetiva-qual-a-diferenca\/#primaryimage\"},\"image\":{\"@id\":\"https:\/\/prevenseg-treinamentos.com.br\/portaldaprevencao\/responsabilidade-objetiva-e-subjetiva-qual-a-diferenca\/#primaryimage\"},\"thumbnailUrl\":\"https:\/\/prevenseg-treinamentos.com.br\/portaldaprevencao\/wp-content\/uploads\/2018\/11\/Responsabilidade-Objetiva-x-subjetiva.png\",\"datePublished\":\"2018-11-09T13:04:17+00:00\",\"dateModified\":\"2020-02-25T14:48:04+00:00\",\"description\":\"Responsabilidade objetiva ocorre quando o empregador \u00e9 considerado culpado pelo acidente ocorrido ao trabalhador, independentemente de este ter culpa ou...\",\"breadcrumb\":{\"@id\":\"https:\/\/prevenseg-treinamentos.com.br\/portaldaprevencao\/responsabilidade-objetiva-e-subjetiva-qual-a-diferenca\/#breadcrumb\"},\"inLanguage\":\"pt-PT\",\"potentialAction\":[{\"@type\":\"ReadAction\",\"target\":[\"https:\/\/prevenseg-treinamentos.com.br\/portaldaprevencao\/responsabilidade-objetiva-e-subjetiva-qual-a-diferenca\/\"]}]},{\"@type\":\"ImageObject\",\"inLanguage\":\"pt-PT\",\"@id\":\"https:\/\/prevenseg-treinamentos.com.br\/portaldaprevencao\/responsabilidade-objetiva-e-subjetiva-qual-a-diferenca\/#primaryimage\",\"url\":\"https:\/\/prevenseg-treinamentos.com.br\/portaldaprevencao\/wp-content\/uploads\/2018\/11\/Responsabilidade-Objetiva-x-subjetiva.png\",\"contentUrl\":\"https:\/\/prevenseg-treinamentos.com.br\/portaldaprevencao\/wp-content\/uploads\/2018\/11\/Responsabilidade-Objetiva-x-subjetiva.png\",\"width\":560,\"height\":315,\"caption\":\"Responsabilidade Objetiva\"},{\"@type\":\"BreadcrumbList\",\"@id\":\"https:\/\/prevenseg-treinamentos.com.br\/portaldaprevencao\/responsabilidade-objetiva-e-subjetiva-qual-a-diferenca\/#breadcrumb\",\"itemListElement\":[{\"@type\":\"ListItem\",\"position\":1,\"name\":\"In\u00edcio\",\"item\":\"https:\/\/prevenseg-treinamentos.com.br\/portaldaprevencao\/\"},{\"@type\":\"ListItem\",\"position\":2,\"name\":\"Responsabilidade Objetiva e Subjetiva Qual a diferen\u00e7a?\"}]},{\"@type\":\"WebSite\",\"@id\":\"https:\/\/prevenseg-treinamentos.com.br\/portaldaprevencao\/#website\",\"url\":\"https:\/\/prevenseg-treinamentos.com.br\/portaldaprevencao\/\",\"name\":\"Portal da Preven\u00e7\u00e3o\",\"description\":\"Sa\u00fade e Seguran\u00e7a do Trabalho\",\"publisher\":{\"@id\":\"https:\/\/prevenseg-treinamentos.com.br\/portaldaprevencao\/#organization\"},\"potentialAction\":[{\"@type\":\"SearchAction\",\"target\":{\"@type\":\"EntryPoint\",\"urlTemplate\":\"https:\/\/prevenseg-treinamentos.com.br\/portaldaprevencao\/?s={search_term_string}\"},\"query-input\":{\"@type\":\"PropertyValueSpecification\",\"valueRequired\":true,\"valueName\":\"search_term_string\"}}],\"inLanguage\":\"pt-PT\"},{\"@type\":\"Organization\",\"@id\":\"https:\/\/prevenseg-treinamentos.com.br\/portaldaprevencao\/#organization\",\"name\":\"Prevenseg Treinamentos\",\"url\":\"https:\/\/prevenseg-treinamentos.com.br\/portaldaprevencao\/\",\"logo\":{\"@type\":\"ImageObject\",\"inLanguage\":\"pt-PT\",\"@id\":\"https:\/\/prevenseg-treinamentos.com.br\/portaldaprevencao\/#\/schema\/logo\/image\/\",\"url\":\"https:\/\/prevenseg-treinamentos.com.br\/portaldaprevencao\/wp-content\/uploads\/2018\/07\/LOGO-PHOTOSHOP.png\",\"contentUrl\":\"https:\/\/prevenseg-treinamentos.com.br\/portaldaprevencao\/wp-content\/uploads\/2018\/07\/LOGO-PHOTOSHOP.png\",\"width\":823,\"height\":448,\"caption\":\"Prevenseg Treinamentos\"},\"image\":{\"@id\":\"https:\/\/prevenseg-treinamentos.com.br\/portaldaprevencao\/#\/schema\/logo\/image\/\"},\"sameAs\":[\"https:\/\/www.facebook.com\/prevensetreinamentos\/\"]},{\"@type\":\"Person\",\"@id\":\"https:\/\/prevenseg-treinamentos.com.br\/portaldaprevencao\/#\/schema\/person\/82746c4230fb6d2ee5c6dd79c0746488\",\"name\":\"Diones Chelenper\",\"image\":{\"@type\":\"ImageObject\",\"inLanguage\":\"pt-PT\",\"@id\":\"https:\/\/secure.gravatar.com\/avatar\/ef4ffd41b20793ef13fd207b0fa9c50b201ef425c79c82cb66f41a0d59c0722c?s=96&d=mm&r=g\",\"url\":\"https:\/\/secure.gravatar.com\/avatar\/ef4ffd41b20793ef13fd207b0fa9c50b201ef425c79c82cb66f41a0d59c0722c?s=96&d=mm&r=g\",\"contentUrl\":\"https:\/\/secure.gravatar.com\/avatar\/ef4ffd41b20793ef13fd207b0fa9c50b201ef425c79c82cb66f41a0d59c0722c?s=96&d=mm&r=g\",\"caption\":\"Diones Chelenper\"},\"description\":\"Meu nome \u00e9 Diones Chelenper, sou profissional com forma\u00e7\u00e3o t\u00e9cnica na \u00e1rea de Seguran\u00e7a do Trabalho, Bombeiro Civil, Instrutor de Brigadas de Emerg\u00eancia e Supervisor de Trabalhos em Altura.\",\"sameAs\":[\"http:\/\/www.prevenseg-treinamentos.com.br\",\"https:\/\/www.facebook.com\/prevensetreinamentos\/\"],\"url\":\"https:\/\/prevenseg-treinamentos.com.br\/portaldaprevencao\/author\/administrador\/\"}]}<\/script>\n<!-- \/ Yoast SEO plugin. -->","yoast_head_json":{"title":"Responsabilidade Objetiva e Subjetiva Qual a diferen\u00e7a? - Blog Portal da Preven\u00e7\u00e3o","description":"Responsabilidade objetiva ocorre quando o empregador \u00e9 considerado culpado pelo acidente ocorrido ao trabalhador, independentemente de este ter culpa ou...","robots":{"index":"index","follow":"follow","max-snippet":"max-snippet:-1","max-image-preview":"max-image-preview:large","max-video-preview":"max-video-preview:-1"},"canonical":"https:\/\/prevenseg-treinamentos.com.br\/portaldaprevencao\/responsabilidade-objetiva-e-subjetiva-qual-a-diferenca\/","og_locale":"pt_PT","og_type":"article","og_title":"Responsabilidade Objetiva e Subjetiva Qual a diferen\u00e7a? - Blog Portal da Preven\u00e7\u00e3o","og_description":"Responsabilidade objetiva ocorre quando o empregador \u00e9 considerado culpado pelo acidente ocorrido ao trabalhador, independentemente de este ter culpa ou...","og_url":"https:\/\/prevenseg-treinamentos.com.br\/portaldaprevencao\/responsabilidade-objetiva-e-subjetiva-qual-a-diferenca\/","og_site_name":"Blog Portal da Preven\u00e7\u00e3o","article_publisher":"https:\/\/www.facebook.com\/prevensetreinamentos\/","article_author":"https:\/\/www.facebook.com\/prevensetreinamentos\/","article_published_time":"2018-11-09T13:04:17+00:00","article_modified_time":"2020-02-25T14:48:04+00:00","og_image":[{"width":560,"height":315,"url":"https:\/\/prevenseg-treinamentos.com.br\/portaldaprevencao\/wp-content\/uploads\/2018\/11\/Responsabilidade-Objetiva-x-subjetiva.png","type":"image\/png"}],"author":"Diones Chelenper","twitter_card":"summary_large_image","twitter_misc":{"Escrito por":"Diones Chelenper","Tempo estimado de leitura":"4 minutos"},"schema":{"@context":"https:\/\/schema.org","@graph":[{"@type":"Article","@id":"https:\/\/prevenseg-treinamentos.com.br\/portaldaprevencao\/responsabilidade-objetiva-e-subjetiva-qual-a-diferenca\/#article","isPartOf":{"@id":"https:\/\/prevenseg-treinamentos.com.br\/portaldaprevencao\/responsabilidade-objetiva-e-subjetiva-qual-a-diferenca\/"},"author":{"name":"Diones Chelenper","@id":"https:\/\/prevenseg-treinamentos.com.br\/portaldaprevencao\/#\/schema\/person\/82746c4230fb6d2ee5c6dd79c0746488"},"headline":"Responsabilidade Objetiva e Subjetiva Qual a diferen\u00e7a?","datePublished":"2018-11-09T13:04:17+00:00","dateModified":"2020-02-25T14:48:04+00:00","mainEntityOfPage":{"@id":"https:\/\/prevenseg-treinamentos.com.br\/portaldaprevencao\/responsabilidade-objetiva-e-subjetiva-qual-a-diferenca\/"},"wordCount":809,"commentCount":0,"publisher":{"@id":"https:\/\/prevenseg-treinamentos.com.br\/portaldaprevencao\/#organization"},"image":{"@id":"https:\/\/prevenseg-treinamentos.com.br\/portaldaprevencao\/responsabilidade-objetiva-e-subjetiva-qual-a-diferenca\/#primaryimage"},"thumbnailUrl":"https:\/\/prevenseg-treinamentos.com.br\/portaldaprevencao\/wp-content\/uploads\/2018\/11\/Responsabilidade-Objetiva-x-subjetiva.png","articleSection":["Seguran\u00e7a do Trabalho"],"inLanguage":"pt-PT","potentialAction":[{"@type":"CommentAction","name":"Comment","target":["https:\/\/prevenseg-treinamentos.com.br\/portaldaprevencao\/responsabilidade-objetiva-e-subjetiva-qual-a-diferenca\/#respond"]}]},{"@type":"WebPage","@id":"https:\/\/prevenseg-treinamentos.com.br\/portaldaprevencao\/responsabilidade-objetiva-e-subjetiva-qual-a-diferenca\/","url":"https:\/\/prevenseg-treinamentos.com.br\/portaldaprevencao\/responsabilidade-objetiva-e-subjetiva-qual-a-diferenca\/","name":"Responsabilidade Objetiva e Subjetiva Qual a diferen\u00e7a? - Blog Portal da Preven\u00e7\u00e3o","isPartOf":{"@id":"https:\/\/prevenseg-treinamentos.com.br\/portaldaprevencao\/#website"},"primaryImageOfPage":{"@id":"https:\/\/prevenseg-treinamentos.com.br\/portaldaprevencao\/responsabilidade-objetiva-e-subjetiva-qual-a-diferenca\/#primaryimage"},"image":{"@id":"https:\/\/prevenseg-treinamentos.com.br\/portaldaprevencao\/responsabilidade-objetiva-e-subjetiva-qual-a-diferenca\/#primaryimage"},"thumbnailUrl":"https:\/\/prevenseg-treinamentos.com.br\/portaldaprevencao\/wp-content\/uploads\/2018\/11\/Responsabilidade-Objetiva-x-subjetiva.png","datePublished":"2018-11-09T13:04:17+00:00","dateModified":"2020-02-25T14:48:04+00:00","description":"Responsabilidade objetiva ocorre quando o empregador \u00e9 considerado culpado pelo acidente ocorrido ao trabalhador, independentemente de este ter culpa ou...","breadcrumb":{"@id":"https:\/\/prevenseg-treinamentos.com.br\/portaldaprevencao\/responsabilidade-objetiva-e-subjetiva-qual-a-diferenca\/#breadcrumb"},"inLanguage":"pt-PT","potentialAction":[{"@type":"ReadAction","target":["https:\/\/prevenseg-treinamentos.com.br\/portaldaprevencao\/responsabilidade-objetiva-e-subjetiva-qual-a-diferenca\/"]}]},{"@type":"ImageObject","inLanguage":"pt-PT","@id":"https:\/\/prevenseg-treinamentos.com.br\/portaldaprevencao\/responsabilidade-objetiva-e-subjetiva-qual-a-diferenca\/#primaryimage","url":"https:\/\/prevenseg-treinamentos.com.br\/portaldaprevencao\/wp-content\/uploads\/2018\/11\/Responsabilidade-Objetiva-x-subjetiva.png","contentUrl":"https:\/\/prevenseg-treinamentos.com.br\/portaldaprevencao\/wp-content\/uploads\/2018\/11\/Responsabilidade-Objetiva-x-subjetiva.png","width":560,"height":315,"caption":"Responsabilidade Objetiva"},{"@type":"BreadcrumbList","@id":"https:\/\/prevenseg-treinamentos.com.br\/portaldaprevencao\/responsabilidade-objetiva-e-subjetiva-qual-a-diferenca\/#breadcrumb","itemListElement":[{"@type":"ListItem","position":1,"name":"In\u00edcio","item":"https:\/\/prevenseg-treinamentos.com.br\/portaldaprevencao\/"},{"@type":"ListItem","position":2,"name":"Responsabilidade Objetiva e Subjetiva Qual a diferen\u00e7a?"}]},{"@type":"WebSite","@id":"https:\/\/prevenseg-treinamentos.com.br\/portaldaprevencao\/#website","url":"https:\/\/prevenseg-treinamentos.com.br\/portaldaprevencao\/","name":"Portal da Preven\u00e7\u00e3o","description":"Sa\u00fade e Seguran\u00e7a do Trabalho","publisher":{"@id":"https:\/\/prevenseg-treinamentos.com.br\/portaldaprevencao\/#organization"},"potentialAction":[{"@type":"SearchAction","target":{"@type":"EntryPoint","urlTemplate":"https:\/\/prevenseg-treinamentos.com.br\/portaldaprevencao\/?s={search_term_string}"},"query-input":{"@type":"PropertyValueSpecification","valueRequired":true,"valueName":"search_term_string"}}],"inLanguage":"pt-PT"},{"@type":"Organization","@id":"https:\/\/prevenseg-treinamentos.com.br\/portaldaprevencao\/#organization","name":"Prevenseg Treinamentos","url":"https:\/\/prevenseg-treinamentos.com.br\/portaldaprevencao\/","logo":{"@type":"ImageObject","inLanguage":"pt-PT","@id":"https:\/\/prevenseg-treinamentos.com.br\/portaldaprevencao\/#\/schema\/logo\/image\/","url":"https:\/\/prevenseg-treinamentos.com.br\/portaldaprevencao\/wp-content\/uploads\/2018\/07\/LOGO-PHOTOSHOP.png","contentUrl":"https:\/\/prevenseg-treinamentos.com.br\/portaldaprevencao\/wp-content\/uploads\/2018\/07\/LOGO-PHOTOSHOP.png","width":823,"height":448,"caption":"Prevenseg Treinamentos"},"image":{"@id":"https:\/\/prevenseg-treinamentos.com.br\/portaldaprevencao\/#\/schema\/logo\/image\/"},"sameAs":["https:\/\/www.facebook.com\/prevensetreinamentos\/"]},{"@type":"Person","@id":"https:\/\/prevenseg-treinamentos.com.br\/portaldaprevencao\/#\/schema\/person\/82746c4230fb6d2ee5c6dd79c0746488","name":"Diones Chelenper","image":{"@type":"ImageObject","inLanguage":"pt-PT","@id":"https:\/\/secure.gravatar.com\/avatar\/ef4ffd41b20793ef13fd207b0fa9c50b201ef425c79c82cb66f41a0d59c0722c?s=96&d=mm&r=g","url":"https:\/\/secure.gravatar.com\/avatar\/ef4ffd41b20793ef13fd207b0fa9c50b201ef425c79c82cb66f41a0d59c0722c?s=96&d=mm&r=g","contentUrl":"https:\/\/secure.gravatar.com\/avatar\/ef4ffd41b20793ef13fd207b0fa9c50b201ef425c79c82cb66f41a0d59c0722c?s=96&d=mm&r=g","caption":"Diones Chelenper"},"description":"Meu nome \u00e9 Diones Chelenper, sou profissional com forma\u00e7\u00e3o t\u00e9cnica na \u00e1rea de Seguran\u00e7a do Trabalho, Bombeiro Civil, Instrutor de Brigadas de Emerg\u00eancia e Supervisor de Trabalhos em Altura.","sameAs":["http:\/\/www.prevenseg-treinamentos.com.br","https:\/\/www.facebook.com\/prevensetreinamentos\/"],"url":"https:\/\/prevenseg-treinamentos.com.br\/portaldaprevencao\/author\/administrador\/"}]}},"post_mailing_queue_ids":[],"_links":{"self":[{"href":"https:\/\/prevenseg-treinamentos.com.br\/portaldaprevencao\/wp-json\/wp\/v2\/posts\/527","targetHints":{"allow":["GET"]}}],"collection":[{"href":"https:\/\/prevenseg-treinamentos.com.br\/portaldaprevencao\/wp-json\/wp\/v2\/posts"}],"about":[{"href":"https:\/\/prevenseg-treinamentos.com.br\/portaldaprevencao\/wp-json\/wp\/v2\/types\/post"}],"author":[{"embeddable":true,"href":"https:\/\/prevenseg-treinamentos.com.br\/portaldaprevencao\/wp-json\/wp\/v2\/users\/1"}],"replies":[{"embeddable":true,"href":"https:\/\/prevenseg-treinamentos.com.br\/portaldaprevencao\/wp-json\/wp\/v2\/comments?post=527"}],"version-history":[{"count":1,"href":"https:\/\/prevenseg-treinamentos.com.br\/portaldaprevencao\/wp-json\/wp\/v2\/posts\/527\/revisions"}],"predecessor-version":[{"id":1088,"href":"https:\/\/prevenseg-treinamentos.com.br\/portaldaprevencao\/wp-json\/wp\/v2\/posts\/527\/revisions\/1088"}],"wp:featuredmedia":[{"embeddable":true,"href":"https:\/\/prevenseg-treinamentos.com.br\/portaldaprevencao\/wp-json\/wp\/v2\/media\/528"}],"wp:attachment":[{"href":"https:\/\/prevenseg-treinamentos.com.br\/portaldaprevencao\/wp-json\/wp\/v2\/media?parent=527"}],"wp:term":[{"taxonomy":"category","embeddable":true,"href":"https:\/\/prevenseg-treinamentos.com.br\/portaldaprevencao\/wp-json\/wp\/v2\/categories?post=527"},{"taxonomy":"post_tag","embeddable":true,"href":"https:\/\/prevenseg-treinamentos.com.br\/portaldaprevencao\/wp-json\/wp\/v2\/tags?post=527"}],"curies":[{"name":"wp","href":"https:\/\/api.w.org\/{rel}","templated":true}]}}