{"id":502,"date":"2018-10-17T14:14:50","date_gmt":"2018-10-17T14:14:50","guid":{"rendered":"https:\/\/prevenseg-treinamentos.com.br\/portaldaprevencao\/?p=502"},"modified":"2020-11-30T13:22:00","modified_gmt":"2020-11-30T16:22:00","slug":"trabalho-em-altura-e-acesso-por-cordas","status":"publish","type":"post","link":"https:\/\/prevenseg-treinamentos.com.br\/portaldaprevencao\/trabalho-em-altura-e-acesso-por-cordas\/","title":{"rendered":"Trabalho em Altura e Acesso Por Cordas"},"content":{"rendered":"<p>A<strong> <a href=\"http:\/\/trabalho.gov.br\/images\/Documentos\/SST\/NR\/NR35.pdf\" target=\"_blank\" rel=\"noopener noreferrer\">Norma Regulamentadora n\u00ba 35 &#8211; NR 35<\/a> <\/strong>regulamenta o trabalhos realizados em altura igual ou superior a 2 metros do piso, considerados trabalho em altura.<\/p>\n<p>Apesar dos trabalhos em acesso por cordas serem trabalhos realizados em altura, estes apresentam riscos espec\u00edficos e por isso h\u00e1 algumas exig\u00eancias espec\u00edficas tamb\u00e9m.<\/p>\n<p>Com objetivo de esclarecer duvidas quanto ao trabalho em altura e o acesso por cordas, o Portal da Preven\u00e7\u00e3o realizou uma entrevista com Elton Fagundes, especialista em acesso por cordas.<\/p>\n<p><img fetchpriority=\"high\" decoding=\"async\" class=\"aligncenter wp-image-504\" src=\"https:\/\/prevenseg-treinamentos.com.br\/portaldaprevencao\/wp-content\/uploads\/2018\/10\/trabalho-em-altura.png\" alt=\"trabalho em altura\" width=\"662\" height=\"401\" srcset=\"https:\/\/prevenseg-treinamentos.com.br\/portaldaprevencao\/wp-content\/uploads\/2018\/10\/trabalho-em-altura.png 350w, https:\/\/prevenseg-treinamentos.com.br\/portaldaprevencao\/wp-content\/uploads\/2018\/10\/trabalho-em-altura-300x182.png 300w\" sizes=\"(max-width: 662px) 100vw, 662px\" \/><\/p>\n<p><strong>Portal da Preven\u00e7\u00e3o<\/strong> &#8211; Fale um pouco sobre voc\u00ea, sua forma\u00e7\u00e3o, qualifica\u00e7\u00e3o e atua\u00e7\u00e3o.<\/p>\n<p><strong>Elton &#8211;<\/strong> Meu nome \u00e9 Elton Renan Fagundes, Sou considerado \u201cHomem Aranha Brasileiro\u201d.<\/p>\n<p>Atuo na \u00e1rea de acesso por cordas a mais de 20 anos e fa\u00e7o parte de algumas comiss\u00f5es e grupos relacionados ao acesso por cordas. Entre esses grupos e comiss\u00f5es est\u00e3o:<\/p>\n<p>Membro do CEET\/ ABNT 00:001. 70 e do GTT do MTE \/ NR 35 e Anexo I;&nbsp; Membro &#8211;&nbsp; ABNT\/CE-99:019.002 \u2013 Comiss\u00e3o de Estudo de Qualifica\u00e7\u00e3o de Profissional de Resgate T\u00e9cnico Industrial por Corda em Altura e Espa\u00e7o Confinado; Profissional de Acesso por Corda N\u00edvel 3 &#8211; NBR 15475;&nbsp; Diretor da STONEHENGE MOUNTAIN \u2013 Empresa com 23 Pr\u00eamio de Seguran\u00e7a; Consultor e Diretor da Empresa Morem e Martins \/ Empresa de servi\u00e7os nas \u00e1reas de manuten\u00e7\u00e3o, montagem e conserva\u00e7\u00e3o industrial e predial em trabalho e resgate em altura e espa\u00e7o confinado; Instrutor e Consultor para desenvolvimento de Equipamentos de trabalho e resgate em altura e espa\u00e7o confinado: MSA; ULTRA SAFE; DRAEGER e SURVIVAL SYSTEMS;&nbsp; Instrutor na UNIVERSIDADE PETROBRAS;&nbsp; Instrutor e Supervisor de equipes de resgate em altura e espa\u00e7o confinado com experi\u00eancia em mais de 500 Paradas de Manuten\u00e7\u00f5es das seguintes empresas: COPESUL, BRASKEM, GERDAU, PETROBRAS \u2013 REFAP, REDUC, REPAR; PETROQU\u00cdMICA TRIUNFO, INNOVA entre outras; Auditor&nbsp; de NR 35 em Sondas e Plataformas de Petr\u00f3leo;&nbsp; Instrutor de NR 33 E 35 &#8211; Trabalho e Resgate em Altura e Espa\u00e7o Confinado; Idealizador, Palestrante e Organizador de Oficinas e Workshops do Anexo I E II da NR 35 e de Trabalho e Resgate em Altura e Espa\u00e7o Confinado; Palestrante e Professor em Escolas e Cursos de Gradua\u00e7\u00e3o de Engenharia, Arquitetura, Administra\u00e7\u00e3o, Produ\u00e7\u00e3o, Qualidade, Educa\u00e7\u00e3o F\u00edsica \/ UFRGS,ULBRA, PUC,UNISINOS e P\u00f3s Gradua\u00e7\u00e3o de Seguran\u00e7a, Arquitetura, Administra\u00e7\u00e3o \/ UFRGS,UCS,PUC,UNISINOS; Tecn\u00f3logo de Seguran\u00e7a e Cursos de T\u00e9cnicos de Tst; T\u00e9cnico de Enfermagem ; Autor de artigos para sites, livros e Revistas como: Emerg\u00eancia, Prote\u00e7\u00e3o e Cipa.<\/p>\n<p>O par\u00e1grafo abaixo foi tirado do site GauchaZH, onde relata a hist\u00f3ria de Elton como \u201cHomem Aranha Brasileiro\u201d.<\/p>\n<p>\u201cEle n\u00e3o voa aos saltos apenas entre os arranha-c\u00e9us de Nova York, escalando as paredes com os fios de seda que expele dos punhos como tent\u00e1culos, a defender as mocinhas americanas de medonhos vil\u00f5es. Acredite, o Rio Grande do Sul tamb\u00e9m j\u00e1 produziu o seu Homem-Aranha: \u00e9 o Elton Renan Fagundes, atualmente com 42 anos\u201d.<\/p>\n<p><a href=\"https:\/\/gauchazh.clicrbs.com.br\/geral\/noticia\/2010\/08\/52-historias-o-homem-aranha-virou-executivo-3013687.html\" target=\"_blank\" rel=\"nofollow noopener noreferrer\"><strong>Clique aqui e leia a mat\u00e9ria do site GauchaZH e conhe\u00e7a a hist\u00f3ria do entrevistado.<\/strong><\/a><\/p>\n<p>Elton \u00e9 empres\u00e1rio de destaque, fundador e s\u00f3cio da Stonehenge, especializada em alpinismo e resgate industrial, a qual j\u00e1 ganhou v\u00e1rios pr\u00eamios pela sua atua\u00e7\u00e3o, os quais est\u00e3o destacados abaixo:<\/p>\n<p>PR\u00caMIO TALENTOS EMPREENDEDORES 2006 \u2013 Finalista \u2013 Sebre \/ Gerdau \/ Rbs \/ QualidadeRS \/ MBC;<\/p>\n<p>PR\u00caMIO EMPREENDEDOR DE SUCESSO 2008 \u2013 Categoria Inova\u00e7\u00e3o e Empreendedorismo &#8211; Funda\u00e7\u00e3o Getulio Vargas \/ Pequenas Empresas Grandes Neg\u00f3cios \/ Editora Globo;<\/p>\n<p>EMPRESA DESTAQUE SSMA REFAP PETROBR\u00c1S na PARADA 2010 &#8211; 100% Atendimento em quesitos de Seguran\u00e7a e Procedimentos da Petrobr\u00e1s;<\/p>\n<p>RECONHECIMENTO GERDAU\/RS 2010 &#8211;&nbsp; Funcion\u00e1rios &#8211; Comportamento Seguro &#8211; trabalhando na Usina Riograndense;<\/p>\n<p>BRASKEM\/RS CART\u00c3O VERDE 2011 \u2013 Funcion\u00e1rio &#8211; Comportamento Seguro;<\/p>\n<p>EMPRESA DESTAQUE SSMA REFAP\/PETROBR\u00c1S na PARADA 2011 &#8211; 100% Atendimento em quesitos de Seguran\u00e7a e Procedimentos da Petrobr\u00e1s;<\/p>\n<p>RECONHECIMENTO GERDAU\/RS 2011 &#8211;&nbsp; Funcion\u00e1rios &#8211; Comportamento Seguro &#8211; trabalhando na Usina Riograndense;<\/p>\n<p>PR\u00caMIO PROTE\u00c7\u00c3O BRASIL 2012 \u2013 Categoria Espa\u00e7os Confinados \u2013 Case Limpeza de Linhas de AR \u2013 \u00c1gua de Resfriamento;<\/p>\n<p>PR\u00caMIO DUPONT BRASIL DE SEGURAN\u00c7A&nbsp;&nbsp; 2012 \u2013&nbsp; 1 Lugar &#8211; Categoria Prote\u00e7\u00e3o Qu\u00edmica \u2013 Case Limpeza de Linhas de AR \u2013 \u00c1gua de Resfriamento;<\/p>\n<p>BRASKEM\/RS DESTAQUE EM SSMA 2012 \u2013 Funcion\u00e1rio &#8211; Comportamento Seguro;<\/p>\n<p>RECONHECIMENTO GERDAU\/RS 2012 &#8211;&nbsp; Funcion\u00e1rios &#8211; Comportamento Seguro &#8211; trabalhando na Usina Riograndense;<\/p>\n<p>PR\u00caMIO PROTE\u00c7\u00c3O BRASIL 2013 \u2013 Melhor Case &#8211; Categoria Trabalho em Altura \u2013 Case Seguran\u00e7a em Altura nos Grandes Eventos Esportivos;<\/p>\n<p>PR\u00caMIO PROTE\u00c7\u00c3O BRASIL 2013 \u2013 Melhor Case Regi\u00e3o Sul &#8211; Case Seguran\u00e7a em Altura nos Grandes Eventos Esportivos;<\/p>\n<p>TROF\u00c9U CAPACETE DE PRATA MSA BRASIL 2013 \u2013 Melhor Case Regi\u00e3o Sul &#8211; Case Seguran\u00e7a em Altura nos Grandes Eventos;<\/p>\n<p>RECONHECIMENTO GERDAU\/RS 2013 &#8211;&nbsp; 4 anos sem acidentes CPT trabalhando na Usina Riograndense;<\/p>\n<p>BRASKEM DESTAQUE EM SSMA 2013 \u2013 Funcion\u00e1rio &#8211; Comportamento Seguro;<\/p>\n<p>PR\u00caMIO QUALITY BRASIL 2014 &#8211; Busca da Excel\u00eancia e Melhoria Constante;<\/p>\n<p><strong>Portal da Preven\u00e7\u00e3o \u2013<\/strong> O item 35.1.3 diz que a <strong><a href=\"http:\/\/trabalho.gov.br\/images\/Documentos\/SST\/NR\/NR35.pdf\" target=\"_blank\" rel=\"noopener noreferrer\">NR 35 <\/a><\/strong>se complementa com as normas t\u00e9cnicas oficiais estabelecidas pelos \u00d3rg\u00e3os competentes e, na aus\u00eancia ou omiss\u00e3o dessas, com as normas internacionais aplic\u00e1veis. Quais seriam essas normas internacionais?<\/p>\n<p><strong>Elton &#8211;<\/strong> N\u00e3o h\u00e1 normas internacionais para o trabalho em altura. Como norma que regulamenta o trabalho em altura, voc\u00ea tem a Norma Regulamentadora n\u00ba 35 (NR-35).<\/p>\n<p>As outras normas que temos e devemos seguir s\u00e3o os Anexos da pr\u00f3pria NR 35, como por exemplo o anexo I, que segue orienta\u00e7\u00f5es de Normas Brasileiras (NBR) de acesso por cordas.<\/p>\n<p><strong>Portal da Preven\u00e7\u00e3o \u2013<\/strong> No item 35.3.1 diz que empregador deve promover programa para capacita\u00e7\u00e3o dos trabalhadores \u00e0 realiza\u00e7\u00e3o de trabalho em altura, enquanto que o item 35.3.2 determina a carga hor\u00e1ria m\u00ednima de 8 horas e no item 35.3.3, que esta capacita\u00e7\u00e3o deve ocorrer a cada dois anos.<\/p>\n<p>No anexo I (Acesso por corda), em \u201cExecu\u00e7\u00e3o das Atividades\u201d, diz que o trabalho por cordas deve ser executado&nbsp; de acordo com procedimentos em conformidade com as normas t\u00e9cnicas nacionais vigentes, por trabalhadores certificados em conformidade com normas t\u00e9cnicas nacionais vigentes de certifica\u00e7\u00e3o de pessoas.<\/p>\n<p>A pergunta \u00e9: o curso de trabalho em altura, capacita o trabalhador para o trabalho em altura no acesso por cordas?<\/p>\n<p><img decoding=\"async\" class=\"aligncenter wp-image-505 lazyload\" data-src=\"https:\/\/prevenseg-treinamentos.com.br\/portaldaprevencao\/wp-content\/uploads\/2018\/10\/acesso-por-cordas.png\" alt=\"acesso-por-cordas\" width=\"657\" height=\"367\" data-srcset=\"https:\/\/prevenseg-treinamentos.com.br\/portaldaprevencao\/wp-content\/uploads\/2018\/10\/acesso-por-cordas.png 380w, https:\/\/prevenseg-treinamentos.com.br\/portaldaprevencao\/wp-content\/uploads\/2018\/10\/acesso-por-cordas-300x167.png 300w\" data-sizes=\"(max-width: 657px) 100vw, 657px\" src=\"data:image\/svg+xml;base64,PHN2ZyB3aWR0aD0iMSIgaGVpZ2h0PSIxIiB4bWxucz0iaHR0cDovL3d3dy53My5vcmcvMjAwMC9zdmciPjwvc3ZnPg==\" style=\"--smush-placeholder-width: 657px; --smush-placeholder-aspect-ratio: 657\/367;\" \/><\/p>\n<p><strong>Elton &#8211;<\/strong> S\u00e3o quest\u00f5es diferentes. O curso de trabalho em altura n\u00e3o capacita ningu\u00e9m para trabalhar com acesso por cordas. O que capacita qualquer profissional para trabalhar com acesso por cordas \u00e9 a qualifica\u00e7\u00e3o e a certifica\u00e7\u00e3o de acesso por cordas.<\/p>\n<p>O profissional interessado em trabalhar com acesso por cordas deve escolher uma entidade com certifica\u00e7\u00e3o do INMETRO, como por exemplo Abendi (a qual eu perten\u00e7o), a Irata ou Aneac e fazer a qualifica\u00e7\u00e3o e certifica\u00e7\u00e3o de acesso por cordas.<\/p>\n<p><strong>Portal da Preven\u00e7\u00e3o &#8211;<\/strong> A Norma Regulamentadora n\u00ba 35 em seu item 35.3.6, diz que o treinamento de trabalho em altura deve ser ministrado por instrutores com comprovada profici\u00eancia (experi\u00eancia, conhecimento) no assunto. O intrutor do curso de trabalho em altura (NR 35) precisa ter o curso de acesso por cordas e ter certifica\u00e7\u00e3o Irata, Abendi ou Aneac n\u00edvel 3? H\u00e1 alguma nota de esclarecimento dizendo que o instrutor de NR 35 (Trabalho em altura) n\u00e3o precisa ter certifica\u00e7\u00e3o Irata, Abendi ou Aneac?<\/p>\n<p><strong>Elton &#8211;<\/strong> Essa exig\u00eancia surgiu no Estado de Santa Catarina, n\u00e3o lembro exatamente, mas parece que essa exig\u00eancia era de um S\u00edndicato, o qual exigia que os instrutores do curso de trabalho em altura tivesse o curso de acesso por cordas, no m\u00ednimo n\u00edvel 1, e isso n\u00e3o condiz.<\/p>\n<p>A NR 35 exige que o instrutor de trabalho em altura tenha profici\u00eancia no assunto e o fato de o cara ter o curso de acesso por cordas, independente do n\u00edvel ser 1, 2 ou 3, independente da institui\u00e7\u00e3o ou organimos certificador, ou oficial de qualquer for\u00e7a armada, n\u00e3o significa necessariamente que saiba ministrar o curso de trabalho em altura.<\/p>\n<p>Como mencionado na pergunta anterior, s\u00e3o assuntos diferentes.<\/p>\n<p>O engenheiro de seguran\u00e7a do trabalho ou t\u00e9cnico em seguran\u00e7a do trabalho podem ministrar o curso de NR 35. Por\u00e9m, a responsabilidade do que ele est\u00e1 ensinando \u00e0s pessoas \u00e9 dele. Ele que est\u00e1 assinando.<\/p>\n<p>Portanto, se acontecer algo com o trabalhador, o juiz ou juiza, ir\u00e1 questionar a profici\u00eancia dele.<\/p>\n<p>E o que \u00e9 profici\u00eancia? Isso \u00e9 uma coisa muito complexa.<\/p>\n<p>Eu gosto de dizer que profici\u00eancia \u00e9 o conhecimento te\u00f3rico, conhecimento \u00edmpirico, a comprova\u00e7\u00e3o desse conhecimento com anos de experi\u00eancia, estudo, pr\u00e1tica, cursos e o mais importante de tudo isso \u00e9 o instrutor saber passar o conhecimento, que \u00e9 o mais dif\u00edcil.<\/p>\n<p>N\u00e3o precisa ter as cerifica\u00e7\u00f5es de acesso por cordas para ser instrutor do curso de NR 35. \u00c9 melhor, \u00e9 recomend\u00e1vel que o instrutor tenha mais cursos, experi\u00eancias, certifica\u00e7\u00f5es, mas n\u00e3o existe na lei da NR 35 que tenha que ter certifica\u00e7\u00e3o Abendi, Irata ou Aneac para ser instrutor do curso de NR 35.<\/p>\n<p><strong>Portal da Preven\u00e7\u00e3o &#8211;<\/strong> Durante uma queda do trabalhador, este poder\u00e1 ficar em posi\u00e7\u00e3o inerte (Suspenso pelo sistema de seguran\u00e7a at\u00e9 o momento do resgate) e, dependendo do tempo que o trabalhador ficar em posi\u00e7\u00e3o inerte ele pode perder a vida por obstru\u00e7\u00e3o da circula\u00e7\u00e3o sangu\u00ednea. Como isso pode acontecer e quanto tempo uma pessoa pode ficar nessa posi\u00e7\u00e3o sem danos a sua sa\u00fade e principalmente a vida? Em que posi\u00e7\u00e3o o trabalhador deve ser mantido logo ap\u00f3s ser resgatado?<\/p>\n<p><strong>Elton &#8211;<\/strong> A s\u00edndrome da suspens\u00e3o inerte, ocorre quando a pessoa fica pendurada pelo sistema contra quedas (sistema de seguran\u00e7a). Em m\u00e9dia, podemos dizer que a pessoa vai ter 15 minutos para ser resgatada, a partir do momento em que esta estiver na posi\u00e7\u00e3o inerte (pendurado).<\/p>\n<p>Quando a pessoa fica na posi\u00e7\u00e3o inerte, as toxinas v\u00e3o se acumulando devido a obstru\u00e7\u00e3o das art\u00e9rias, provocadas pela press\u00e3o do cinto de seguran\u00e7a sobre as art\u00e9rias e com isso provoca diminui\u00e7\u00e3o do sangue nos \u00f3rg\u00e3os e na cabe\u00e7a.<\/p>\n<p>O resgate de pessoas nessa posi\u00e7\u00e3o deve ser r\u00e1pido e urgente. A m\u00e9dia de resgate \u00e9 15 minutos, mas deve-se levar em conta o que aconteceu. Por exemplo, se a pessoa em posi\u00e7\u00e3o inerte apresentar hemorragia grave, esse tempo dever\u00e1 ser reduzido e o resgatista precisa agir r\u00e1pido.<\/p>\n<p>Ap\u00f3s o resgate, a posi\u00e7\u00e3o adequada \u00e9 colocar a v\u00edtima em dec\u00fabito dorsal e com as pernas encolhidas, como se estivesse agachada.<\/p>\n<p>Claro que deve-se respeitar se a pessoa apresentar hemorragia grave, ou caso tenha batido a cabe\u00e7a com for\u00e7a em algo e apresente algum problema na coluna.<\/p>\n<p>Vale ressaltar que um impacto provocado pela queda, a partir de 600 kg pode causar rompimento dos \u00f3rg\u00e3os internos e a partir de 1200 kg lesionar a coluna cervical ou provocar a morte.<\/p>\n<p>Na Segunda Guerra Mundial os soldados pulavam de paraquedas e chegavam ao solo mortos. Na busca pelos motivos que os soldados chegavam ao solo mortos, descobriram que estava relacionado ao impacto que sofriam durante o acionamento do equipamento, que era superior \u00e0 1200 kg.<\/p>\n<p><strong>Portal da Preven\u00e7\u00e3o \u2013<\/strong> A NR 5 determina que o trabalho em altura deve ser previamente planejado antes de sua execu\u00e7\u00e3o e dentro desse planejamento est\u00e3o os procedimentos em caso de eventual emerg\u00eancia, ou seja, o resgate do trabalhador caso este venha sofrer queda e fique em posi\u00e7\u00e3o inerte.<\/p>\n<p>A Norma ABNT NBR 16710 \u201cResgate T\u00e9cnico Industrial em Altura e\/ou em Espa\u00e7o Confinado\u201d, auxiliar\u00e1 as empresas a aprimorar as t\u00e9cnicas de salvamento nesses casos.<\/p>\n<p>Nos itens 2.24 e 2.24.1 da NBR mencionada acima, h\u00e1 dois tipos de equipe para atender uma emerg\u00eancia, sendo uma delas denominada como \u201cEquipe de Resgate\u201d e a outra como \u201cEquipe de Interven\u00e7\u00e3o R\u00e1pida de Resgate\u201d.<\/p>\n<p>Qual a diferen\u00e7a entre uma equipe e outra e em que situa\u00e7\u00e3o o empregador deve ter equipe de resgate ou equipe de interven\u00e7\u00e3o r\u00e1pida de resgate? E principalmente, qual a capacita\u00e7\u00e3o dos profissionais de cada equipe?<\/p>\n<p><strong>Elton &#8211;<\/strong> Na minha opini\u00e3o, com aprova\u00e7\u00e3o dessa Norma vai melhorar bastante, porque as pessoas de forma geral v\u00e3o ter um conhecimento b\u00e1sico. N\u00e3o significa que elas v\u00e3o virar resgatistas profissionais.<\/p>\n<p>J\u00e1 ministrei muitos cursos de 16, 24 e 40 horas de resgate e as pessoas me perguntam assim: a ele j\u00e1 \u00e9 resgatista. Eu costumo dizer que depende de pessoa para pessoa depende de equipe para equipe, depende de empresa para empresa depende da rela\u00e7\u00e3o que essas pessoas v\u00e3o ter trabalhando como equipe ou grupo, se vai ter alguma lideran\u00e7a, enfim.<\/p>\n<p>Mas com certeza vai melhorar bastante as respostas de resgate e que s\u00e3o exigidas pelas NR-33 e NR-35.<\/p>\n<p>Uma confus\u00e3o muito grande \u00e9 que o pessoal diz que a equipe de acesso por corda pode fazer resgate, trabalhar como uma equipe de resgate. A minha opini\u00e3o \u00e9 que a equipe de acesso por corda tem mais experi\u00eancia com equipamentos, motricidade fina, equipamento de trabalho em acesso por corda, com n\u00f3s, etc.<\/p>\n<p>Ent\u00e3o ela tem de certa forma um conhecimento de resgate por praticar mais o acesso por cordas. Mas n\u00e3o significa que ela tenha habilidade total para fazer Resgate.<\/p>\n<p>Independente do curso que ela tenha, seus diferentes n\u00edveis de acesso por corda, para ela poder intervir como equipe de resgate, ela deve ter um treinamento de resgate.<\/p>\n<p>Quanto a diferen\u00e7a entre Equipe de Resgate e Equipe de Interven\u00e7\u00e3o R\u00e1pida de Resgate, est\u00e1 no conte\u00fado program\u00e1tico do curso. Ou seja um ter\u00e1 mais e o outro menos.<\/p>\n<p>No primeiro n\u00edvel s\u00e3o quest\u00f5es mais b\u00e1sicas, como por exemplo: o conte\u00fado \u00e9 mais b\u00e1sico, os equipamentos s\u00e3o mais b\u00e1sicos, a pr\u00e1tica \u00e9 mais b\u00e1sica e isso vai influenciar na habilidade, motricidade fina e conhecimento do participante.<\/p>\n<p><strong>Portal da Preven\u00e7\u00e3o<\/strong> \u2013 No meu ponto de vista, o peso corporal de um trabalhador n\u00e3o \u00e9 motivo para afirmar que este \u00e9 apto ou inapto para o trabalho em altura, por\u00e9m, j\u00e1 presenciei esta d\u00favida por alguns profissionais.<\/p>\n<p>Nesse caso, o Trabalhador com mais de 100 kg pode ser considerado inapto para o trabalho em altura? Quais os crit\u00e9rios devem ser levado em conta&nbsp; na avalia\u00e7\u00e3o do trabalhador com mais de 100 kg para consider\u00e1-lo apto ou inapto?<\/p>\n<p>E se o trabalhador for considerado inapto pelo seu peso corporal, isso \u00e9 pass\u00edvel de indeniza\u00e7\u00e3o por danos morais?<\/p>\n<p><strong>Elton &#8211; <\/strong>Na verdade as pessoas confundem as coisas. N\u00e3o \u00e9 pelo fato de o trabalhador ter mais de 100 kg que n\u00e3o possa trabalhar em altura.<\/p>\n<p>O que as empresas devem fazer \u00e9 solicitar ao fornecedor de <strong><a href=\"https:\/\/prevenseg-treinamentos.com.br\/portaldaprevencao\/2018\/08\/21\/epi-quais-as-obrigacoes-do-empregador-e-do-empregado\/\" target=\"_blank\" rel=\"noopener noreferrer\">Equipamento de Prote\u00e7\u00e3o Individual &#8211; EPI<\/a> <\/strong>(nesse caso o cinto de seguran\u00e7a), laudo atestando que este pode ser utilizado por pessoas com mais de 100 kg.<\/p>\n<p>A hist\u00f3ria dos 100 kg \u00e9 porque foi pego um boneco, colocado 100 kg nele e feito um teste.<\/p>\n<p>Ent\u00e3o, \u00e9 apenas um teste onde foi colocado um peso para determinar a capacidade de resist\u00eancia do equipamento.<\/p>\n<p>Outro detalhe \u00e9 que, ao solicitar o laudo ao fabricante do <strong><a href=\"https:\/\/prevenseg-treinamentos.com.br\/portaldaprevencao\/2018\/08\/21\/epi-quais-as-obrigacoes-do-empregador-e-do-empregado\/\" target=\"_blank\" rel=\"noopener noreferrer\">Equipamento de Prote\u00e7\u00e3o Individual &#8211; EPI<\/a><\/strong>, este deve enviar o laudo. N\u00e3o adianta ele enviar um email informando que o EPI atende. Tem que ser o laudo do fabricante.<\/p>\n<p><strong>Portal da Preven\u00e7\u00e3o &#8211;<\/strong> Atualmente vivemos a era digital, onde quase tudo est\u00e1 informatizado, inclusive o ensino, que vive a fase dos cursos EAD (\u00c0 dist\u00e2ncia), inclusive de n\u00edvel superior. A d\u00favida \u00e9 se os cursos exigidos pelas Normas Regulamentadoras e que tem como exig\u00eancia aula pr\u00e1tica, como o curso de trabalho em altura por exemplo, podem ser ministrados \u00e0 dist\u00e2ncia?<\/p>\n<p>Ou melhor&#8230;estes cursos s\u00e3o considerados v\u00e1lidos pelo org\u00e3o competente em mat\u00e9ria de seguran\u00e7a e medicina do trabalho e quais as consequ\u00eancias ao empregador que treina seus trabalhadores \u00e0 dist\u00e2ncia?<\/p>\n<p><strong>Elton &#8211;<\/strong> As pessoas t\u00eam opini\u00f5es diferentes sobre esse assunto. Na minha opini\u00e3o, eu acho complicado um curso de seguran\u00e7a do trabalho EAD, mas se ele atende todo as exig\u00eancias previstas, se os profissionais t\u00eam comprovada profici\u00eancia no assunto e neste caso tenha de alguma forma aula pr\u00e1tica, eu n\u00e3o vejo problema.<\/p>\n<p>Eu considero complicado, mas se tu for analisar, esse \u00e9 futuro, n\u00e3o tem muito que se fazer. O que a gente tem que fazer \u00e9 exigir mais dos professores, que tenham mais profici\u00eancia, que em algum momento esse tipo de curso tenha uma aula pr\u00e1tica para que o aluno possa tirar d\u00favidas e praticar.<\/p>\n<p>Ent\u00e3o, essa \u00e9 minha opni\u00e3o!<\/p>\n<p><strong>Portal da Preven\u00e7\u00e3o \u2013<\/strong> Se poss\u00edvel, deixe uma mensagem aos leitores.<\/p>\n<p><strong>Elton &#8211;<\/strong> Essa \u00e9 a parte mais dif\u00edcil!<\/p>\n<p>O que eu posso dizer \u00e9, primeiramente agrade\u00e7o as pessoas que me conhecem, que acompanham o meu trabalho, o trabalho da Stonrengen. Agrade\u00e7o tamb\u00e9m as oportunidades que eu tive com v\u00e1rias pessoas.<\/p>\n<p>Que essas pessoas e os leitores do Portal da Preven\u00e7\u00e3o, procurem pessoas do bem, pessoas que tenham experi\u00eancias quanto trabalhos em altura e acesso por cordas, que tenham respaldo e respeito no mercado, que fa\u00e7am as coisas corretas.<\/p>\n<p>N\u00e3o passem nessa vida apenas como espectadores, no \u00f4nibus, no carro, no avi\u00e3o, ou em qualquer lugar.<\/p>\n<p>Andem como passageiros, mas n\u00e3o sejam apenas passageiros.<\/p>\n<p>Agrade\u00e7am quando for necess\u00e1rio, sedam o lugar para algu\u00e9m sentar, sejam gentis, fa\u00e7am sua parte.<\/p>\n<p>Atualmente estamos vivendo uma situa\u00e7\u00e3o bem dif\u00edcil no pais e as pessoas t\u00eam o costume de ser igual ao Homers Simpsons, ou igual ao seu Madruga do Chaves \u201cA culpa \u00e9 minha \u00e9 eu jogo em quem eu quero\u201d, ou \u201cTodo mundo faz eu vou fazer tamb\u00e9m\u201d,.<\/p>\n<p>Eu gosto de dizer que o mal s\u00f3 prevalece quando o bem n\u00e3o se manifesta.<\/p>\n<p>Procurem fazer sua parte, independente de qualquer coisa.<\/p>\n<p>As vezes as pessoas dizem, \u201cEu n\u00e3o separo o meu lixo porque vai tudo para o mesmo lugar\u201d ou porque \u201cNo meu predio n\u00e3o tem coleta seletiva\u201d.<\/p>\n<p>As pessoas est\u00e3o muito mais preocupada com os outros do que com sua parte. Est\u00e3o mais preocupadas em postar no instagram e facebook, porque l\u00e1 todo mundo \u00e9 feliz, ningu\u00e9m tem problemas.<\/p>\n<p>Ent\u00e3o, o que posso deixar como mensagem \u00e9 isso. Que as pessoas busquem conhecimento, se aperfei\u00e7oe sempre que poss\u00edvel, e fa\u00e7am a sua parte, independente do que o outro est\u00e1 fazendo.<\/p>\n<p>Agrade\u00e7o ao Portal pela oportunidade de falar e contribuir um pouco com cada leitor!<\/p>\n<p>Se voc\u00ea gostou do post de hoje, deixe a sua curtida abaixo e n\u00e3o deixe de compartilhar com outros leitores, amigos e familiares, para que mais pessoas tenham acesso \u00e0 esta informa\u00e7\u00e3o.<\/p>\n<p>At\u00e9 o pr\u00f3ximo artigo!<\/p>\n","protected":false},"excerpt":{"rendered":"<p>A Norma Regulamentadora n\u00ba 35 &#8211; NR 35 regulamenta o trabalhos realizados em altura igual ou superior a 2 metros do piso, considerados trabalho em altura. Apesar dos trabalhos em acesso por cordas serem trabalhos realizados em altura, estes apresentam riscos espec\u00edficos e por isso h\u00e1 algumas exig\u00eancias espec\u00edficas tamb\u00e9m. Com objetivo de esclarecer duvidas [&hellip;]<\/p>\n","protected":false},"author":1,"featured_media":505,"comment_status":"open","ping_status":"open","sticky":false,"template":"","format":"standard","meta":{"_exactmetrics_skip_tracking":false,"_exactmetrics_sitenote_active":false,"_exactmetrics_sitenote_note":"","_exactmetrics_sitenote_category":0,"footnotes":""},"categories":[1],"tags":[],"class_list":["post-502","post","type-post","status-publish","format-standard","has-post-thumbnail","hentry","category-seguranca-do-trabalho"],"yoast_head":"<!-- This site is optimized with the Yoast SEO plugin v27.2 - https:\/\/yoast.com\/product\/yoast-seo-wordpress\/ -->\n<title>Trabalho em Altura e Acesso Por Cordas - Blog Portal da Preven\u00e7\u00e3o<\/title>\n<meta name=\"description\" content=\"Os trabalhos realizados no acesso por cordas s\u00e3o considerados trabalho em altura, por\u00e9m, apresentam riscos espec\u00edficos e por isso requer...\" \/>\n<meta name=\"robots\" content=\"index, follow, max-snippet:-1, max-image-preview:large, max-video-preview:-1\" \/>\n<link rel=\"canonical\" href=\"https:\/\/prevenseg-treinamentos.com.br\/portaldaprevencao\/trabalho-em-altura-e-acesso-por-cordas\/\" \/>\n<meta property=\"og:locale\" content=\"pt_PT\" \/>\n<meta property=\"og:type\" content=\"article\" \/>\n<meta property=\"og:title\" content=\"Trabalho em Altura e Acesso Por Cordas - Blog Portal da Preven\u00e7\u00e3o\" \/>\n<meta property=\"og:description\" content=\"Os trabalhos realizados no acesso por cordas s\u00e3o considerados trabalho em altura, por\u00e9m, apresentam riscos espec\u00edficos e por isso requer...\" \/>\n<meta property=\"og:url\" content=\"https:\/\/prevenseg-treinamentos.com.br\/portaldaprevencao\/trabalho-em-altura-e-acesso-por-cordas\/\" \/>\n<meta property=\"og:site_name\" content=\"Blog Portal da Preven\u00e7\u00e3o\" \/>\n<meta property=\"article:publisher\" content=\"https:\/\/www.facebook.com\/prevensetreinamentos\/\" \/>\n<meta property=\"article:author\" content=\"https:\/\/www.facebook.com\/prevensetreinamentos\/\" \/>\n<meta property=\"article:published_time\" content=\"2018-10-17T14:14:50+00:00\" \/>\n<meta property=\"article:modified_time\" content=\"2020-11-30T16:22:00+00:00\" \/>\n<meta property=\"og:image\" content=\"https:\/\/prevenseg-treinamentos.com.br\/portaldaprevencao\/wp-content\/uploads\/2018\/10\/acesso-por-cordas.png\" \/>\n\t<meta property=\"og:image:width\" content=\"380\" \/>\n\t<meta property=\"og:image:height\" content=\"212\" \/>\n\t<meta property=\"og:image:type\" content=\"image\/png\" \/>\n<meta name=\"author\" content=\"Diones Chelenper\" \/>\n<meta name=\"twitter:card\" content=\"summary_large_image\" \/>\n<meta name=\"twitter:label1\" content=\"Escrito por\" \/>\n\t<meta name=\"twitter:data1\" content=\"Diones Chelenper\" \/>\n\t<meta name=\"twitter:label2\" content=\"Tempo estimado de leitura\" \/>\n\t<meta name=\"twitter:data2\" content=\"16 minutos\" \/>\n<script type=\"application\/ld+json\" class=\"yoast-schema-graph\">{\"@context\":\"https:\/\/schema.org\",\"@graph\":[{\"@type\":\"Article\",\"@id\":\"https:\/\/prevenseg-treinamentos.com.br\/portaldaprevencao\/trabalho-em-altura-e-acesso-por-cordas\/#article\",\"isPartOf\":{\"@id\":\"https:\/\/prevenseg-treinamentos.com.br\/portaldaprevencao\/trabalho-em-altura-e-acesso-por-cordas\/\"},\"author\":{\"name\":\"Diones Chelenper\",\"@id\":\"https:\/\/prevenseg-treinamentos.com.br\/portaldaprevencao\/#\/schema\/person\/82746c4230fb6d2ee5c6dd79c0746488\"},\"headline\":\"Trabalho em Altura e Acesso Por Cordas\",\"datePublished\":\"2018-10-17T14:14:50+00:00\",\"dateModified\":\"2020-11-30T16:22:00+00:00\",\"mainEntityOfPage\":{\"@id\":\"https:\/\/prevenseg-treinamentos.com.br\/portaldaprevencao\/trabalho-em-altura-e-acesso-por-cordas\/\"},\"wordCount\":3204,\"commentCount\":6,\"publisher\":{\"@id\":\"https:\/\/prevenseg-treinamentos.com.br\/portaldaprevencao\/#organization\"},\"image\":{\"@id\":\"https:\/\/prevenseg-treinamentos.com.br\/portaldaprevencao\/trabalho-em-altura-e-acesso-por-cordas\/#primaryimage\"},\"thumbnailUrl\":\"https:\/\/prevenseg-treinamentos.com.br\/portaldaprevencao\/wp-content\/uploads\/2018\/10\/acesso-por-cordas.png\",\"articleSection\":[\"Seguran\u00e7a do Trabalho\"],\"inLanguage\":\"pt-PT\",\"potentialAction\":[{\"@type\":\"CommentAction\",\"name\":\"Comment\",\"target\":[\"https:\/\/prevenseg-treinamentos.com.br\/portaldaprevencao\/trabalho-em-altura-e-acesso-por-cordas\/#respond\"]}]},{\"@type\":\"WebPage\",\"@id\":\"https:\/\/prevenseg-treinamentos.com.br\/portaldaprevencao\/trabalho-em-altura-e-acesso-por-cordas\/\",\"url\":\"https:\/\/prevenseg-treinamentos.com.br\/portaldaprevencao\/trabalho-em-altura-e-acesso-por-cordas\/\",\"name\":\"Trabalho em Altura e Acesso Por Cordas - Blog Portal da Preven\u00e7\u00e3o\",\"isPartOf\":{\"@id\":\"https:\/\/prevenseg-treinamentos.com.br\/portaldaprevencao\/#website\"},\"primaryImageOfPage\":{\"@id\":\"https:\/\/prevenseg-treinamentos.com.br\/portaldaprevencao\/trabalho-em-altura-e-acesso-por-cordas\/#primaryimage\"},\"image\":{\"@id\":\"https:\/\/prevenseg-treinamentos.com.br\/portaldaprevencao\/trabalho-em-altura-e-acesso-por-cordas\/#primaryimage\"},\"thumbnailUrl\":\"https:\/\/prevenseg-treinamentos.com.br\/portaldaprevencao\/wp-content\/uploads\/2018\/10\/acesso-por-cordas.png\",\"datePublished\":\"2018-10-17T14:14:50+00:00\",\"dateModified\":\"2020-11-30T16:22:00+00:00\",\"description\":\"Os trabalhos realizados no acesso por cordas s\u00e3o considerados trabalho em altura, por\u00e9m, apresentam riscos espec\u00edficos e por isso requer...\",\"breadcrumb\":{\"@id\":\"https:\/\/prevenseg-treinamentos.com.br\/portaldaprevencao\/trabalho-em-altura-e-acesso-por-cordas\/#breadcrumb\"},\"inLanguage\":\"pt-PT\",\"potentialAction\":[{\"@type\":\"ReadAction\",\"target\":[\"https:\/\/prevenseg-treinamentos.com.br\/portaldaprevencao\/trabalho-em-altura-e-acesso-por-cordas\/\"]}]},{\"@type\":\"ImageObject\",\"inLanguage\":\"pt-PT\",\"@id\":\"https:\/\/prevenseg-treinamentos.com.br\/portaldaprevencao\/trabalho-em-altura-e-acesso-por-cordas\/#primaryimage\",\"url\":\"https:\/\/prevenseg-treinamentos.com.br\/portaldaprevencao\/wp-content\/uploads\/2018\/10\/acesso-por-cordas.png\",\"contentUrl\":\"https:\/\/prevenseg-treinamentos.com.br\/portaldaprevencao\/wp-content\/uploads\/2018\/10\/acesso-por-cordas.png\",\"width\":380,\"height\":212,\"caption\":\"acesso-por-cordas\"},{\"@type\":\"BreadcrumbList\",\"@id\":\"https:\/\/prevenseg-treinamentos.com.br\/portaldaprevencao\/trabalho-em-altura-e-acesso-por-cordas\/#breadcrumb\",\"itemListElement\":[{\"@type\":\"ListItem\",\"position\":1,\"name\":\"In\u00edcio\",\"item\":\"https:\/\/prevenseg-treinamentos.com.br\/portaldaprevencao\/\"},{\"@type\":\"ListItem\",\"position\":2,\"name\":\"Trabalho em Altura e Acesso Por Cordas\"}]},{\"@type\":\"WebSite\",\"@id\":\"https:\/\/prevenseg-treinamentos.com.br\/portaldaprevencao\/#website\",\"url\":\"https:\/\/prevenseg-treinamentos.com.br\/portaldaprevencao\/\",\"name\":\"Portal da Preven\u00e7\u00e3o\",\"description\":\"Sa\u00fade e Seguran\u00e7a do Trabalho\",\"publisher\":{\"@id\":\"https:\/\/prevenseg-treinamentos.com.br\/portaldaprevencao\/#organization\"},\"potentialAction\":[{\"@type\":\"SearchAction\",\"target\":{\"@type\":\"EntryPoint\",\"urlTemplate\":\"https:\/\/prevenseg-treinamentos.com.br\/portaldaprevencao\/?s={search_term_string}\"},\"query-input\":{\"@type\":\"PropertyValueSpecification\",\"valueRequired\":true,\"valueName\":\"search_term_string\"}}],\"inLanguage\":\"pt-PT\"},{\"@type\":\"Organization\",\"@id\":\"https:\/\/prevenseg-treinamentos.com.br\/portaldaprevencao\/#organization\",\"name\":\"Prevenseg Treinamentos\",\"url\":\"https:\/\/prevenseg-treinamentos.com.br\/portaldaprevencao\/\",\"logo\":{\"@type\":\"ImageObject\",\"inLanguage\":\"pt-PT\",\"@id\":\"https:\/\/prevenseg-treinamentos.com.br\/portaldaprevencao\/#\/schema\/logo\/image\/\",\"url\":\"https:\/\/prevenseg-treinamentos.com.br\/portaldaprevencao\/wp-content\/uploads\/2018\/07\/LOGO-PHOTOSHOP.png\",\"contentUrl\":\"https:\/\/prevenseg-treinamentos.com.br\/portaldaprevencao\/wp-content\/uploads\/2018\/07\/LOGO-PHOTOSHOP.png\",\"width\":823,\"height\":448,\"caption\":\"Prevenseg Treinamentos\"},\"image\":{\"@id\":\"https:\/\/prevenseg-treinamentos.com.br\/portaldaprevencao\/#\/schema\/logo\/image\/\"},\"sameAs\":[\"https:\/\/www.facebook.com\/prevensetreinamentos\/\"]},{\"@type\":\"Person\",\"@id\":\"https:\/\/prevenseg-treinamentos.com.br\/portaldaprevencao\/#\/schema\/person\/82746c4230fb6d2ee5c6dd79c0746488\",\"name\":\"Diones Chelenper\",\"image\":{\"@type\":\"ImageObject\",\"inLanguage\":\"pt-PT\",\"@id\":\"https:\/\/secure.gravatar.com\/avatar\/ef4ffd41b20793ef13fd207b0fa9c50b201ef425c79c82cb66f41a0d59c0722c?s=96&d=mm&r=g\",\"url\":\"https:\/\/secure.gravatar.com\/avatar\/ef4ffd41b20793ef13fd207b0fa9c50b201ef425c79c82cb66f41a0d59c0722c?s=96&d=mm&r=g\",\"contentUrl\":\"https:\/\/secure.gravatar.com\/avatar\/ef4ffd41b20793ef13fd207b0fa9c50b201ef425c79c82cb66f41a0d59c0722c?s=96&d=mm&r=g\",\"caption\":\"Diones Chelenper\"},\"description\":\"Meu nome \u00e9 Diones Chelenper, sou profissional com forma\u00e7\u00e3o t\u00e9cnica na \u00e1rea de Seguran\u00e7a do Trabalho, Bombeiro Civil, Instrutor de Brigadas de Emerg\u00eancia e Supervisor de Trabalhos em Altura.\",\"sameAs\":[\"http:\/\/www.prevenseg-treinamentos.com.br\",\"https:\/\/www.facebook.com\/prevensetreinamentos\/\"],\"url\":\"https:\/\/prevenseg-treinamentos.com.br\/portaldaprevencao\/author\/administrador\/\"}]}<\/script>\n<!-- \/ Yoast SEO plugin. -->","yoast_head_json":{"title":"Trabalho em Altura e Acesso Por Cordas - Blog Portal da Preven\u00e7\u00e3o","description":"Os trabalhos realizados no acesso por cordas s\u00e3o considerados trabalho em altura, por\u00e9m, apresentam riscos espec\u00edficos e por isso requer...","robots":{"index":"index","follow":"follow","max-snippet":"max-snippet:-1","max-image-preview":"max-image-preview:large","max-video-preview":"max-video-preview:-1"},"canonical":"https:\/\/prevenseg-treinamentos.com.br\/portaldaprevencao\/trabalho-em-altura-e-acesso-por-cordas\/","og_locale":"pt_PT","og_type":"article","og_title":"Trabalho em Altura e Acesso Por Cordas - Blog Portal da Preven\u00e7\u00e3o","og_description":"Os trabalhos realizados no acesso por cordas s\u00e3o considerados trabalho em altura, por\u00e9m, apresentam riscos espec\u00edficos e por isso requer...","og_url":"https:\/\/prevenseg-treinamentos.com.br\/portaldaprevencao\/trabalho-em-altura-e-acesso-por-cordas\/","og_site_name":"Blog Portal da Preven\u00e7\u00e3o","article_publisher":"https:\/\/www.facebook.com\/prevensetreinamentos\/","article_author":"https:\/\/www.facebook.com\/prevensetreinamentos\/","article_published_time":"2018-10-17T14:14:50+00:00","article_modified_time":"2020-11-30T16:22:00+00:00","og_image":[{"width":380,"height":212,"url":"https:\/\/prevenseg-treinamentos.com.br\/portaldaprevencao\/wp-content\/uploads\/2018\/10\/acesso-por-cordas.png","type":"image\/png"}],"author":"Diones Chelenper","twitter_card":"summary_large_image","twitter_misc":{"Escrito por":"Diones Chelenper","Tempo estimado de leitura":"16 minutos"},"schema":{"@context":"https:\/\/schema.org","@graph":[{"@type":"Article","@id":"https:\/\/prevenseg-treinamentos.com.br\/portaldaprevencao\/trabalho-em-altura-e-acesso-por-cordas\/#article","isPartOf":{"@id":"https:\/\/prevenseg-treinamentos.com.br\/portaldaprevencao\/trabalho-em-altura-e-acesso-por-cordas\/"},"author":{"name":"Diones Chelenper","@id":"https:\/\/prevenseg-treinamentos.com.br\/portaldaprevencao\/#\/schema\/person\/82746c4230fb6d2ee5c6dd79c0746488"},"headline":"Trabalho em Altura e Acesso Por Cordas","datePublished":"2018-10-17T14:14:50+00:00","dateModified":"2020-11-30T16:22:00+00:00","mainEntityOfPage":{"@id":"https:\/\/prevenseg-treinamentos.com.br\/portaldaprevencao\/trabalho-em-altura-e-acesso-por-cordas\/"},"wordCount":3204,"commentCount":6,"publisher":{"@id":"https:\/\/prevenseg-treinamentos.com.br\/portaldaprevencao\/#organization"},"image":{"@id":"https:\/\/prevenseg-treinamentos.com.br\/portaldaprevencao\/trabalho-em-altura-e-acesso-por-cordas\/#primaryimage"},"thumbnailUrl":"https:\/\/prevenseg-treinamentos.com.br\/portaldaprevencao\/wp-content\/uploads\/2018\/10\/acesso-por-cordas.png","articleSection":["Seguran\u00e7a do Trabalho"],"inLanguage":"pt-PT","potentialAction":[{"@type":"CommentAction","name":"Comment","target":["https:\/\/prevenseg-treinamentos.com.br\/portaldaprevencao\/trabalho-em-altura-e-acesso-por-cordas\/#respond"]}]},{"@type":"WebPage","@id":"https:\/\/prevenseg-treinamentos.com.br\/portaldaprevencao\/trabalho-em-altura-e-acesso-por-cordas\/","url":"https:\/\/prevenseg-treinamentos.com.br\/portaldaprevencao\/trabalho-em-altura-e-acesso-por-cordas\/","name":"Trabalho em Altura e Acesso Por Cordas - Blog Portal da Preven\u00e7\u00e3o","isPartOf":{"@id":"https:\/\/prevenseg-treinamentos.com.br\/portaldaprevencao\/#website"},"primaryImageOfPage":{"@id":"https:\/\/prevenseg-treinamentos.com.br\/portaldaprevencao\/trabalho-em-altura-e-acesso-por-cordas\/#primaryimage"},"image":{"@id":"https:\/\/prevenseg-treinamentos.com.br\/portaldaprevencao\/trabalho-em-altura-e-acesso-por-cordas\/#primaryimage"},"thumbnailUrl":"https:\/\/prevenseg-treinamentos.com.br\/portaldaprevencao\/wp-content\/uploads\/2018\/10\/acesso-por-cordas.png","datePublished":"2018-10-17T14:14:50+00:00","dateModified":"2020-11-30T16:22:00+00:00","description":"Os trabalhos realizados no acesso por cordas s\u00e3o considerados trabalho em altura, por\u00e9m, apresentam riscos espec\u00edficos e por isso requer...","breadcrumb":{"@id":"https:\/\/prevenseg-treinamentos.com.br\/portaldaprevencao\/trabalho-em-altura-e-acesso-por-cordas\/#breadcrumb"},"inLanguage":"pt-PT","potentialAction":[{"@type":"ReadAction","target":["https:\/\/prevenseg-treinamentos.com.br\/portaldaprevencao\/trabalho-em-altura-e-acesso-por-cordas\/"]}]},{"@type":"ImageObject","inLanguage":"pt-PT","@id":"https:\/\/prevenseg-treinamentos.com.br\/portaldaprevencao\/trabalho-em-altura-e-acesso-por-cordas\/#primaryimage","url":"https:\/\/prevenseg-treinamentos.com.br\/portaldaprevencao\/wp-content\/uploads\/2018\/10\/acesso-por-cordas.png","contentUrl":"https:\/\/prevenseg-treinamentos.com.br\/portaldaprevencao\/wp-content\/uploads\/2018\/10\/acesso-por-cordas.png","width":380,"height":212,"caption":"acesso-por-cordas"},{"@type":"BreadcrumbList","@id":"https:\/\/prevenseg-treinamentos.com.br\/portaldaprevencao\/trabalho-em-altura-e-acesso-por-cordas\/#breadcrumb","itemListElement":[{"@type":"ListItem","position":1,"name":"In\u00edcio","item":"https:\/\/prevenseg-treinamentos.com.br\/portaldaprevencao\/"},{"@type":"ListItem","position":2,"name":"Trabalho em Altura e Acesso Por Cordas"}]},{"@type":"WebSite","@id":"https:\/\/prevenseg-treinamentos.com.br\/portaldaprevencao\/#website","url":"https:\/\/prevenseg-treinamentos.com.br\/portaldaprevencao\/","name":"Portal da Preven\u00e7\u00e3o","description":"Sa\u00fade e Seguran\u00e7a do Trabalho","publisher":{"@id":"https:\/\/prevenseg-treinamentos.com.br\/portaldaprevencao\/#organization"},"potentialAction":[{"@type":"SearchAction","target":{"@type":"EntryPoint","urlTemplate":"https:\/\/prevenseg-treinamentos.com.br\/portaldaprevencao\/?s={search_term_string}"},"query-input":{"@type":"PropertyValueSpecification","valueRequired":true,"valueName":"search_term_string"}}],"inLanguage":"pt-PT"},{"@type":"Organization","@id":"https:\/\/prevenseg-treinamentos.com.br\/portaldaprevencao\/#organization","name":"Prevenseg Treinamentos","url":"https:\/\/prevenseg-treinamentos.com.br\/portaldaprevencao\/","logo":{"@type":"ImageObject","inLanguage":"pt-PT","@id":"https:\/\/prevenseg-treinamentos.com.br\/portaldaprevencao\/#\/schema\/logo\/image\/","url":"https:\/\/prevenseg-treinamentos.com.br\/portaldaprevencao\/wp-content\/uploads\/2018\/07\/LOGO-PHOTOSHOP.png","contentUrl":"https:\/\/prevenseg-treinamentos.com.br\/portaldaprevencao\/wp-content\/uploads\/2018\/07\/LOGO-PHOTOSHOP.png","width":823,"height":448,"caption":"Prevenseg Treinamentos"},"image":{"@id":"https:\/\/prevenseg-treinamentos.com.br\/portaldaprevencao\/#\/schema\/logo\/image\/"},"sameAs":["https:\/\/www.facebook.com\/prevensetreinamentos\/"]},{"@type":"Person","@id":"https:\/\/prevenseg-treinamentos.com.br\/portaldaprevencao\/#\/schema\/person\/82746c4230fb6d2ee5c6dd79c0746488","name":"Diones Chelenper","image":{"@type":"ImageObject","inLanguage":"pt-PT","@id":"https:\/\/secure.gravatar.com\/avatar\/ef4ffd41b20793ef13fd207b0fa9c50b201ef425c79c82cb66f41a0d59c0722c?s=96&d=mm&r=g","url":"https:\/\/secure.gravatar.com\/avatar\/ef4ffd41b20793ef13fd207b0fa9c50b201ef425c79c82cb66f41a0d59c0722c?s=96&d=mm&r=g","contentUrl":"https:\/\/secure.gravatar.com\/avatar\/ef4ffd41b20793ef13fd207b0fa9c50b201ef425c79c82cb66f41a0d59c0722c?s=96&d=mm&r=g","caption":"Diones Chelenper"},"description":"Meu nome \u00e9 Diones Chelenper, sou profissional com forma\u00e7\u00e3o t\u00e9cnica na \u00e1rea de Seguran\u00e7a do Trabalho, Bombeiro Civil, Instrutor de Brigadas de Emerg\u00eancia e Supervisor de Trabalhos em Altura.","sameAs":["http:\/\/www.prevenseg-treinamentos.com.br","https:\/\/www.facebook.com\/prevensetreinamentos\/"],"url":"https:\/\/prevenseg-treinamentos.com.br\/portaldaprevencao\/author\/administrador\/"}]}},"post_mailing_queue_ids":[],"_links":{"self":[{"href":"https:\/\/prevenseg-treinamentos.com.br\/portaldaprevencao\/wp-json\/wp\/v2\/posts\/502","targetHints":{"allow":["GET"]}}],"collection":[{"href":"https:\/\/prevenseg-treinamentos.com.br\/portaldaprevencao\/wp-json\/wp\/v2\/posts"}],"about":[{"href":"https:\/\/prevenseg-treinamentos.com.br\/portaldaprevencao\/wp-json\/wp\/v2\/types\/post"}],"author":[{"embeddable":true,"href":"https:\/\/prevenseg-treinamentos.com.br\/portaldaprevencao\/wp-json\/wp\/v2\/users\/1"}],"replies":[{"embeddable":true,"href":"https:\/\/prevenseg-treinamentos.com.br\/portaldaprevencao\/wp-json\/wp\/v2\/comments?post=502"}],"version-history":[{"count":2,"href":"https:\/\/prevenseg-treinamentos.com.br\/portaldaprevencao\/wp-json\/wp\/v2\/posts\/502\/revisions"}],"predecessor-version":[{"id":1274,"href":"https:\/\/prevenseg-treinamentos.com.br\/portaldaprevencao\/wp-json\/wp\/v2\/posts\/502\/revisions\/1274"}],"wp:featuredmedia":[{"embeddable":true,"href":"https:\/\/prevenseg-treinamentos.com.br\/portaldaprevencao\/wp-json\/wp\/v2\/media\/505"}],"wp:attachment":[{"href":"https:\/\/prevenseg-treinamentos.com.br\/portaldaprevencao\/wp-json\/wp\/v2\/media?parent=502"}],"wp:term":[{"taxonomy":"category","embeddable":true,"href":"https:\/\/prevenseg-treinamentos.com.br\/portaldaprevencao\/wp-json\/wp\/v2\/categories?post=502"},{"taxonomy":"post_tag","embeddable":true,"href":"https:\/\/prevenseg-treinamentos.com.br\/portaldaprevencao\/wp-json\/wp\/v2\/tags?post=502"}],"curies":[{"name":"wp","href":"https:\/\/api.w.org\/{rel}","templated":true}]}}