{"id":421,"date":"2018-09-11T07:00:51","date_gmt":"2018-09-11T07:00:51","guid":{"rendered":"https:\/\/prevenseg-treinamentos.com.br\/portaldaprevencao\/?p=421"},"modified":"2020-02-25T11:52:37","modified_gmt":"2020-02-25T14:52:37","slug":"pcmso","status":"publish","type":"post","link":"https:\/\/prevenseg-treinamentos.com.br\/portaldaprevencao\/pcmso\/","title":{"rendered":"PCMSO &#8211; Programa de Controle M\u00e9dico de Sa\u00fade Ocupacional"},"content":{"rendered":"<p>O PCMSO \u00e9 um programa, que assim como o PPRA (Programa de Preven\u00e7\u00e3o de Riscos Ambientais) \u00e9 obrigat\u00f3rio a todos os empregadores que possuam trabalhadores como empregados.<\/p>\n<p>Continue lendo esse artigo e saiba mais sobre o PCMSO<\/p>\n<h3><em><strong>O que \u00e9 um PCMSO?<\/strong><\/em><\/h3>\n<p><img fetchpriority=\"high\" decoding=\"async\" class=\"aligncenter wp-image-422\" src=\"https:\/\/prevenseg-treinamentos.com.br\/portaldaprevencao\/wp-content\/uploads\/2018\/09\/PCMSO.png\" alt=\"PCMSO\" width=\"664\" height=\"374\" srcset=\"https:\/\/prevenseg-treinamentos.com.br\/portaldaprevencao\/wp-content\/uploads\/2018\/09\/PCMSO.png 380w, https:\/\/prevenseg-treinamentos.com.br\/portaldaprevencao\/wp-content\/uploads\/2018\/09\/PCMSO-300x169.png 300w\" sizes=\"(max-width: 664px) 100vw, 664px\" \/><\/p>\n<p>O PCMSO \u00e9 um programa denominado de Programa de Controle M\u00e9dico de Sa\u00fade Ocupacional e tem como objetivo, promover e preservar a sa\u00fade do conjunto dos trabalhadores, com o car\u00e1ter de preven\u00e7\u00e3o, rastreamento e diagn\u00f3stico precoce dos agravos relacionados \u00e0 sa\u00fade do trabalho.<\/p>\n<p>O PCMSO \u00e9 regulamentado e exigido pela <a href=\"http:\/\/trabalho.gov.br\/images\/Documentos\/SST\/NR\/NR7.pdf\" target=\"_blank\" rel=\"noopener noreferrer\">Norma Regulamentadora n\u00ba 07 (NR-07)<\/a> a qual em sei subitem 7.2.4 da NR-07 traz o seguinte texto:<\/p>\n<p>\u201cO PCMSO dever\u00e1 ser planejado e implantado com base nos riscos \u00e0 sa\u00fade dos trabalhadores, especialmente os identificados nas avalia\u00e7\u00f5es previstas nas demais NR\u201d.<\/p>\n<p>Ou seja, a promo\u00e7\u00e3o da sa\u00fade pelo PCMSO \u00e9 feita com base nos riscos identificados no <a href=\"https:\/\/prevenseg-treinamentos.com.br\/portaldaprevencao\/2018\/08\/31\/ppra-programa-de-prevencao-de-riscos-ambientais\/\" target=\"_blank\" rel=\"noopener noreferrer\">PPRA \u2013 Programa de Preven\u00e7\u00e3o de Riscos Ambientais<\/a>, programa esse exigido pela NR-09.<\/p>\n<h3><em><strong>O PCMSO \u00e9 obrigat\u00f3rio?<\/strong><\/em><\/h3>\n<p>Segundo a <a href=\"http:\/\/trabalho.gov.br\/images\/Documentos\/SST\/NR\/NR7.pdf\" target=\"_blank\" rel=\"noopener noreferrer\">Norma Regulamentadora n\u00ba 07 (NR-07)<\/a>, o PCMSO deve ser elaborado e implementado por todos os empregadores e institui\u00e7\u00f5es que admitam trabalhadores como empregados, conforme determinado no item 7.1.1, descrito abaixo:<\/p>\n<p>7.1.1 \u201cEsta Norma Regulamentadora &#8211; NR estabelece a obrigatoriedade de elabora\u00e7\u00e3o e implementa\u00e7\u00e3o, por parte de todos os empregadores e institui\u00e7\u00f5es que admitam trabalhadores como empregados, do Programa de Controle M\u00e9dico de Sa\u00fade Ocupacional &#8211; PCMSO, com o objetivo de promo\u00e7\u00e3o e preserva\u00e7\u00e3o da sa\u00fade do conjunto dos seus trabalhadores\u201d.<\/p>\n<h3><em><strong>Qual profissional pode elaborar o PCMSO?<\/strong><\/em><\/h3>\n<p><img decoding=\"async\" class=\"aligncenter wp-image-426 lazyload\" data-src=\"https:\/\/prevenseg-treinamentos.com.br\/portaldaprevencao\/wp-content\/uploads\/2018\/09\/M\u00c9DICO-COORDENADOR-DO-PCMSO.png\" alt=\"M\u00c9DICO COORDENADOR DO PCMSO\" width=\"660\" height=\"396\" data-srcset=\"https:\/\/prevenseg-treinamentos.com.br\/portaldaprevencao\/wp-content\/uploads\/2018\/09\/M\u00c9DICO-COORDENADOR-DO-PCMSO.png 350w, https:\/\/prevenseg-treinamentos.com.br\/portaldaprevencao\/wp-content\/uploads\/2018\/09\/M\u00c9DICO-COORDENADOR-DO-PCMSO-300x180.png 300w\" data-sizes=\"(max-width: 660px) 100vw, 660px\" src=\"data:image\/svg+xml;base64,PHN2ZyB3aWR0aD0iMSIgaGVpZ2h0PSIxIiB4bWxucz0iaHR0cDovL3d3dy53My5vcmcvMjAwMC9zdmciPjwvc3ZnPg==\" style=\"--smush-placeholder-width: 660px; --smush-placeholder-aspect-ratio: 660\/396;\" \/><\/p>\n<p>Segundo NR-07, em seu item 7.3, al\u00ednea \u2018c\u2019, a empresa que for obrigada a compor o <a href=\"https:\/\/prevenseg-treinamentos.com.br\/portaldaprevencao\/2018\/08\/07\/sesmt-o-que-e-e-quais-suas-atribuicoes\/\" target=\"_blank\" rel=\"noopener noreferrer\">SESMT \u2013 Servi\u00e7o Especializado em Engenharia de Seguran\u00e7a e em Medicina do Trabalho<\/a>, conforme Quadro II da NR-04, e tiver mais de um m\u00e9dico trabalho no SESMT, dever\u00e1 indicar dentre os profissionais o m\u00e9dico que ser\u00e1 respons\u00e1vel por acompanhar e coordenador do PCMSO.<\/p>\n<p>\u201cc) indicar, dentre os m\u00e9dicos dos <a href=\"https:\/\/prevenseg-treinamentos.com.br\/portaldaprevencao\/2018\/08\/24\/nr-04-como-fazer-o-dimensionamento-do-sesmt\/\" target=\"_blank\" rel=\"noopener noreferrer\">Servi\u00e7os Especializados em Engenharia de Seguran\u00e7a e Medicina do Trabalho \u2013 SESMT<\/a>, da empresa, um coordenador respons\u00e1vel pela execu\u00e7\u00e3o do PCMSO\u201d;<\/p>\n<p>A al\u00ednea \u2018d\u2019 do item 7.3 diz que, caso a empresa esteja desobrigada de manter o SESMT ou n\u00e3o precise do profissional m\u00e9dico do trabalho na composi\u00e7\u00e3o do SESMT, conforme Quadro II da NR-04, est\u00e1 dever\u00e1 indicar um m\u00e9dico do trabalho para coordenar o PCMSO, independente de este ser ou n\u00e3o seu empregado.<\/p>\n<p>\u201cd) no caso de a empresa estar desobrigada de manter m\u00e9dico do trabalho, de acordo com a NR 4, dever\u00e1 o empregador indicar m\u00e9dico do trabalho, empregado ou n\u00e3o da empresa, para coordenar o PCMSO\u201d;<\/p>\n<p>Caso n\u00e3o haja o profissional m\u00e9dico do trabalho na localidade, o que impossibilitaria o empregador de contratar este profissional espec\u00edfico, a NR-07 prev\u00ea no item 7.3, al\u00ednea \u2018e\u2019, que o empregador pode indicar m\u00e9dico de outra especialidade para acompanhar e coordenar o PCMSO.<\/p>\n<p>\u201ce) inexistindo m\u00e9dico do trabalho na localidade, o empregador poder\u00e1 contratar m\u00e9dico de outra especialidade para coordenar o PCMSO\u201d.<\/p>\n<h3><em><strong>O que compete ao m\u00e9dico coordenador?<\/strong><\/em><\/h3>\n<p><img decoding=\"async\" class=\"aligncenter wp-image-427 lazyload\" data-src=\"https:\/\/prevenseg-treinamentos.com.br\/portaldaprevencao\/wp-content\/uploads\/2018\/09\/EXAMES-DO-PCMSO.png\" alt=\"EXAMES DO PCMSO\" width=\"657\" height=\"389\" data-srcset=\"https:\/\/prevenseg-treinamentos.com.br\/portaldaprevencao\/wp-content\/uploads\/2018\/09\/EXAMES-DO-PCMSO.png 350w, https:\/\/prevenseg-treinamentos.com.br\/portaldaprevencao\/wp-content\/uploads\/2018\/09\/EXAMES-DO-PCMSO-300x177.png 300w\" data-sizes=\"(max-width: 657px) 100vw, 657px\" src=\"data:image\/svg+xml;base64,PHN2ZyB3aWR0aD0iMSIgaGVpZ2h0PSIxIiB4bWxucz0iaHR0cDovL3d3dy53My5vcmcvMjAwMC9zdmciPjwvc3ZnPg==\" style=\"--smush-placeholder-width: 657px; --smush-placeholder-aspect-ratio: 657\/389;\" \/><\/p>\n<p>O profissional m\u00e9dico coordenador do PCMSO deve realizar os exames previstos na NR-07, item 7.4.1, al\u00edneas \u2018a\u2019 e \u2018b\u2019 ou designar outro profissional m\u00e9dico que tenha conhecimento sobre os princ\u00edpios da patologia ocupacional e suas causas, al\u00e9m de conhecer o ambiente de trabalho e os riscos que os trabalhadores est\u00e3o ou ser\u00e3o expostos.<\/p>\n<p>Da mesma forma, para os exames complementares este deve designar profissionais ou entidades que tenham capacita\u00e7\u00e3o, qualifica\u00e7\u00e3o e disponham de equipamentos para realizar os exames complementares necess\u00e1rios, conforme os riscos que o trabalhador estar\u00e1 exposto.<\/p>\n<p>\u201ca) Realizar os exames m\u00e9dicos previstos no item 7.4.1 ou encarregar os mesmos a profissional m\u00e9dico familiarizado com os princ\u00edpios da patologia ocupacional e suas causas, bem como com o ambiente, as condi\u00e7\u00f5es de trabalho e os riscos a que est\u00e1 ou ser\u00e1 exposto cada trabalhador da empresa a ser examinado;<\/p>\n<p>b) Encarregar dos exames complementares previstos nos itens, quadros e anexos desta NR profissionais e\/ou entidades devidamente capacitados, equipados e qualificados\u201d.<\/p>\n<h3><em><strong>Quais s\u00e3o os exames m\u00e9dico obrigat\u00f3rio?<\/strong><\/em><\/h3>\n<p><img decoding=\"async\" class=\"aligncenter wp-image-429 lazyload\" data-src=\"https:\/\/prevenseg-treinamentos.com.br\/portaldaprevencao\/wp-content\/uploads\/2018\/09\/EXAMES-PERI\u00d3DICOS.png\" alt=\"EXAMES PERI\u00d3DICOS\" width=\"658\" height=\"395\" data-srcset=\"https:\/\/prevenseg-treinamentos.com.br\/portaldaprevencao\/wp-content\/uploads\/2018\/09\/EXAMES-PERI\u00d3DICOS.png 350w, https:\/\/prevenseg-treinamentos.com.br\/portaldaprevencao\/wp-content\/uploads\/2018\/09\/EXAMES-PERI\u00d3DICOS-300x180.png 300w\" data-sizes=\"(max-width: 658px) 100vw, 658px\" src=\"data:image\/svg+xml;base64,PHN2ZyB3aWR0aD0iMSIgaGVpZ2h0PSIxIiB4bWxucz0iaHR0cDovL3d3dy53My5vcmcvMjAwMC9zdmciPjwvc3ZnPg==\" style=\"--smush-placeholder-width: 658px; --smush-placeholder-aspect-ratio: 658\/395;\" \/><\/p>\n<p>Al\u00e9m dos exames complementares, o PCMSO deve incluir a realiza\u00e7\u00e3o obrigat\u00f3ria dos exames m\u00e9dicos:<\/p>\n<ul>\n<li>Admissional;<\/li>\n<li>Peri\u00f3dico;<\/li>\n<li>De retorno ao trabalho;<\/li>\n<li>De mudan\u00e7a de fun\u00e7\u00e3o;<\/li>\n<\/ul>\n<p>Os exames de que trata o item 7.4.1 compreendem:<\/p>\n<p>a) avalia\u00e7\u00e3o cl\u00ednica, abrangendo anamnese ocupacional e exame f\u00edsico e mental;<\/p>\n<p>b) exames complementares, realizados de acordo com os termos espec\u00edficos nesta NR e seus anexos.<\/p>\n<h3><em><strong>Qual o prazo para cada exame?<\/strong><\/em><\/h3>\n<p><strong>Exame admissional &#8211;<\/strong> deve ser realizado antes de o trabalhador iniciar as atividades;<\/p>\n<p><strong>Exame peri\u00f3dico &#8211;<\/strong> pode ser realizado anualmente ou a intervalos menores, a crit\u00e9rio do m\u00e9dico encarregado, ou se notificado pelo m\u00e9dico agente da inspe\u00e7\u00e3o do trabalho, ou, ainda, como resultado de negocia\u00e7\u00e3o coletiva de trabalho;<\/p>\n<p><strong>Retorno ao trabalho &#8211;<\/strong> Se o trabalhador ficar afastado por per\u00edodo igual ou superior h\u00e1 30 dias, por motivo de doen\u00e7a, ou acidente, de natureza ocupacional ou n\u00e3o, ou parto, este deve fazer o exame de retorno ao trabalho no primeiro dia da volta ao trabalho.<\/p>\n<p><strong>Exame de mudan\u00e7a de fun\u00e7\u00e3o &#8211;<\/strong> deve ser realizado quando o trabalhador tem sua fun\u00e7\u00e3o alterada, por isso o nome de \u201cexame mudan\u00e7a de fun\u00e7\u00e3o\u201d.<\/p>\n<p>Este exame deve obrigatoriamente ser realizado antes do trabalhador mudar de fun\u00e7\u00e3o.<\/p>\n<p>Pode ser considerada mudan\u00e7a de fun\u00e7\u00e3o qualquer altera\u00e7\u00e3o da atividade, posto de trabalho ou setor que exponha o trabalhador a riscos diferentes.<\/p>\n<p><strong>Exame demissional<\/strong> \u2013 este exame deve ser realizado caso o trabalhador seja demitido da empresa, desde que o \u00faltimo exame tenha sido realizado h\u00e1 mais de 135 dias, no caso de empresas de grau de risco 1 e 2 e 90 dias caso a empresa seja grau de risco 3 e 4.<\/p>\n<h3><em><strong>ASO \u2013 Atestado de Sa\u00fade Ocupacional<\/strong><\/em><\/h3>\n<p><img decoding=\"async\" class=\"aligncenter wp-image-428 lazyload\" data-src=\"https:\/\/prevenseg-treinamentos.com.br\/portaldaprevencao\/wp-content\/uploads\/2018\/09\/ATESTADO-DE-SA\u00daDE-OCUPACIONAL.png\" alt=\"ATESTADO DE SA\u00daDE OCUPACIONAL\" width=\"666\" height=\"374\" data-srcset=\"https:\/\/prevenseg-treinamentos.com.br\/portaldaprevencao\/wp-content\/uploads\/2018\/09\/ATESTADO-DE-SA\u00daDE-OCUPACIONAL.png 370w, https:\/\/prevenseg-treinamentos.com.br\/portaldaprevencao\/wp-content\/uploads\/2018\/09\/ATESTADO-DE-SA\u00daDE-OCUPACIONAL-300x169.png 300w\" data-sizes=\"(max-width: 666px) 100vw, 666px\" src=\"data:image\/svg+xml;base64,PHN2ZyB3aWR0aD0iMSIgaGVpZ2h0PSIxIiB4bWxucz0iaHR0cDovL3d3dy53My5vcmcvMjAwMC9zdmciPjwvc3ZnPg==\" style=\"--smush-placeholder-width: 666px; --smush-placeholder-aspect-ratio: 666\/374;\" \/><\/p>\n<p>Para cada exame previsto no item 4.1 e realizado, o m\u00e9dico dever\u00e1 emitir o ASO em duas vias.<\/p>\n<p>A primeira via do ASO dever\u00e1 ficar no local de trabalho do trabalhador, \u00e0 disposi\u00e7\u00e3o da fiscaliza\u00e7\u00e3o do trabalho, inclusive frente de trabalho ou canteiro de obras.<\/p>\n<p>A segunda via deve obrigatoriamente ser entregue ao trabalhador.<\/p>\n<p>Conforme subitem 7.4.4.3, o ASO dever\u00e1 conter no m\u00ednimo:<\/p>\n<p>\u201ca) nome completo do trabalhador, o n\u00famero de registro de sua identidade e sua fun\u00e7\u00e3o;<\/p>\n<p>b) os riscos ocupacionais espec\u00edficos existentes, ou a aus\u00eancia deles, na atividade do empregado, conforme instru\u00e7\u00f5es t\u00e9cnicas expedidas pela Secretaria de Seguran\u00e7a e Sa\u00fade no Trabalho-SSST;<\/p>\n<p>c) indica\u00e7\u00e3o dos procedimentos m\u00e9dicos a que foi submetido o trabalhador, incluindo os exames complementares e a data em que foram realizados;<\/p>\n<p>d) o nome do m\u00e9dico coordenador, quando houver, com respectivo CRM;<\/p>\n<p>e) defini\u00e7\u00e3o de apto ou inapto para a fun\u00e7\u00e3o espec\u00edfica que o trabalhador vai exercer, exerce ou exerceu;<\/p>\n<p>f) nome do m\u00e9dico encarregado do exame e endere\u00e7o ou forma de contato;<\/p>\n<p>g) data e assinatura do m\u00e9dico encarregado do exame e carimbo contendo seu n\u00famero de inscri\u00e7\u00e3o no Conselho Regional de Medicina\u201d.<\/p>\n<h3><em><strong>Em que situa\u00e7\u00e3o o empregador n\u00e3o precisa indicar o m\u00e9dico coordenador?<\/strong><\/em><\/h3>\n<p><img decoding=\"async\" class=\"aligncenter wp-image-431 lazyload\" data-src=\"https:\/\/prevenseg-treinamentos.com.br\/portaldaprevencao\/wp-content\/uploads\/2018\/09\/MEDICO-DO-TRABALHO.png\" alt=\"MEDICO DO TRABALHO\" width=\"659\" height=\"433\" data-srcset=\"https:\/\/prevenseg-treinamentos.com.br\/portaldaprevencao\/wp-content\/uploads\/2018\/09\/MEDICO-DO-TRABALHO.png 350w, https:\/\/prevenseg-treinamentos.com.br\/portaldaprevencao\/wp-content\/uploads\/2018\/09\/MEDICO-DO-TRABALHO-300x197.png 300w\" data-sizes=\"(max-width: 659px) 100vw, 659px\" src=\"data:image\/svg+xml;base64,PHN2ZyB3aWR0aD0iMSIgaGVpZ2h0PSIxIiB4bWxucz0iaHR0cDovL3d3dy53My5vcmcvMjAwMC9zdmciPjwvc3ZnPg==\" style=\"--smush-placeholder-width: 659px; --smush-placeholder-aspect-ratio: 659\/433;\" \/><\/p>\n<p>Segundo o subitem 7.3.1.1, as empresas com grau de risco 1 e 2, conforme Quadro 1 e que tenha em seu quadro de funcion\u00e1rios um n\u00famero n\u00e3o superior a 25 empregados, ficam desobrigadas de indicar o m\u00e9dico coordenador.<\/p>\n<p>O mesmo vale para as empresas de grau de risco 3 e 4, com n\u00famero de funcion\u00e1rios n\u00e3o superior a 10.<\/p>\n<p>\u201c7.3.1.1 Ficam desobrigadas de indicar m\u00e9dico coordenador as empresas de grau de risco 1 e 2, segundo o Quadro 1 da NR 4, com at\u00e9 25 (vinte e cinto) empregados e aquelas de grau de risco 3 e 4, segundo o Quadro 1 da NR 4, com at\u00e9 10 (dez) empregados\u201d<\/p>\n<p>Empresas com grau de risco 1 e 2 e que tenha mais de 25 funcion\u00e1rios e at\u00e9 50 funcion\u00e1rios, poder\u00e3o estar desobrigadas de indicar o m\u00e9dico do trabalho, mediante acordo coletivo.<\/p>\n<p>\u201c7.3.1.1.1 As empresas com mais de 25 (vinte e cinco) empregados e at\u00e9 50 (cinquenta) empregados, enquadradas no grau de risco 1 ou 2, segundo o Quadro 1 da NR 4, poder\u00e3o estar desobrigadas de indicar m\u00e9dico coordenador em decorr\u00eancia de negocia\u00e7\u00e3o coletiva\u201d.<\/p>\n<p>J\u00e1 as empresas com grau de risco 3 e 4 e com quadro de funcion\u00e1rios maior que 10 e at\u00e9 20 empregados, poder\u00e3o da mesma forma estar desobrigada de indicar m\u00e9dico coordenador mediante acordo coletivo, por\u00e9m, este deve ser assistido por profissional do \u00f3rg\u00e3o regional competente em seguran\u00e7a e sa\u00fade no trabalho.<\/p>\n<p>Ou seja, deve ter o acompanhamento de profissional do TRT \u2013 Tribunal Regional do Trabalho.<\/p>\n<p>\u201c7.3.1.1.2 As empresas com mais de 10 (dez) empregados e com at\u00e9 20 (vinte) empregados, enquadradas no grau de risco 3 ou 4, segundo o Quadro 1 da NR 4, poder\u00e3o estar desobrigadas de indicar m\u00e9dico do trabalho coordenador em decorr\u00eancia de negocia\u00e7\u00e3o coletiva, assistida por profissional do \u00f3rg\u00e3o regional competente em seguran\u00e7a e sa\u00fade no trabalho.<\/p>\n<p>Se voc\u00ea gostou do post de hoje, deixe a sua curtida abaixo e n\u00e3o deixe de compartilhar com outros leitores, amigos e familiares, para que mais pessoas tenham acesso \u00e0 esta informa\u00e7\u00e3o.<\/p>\n<p>At\u00e9 o pr\u00f3ximo artigo!<\/p>\n","protected":false},"excerpt":{"rendered":"<p>O PCMSO \u00e9 um programa, que assim como o PPRA (Programa de Preven\u00e7\u00e3o de Riscos Ambientais) \u00e9 obrigat\u00f3rio a todos os empregadores que possuam trabalhadores como empregados. Continue lendo esse artigo e saiba mais sobre o PCMSO O que \u00e9 um PCMSO? O PCMSO \u00e9 um programa denominado de Programa de Controle M\u00e9dico de Sa\u00fade [&hellip;]<\/p>\n","protected":false},"author":1,"featured_media":422,"comment_status":"open","ping_status":"open","sticky":false,"template":"","format":"standard","meta":{"_exactmetrics_skip_tracking":false,"_exactmetrics_sitenote_active":false,"_exactmetrics_sitenote_note":"","_exactmetrics_sitenote_category":0,"footnotes":""},"categories":[5,1],"tags":[],"class_list":["post-421","post","type-post","status-publish","format-standard","has-post-thumbnail","hentry","category-medicina-do-trabalho","category-seguranca-do-trabalho"],"yoast_head":"<!-- This site is optimized with the Yoast SEO plugin v27.2 - https:\/\/yoast.com\/product\/yoast-seo-wordpress\/ -->\n<title>PCMSO - Programa de Controle M\u00e9dico de Sa\u00fade Ocupacional - Blog Portal da Preven\u00e7\u00e3o<\/title>\n<meta name=\"description\" content=\"O PCMSO \u00e9 um programa denominado de Programa de Controle M\u00e9dico de Sa\u00fade Ocupacional e tem como objetivo, promover e preservar a sa\u00fade do conjunto...\" \/>\n<meta name=\"robots\" content=\"index, follow, max-snippet:-1, max-image-preview:large, max-video-preview:-1\" \/>\n<link rel=\"canonical\" href=\"https:\/\/prevenseg-treinamentos.com.br\/portaldaprevencao\/pcmso\/\" \/>\n<meta property=\"og:locale\" content=\"pt_PT\" \/>\n<meta property=\"og:type\" content=\"article\" \/>\n<meta property=\"og:title\" content=\"PCMSO - Programa de Controle M\u00e9dico de Sa\u00fade Ocupacional - Blog Portal da Preven\u00e7\u00e3o\" \/>\n<meta property=\"og:description\" content=\"O PCMSO \u00e9 um programa denominado de Programa de Controle M\u00e9dico de Sa\u00fade Ocupacional e tem como objetivo, promover e preservar a sa\u00fade do conjunto...\" \/>\n<meta property=\"og:url\" content=\"https:\/\/prevenseg-treinamentos.com.br\/portaldaprevencao\/pcmso\/\" \/>\n<meta property=\"og:site_name\" content=\"Blog Portal da Preven\u00e7\u00e3o\" \/>\n<meta property=\"article:publisher\" content=\"https:\/\/www.facebook.com\/prevensetreinamentos\/\" \/>\n<meta property=\"article:author\" content=\"https:\/\/www.facebook.com\/prevensetreinamentos\/\" \/>\n<meta property=\"article:published_time\" content=\"2018-09-11T07:00:51+00:00\" \/>\n<meta property=\"article:modified_time\" content=\"2020-02-25T14:52:37+00:00\" \/>\n<meta property=\"og:image\" content=\"https:\/\/prevenseg-treinamentos.com.br\/portaldaprevencao\/wp-content\/uploads\/2018\/09\/PCMSO.png\" \/>\n\t<meta property=\"og:image:width\" content=\"380\" \/>\n\t<meta property=\"og:image:height\" content=\"214\" \/>\n\t<meta property=\"og:image:type\" content=\"image\/png\" \/>\n<meta name=\"author\" content=\"Diones Chelenper\" \/>\n<meta name=\"twitter:card\" content=\"summary_large_image\" \/>\n<meta name=\"twitter:label1\" content=\"Escrito por\" \/>\n\t<meta name=\"twitter:data1\" content=\"Diones Chelenper\" \/>\n\t<meta name=\"twitter:label2\" content=\"Tempo estimado de leitura\" \/>\n\t<meta name=\"twitter:data2\" content=\"8 minutos\" \/>\n<script type=\"application\/ld+json\" class=\"yoast-schema-graph\">{\"@context\":\"https:\/\/schema.org\",\"@graph\":[{\"@type\":\"Article\",\"@id\":\"https:\/\/prevenseg-treinamentos.com.br\/portaldaprevencao\/pcmso\/#article\",\"isPartOf\":{\"@id\":\"https:\/\/prevenseg-treinamentos.com.br\/portaldaprevencao\/pcmso\/\"},\"author\":{\"name\":\"Diones Chelenper\",\"@id\":\"https:\/\/prevenseg-treinamentos.com.br\/portaldaprevencao\/#\/schema\/person\/82746c4230fb6d2ee5c6dd79c0746488\"},\"headline\":\"PCMSO &#8211; Programa de Controle M\u00e9dico de Sa\u00fade Ocupacional\",\"datePublished\":\"2018-09-11T07:00:51+00:00\",\"dateModified\":\"2020-02-25T14:52:37+00:00\",\"mainEntityOfPage\":{\"@id\":\"https:\/\/prevenseg-treinamentos.com.br\/portaldaprevencao\/pcmso\/\"},\"wordCount\":1573,\"commentCount\":0,\"publisher\":{\"@id\":\"https:\/\/prevenseg-treinamentos.com.br\/portaldaprevencao\/#organization\"},\"image\":{\"@id\":\"https:\/\/prevenseg-treinamentos.com.br\/portaldaprevencao\/pcmso\/#primaryimage\"},\"thumbnailUrl\":\"https:\/\/prevenseg-treinamentos.com.br\/portaldaprevencao\/wp-content\/uploads\/2018\/09\/PCMSO.png\",\"articleSection\":[\"Medicina do Trabalho\",\"Seguran\u00e7a do Trabalho\"],\"inLanguage\":\"pt-PT\",\"potentialAction\":[{\"@type\":\"CommentAction\",\"name\":\"Comment\",\"target\":[\"https:\/\/prevenseg-treinamentos.com.br\/portaldaprevencao\/pcmso\/#respond\"]}]},{\"@type\":\"WebPage\",\"@id\":\"https:\/\/prevenseg-treinamentos.com.br\/portaldaprevencao\/pcmso\/\",\"url\":\"https:\/\/prevenseg-treinamentos.com.br\/portaldaprevencao\/pcmso\/\",\"name\":\"PCMSO - Programa de Controle M\u00e9dico de Sa\u00fade Ocupacional - Blog Portal da Preven\u00e7\u00e3o\",\"isPartOf\":{\"@id\":\"https:\/\/prevenseg-treinamentos.com.br\/portaldaprevencao\/#website\"},\"primaryImageOfPage\":{\"@id\":\"https:\/\/prevenseg-treinamentos.com.br\/portaldaprevencao\/pcmso\/#primaryimage\"},\"image\":{\"@id\":\"https:\/\/prevenseg-treinamentos.com.br\/portaldaprevencao\/pcmso\/#primaryimage\"},\"thumbnailUrl\":\"https:\/\/prevenseg-treinamentos.com.br\/portaldaprevencao\/wp-content\/uploads\/2018\/09\/PCMSO.png\",\"datePublished\":\"2018-09-11T07:00:51+00:00\",\"dateModified\":\"2020-02-25T14:52:37+00:00\",\"description\":\"O PCMSO \u00e9 um programa denominado de Programa de Controle M\u00e9dico de Sa\u00fade Ocupacional e tem como objetivo, promover e preservar a sa\u00fade do conjunto...\",\"breadcrumb\":{\"@id\":\"https:\/\/prevenseg-treinamentos.com.br\/portaldaprevencao\/pcmso\/#breadcrumb\"},\"inLanguage\":\"pt-PT\",\"potentialAction\":[{\"@type\":\"ReadAction\",\"target\":[\"https:\/\/prevenseg-treinamentos.com.br\/portaldaprevencao\/pcmso\/\"]}]},{\"@type\":\"ImageObject\",\"inLanguage\":\"pt-PT\",\"@id\":\"https:\/\/prevenseg-treinamentos.com.br\/portaldaprevencao\/pcmso\/#primaryimage\",\"url\":\"https:\/\/prevenseg-treinamentos.com.br\/portaldaprevencao\/wp-content\/uploads\/2018\/09\/PCMSO.png\",\"contentUrl\":\"https:\/\/prevenseg-treinamentos.com.br\/portaldaprevencao\/wp-content\/uploads\/2018\/09\/PCMSO.png\",\"width\":380,\"height\":214,\"caption\":\"PCMSO\"},{\"@type\":\"BreadcrumbList\",\"@id\":\"https:\/\/prevenseg-treinamentos.com.br\/portaldaprevencao\/pcmso\/#breadcrumb\",\"itemListElement\":[{\"@type\":\"ListItem\",\"position\":1,\"name\":\"In\u00edcio\",\"item\":\"https:\/\/prevenseg-treinamentos.com.br\/portaldaprevencao\/\"},{\"@type\":\"ListItem\",\"position\":2,\"name\":\"PCMSO &#8211; Programa de Controle M\u00e9dico de Sa\u00fade Ocupacional\"}]},{\"@type\":\"WebSite\",\"@id\":\"https:\/\/prevenseg-treinamentos.com.br\/portaldaprevencao\/#website\",\"url\":\"https:\/\/prevenseg-treinamentos.com.br\/portaldaprevencao\/\",\"name\":\"Portal da Preven\u00e7\u00e3o\",\"description\":\"Sa\u00fade e Seguran\u00e7a do Trabalho\",\"publisher\":{\"@id\":\"https:\/\/prevenseg-treinamentos.com.br\/portaldaprevencao\/#organization\"},\"potentialAction\":[{\"@type\":\"SearchAction\",\"target\":{\"@type\":\"EntryPoint\",\"urlTemplate\":\"https:\/\/prevenseg-treinamentos.com.br\/portaldaprevencao\/?s={search_term_string}\"},\"query-input\":{\"@type\":\"PropertyValueSpecification\",\"valueRequired\":true,\"valueName\":\"search_term_string\"}}],\"inLanguage\":\"pt-PT\"},{\"@type\":\"Organization\",\"@id\":\"https:\/\/prevenseg-treinamentos.com.br\/portaldaprevencao\/#organization\",\"name\":\"Prevenseg Treinamentos\",\"url\":\"https:\/\/prevenseg-treinamentos.com.br\/portaldaprevencao\/\",\"logo\":{\"@type\":\"ImageObject\",\"inLanguage\":\"pt-PT\",\"@id\":\"https:\/\/prevenseg-treinamentos.com.br\/portaldaprevencao\/#\/schema\/logo\/image\/\",\"url\":\"https:\/\/prevenseg-treinamentos.com.br\/portaldaprevencao\/wp-content\/uploads\/2018\/07\/LOGO-PHOTOSHOP.png\",\"contentUrl\":\"https:\/\/prevenseg-treinamentos.com.br\/portaldaprevencao\/wp-content\/uploads\/2018\/07\/LOGO-PHOTOSHOP.png\",\"width\":823,\"height\":448,\"caption\":\"Prevenseg Treinamentos\"},\"image\":{\"@id\":\"https:\/\/prevenseg-treinamentos.com.br\/portaldaprevencao\/#\/schema\/logo\/image\/\"},\"sameAs\":[\"https:\/\/www.facebook.com\/prevensetreinamentos\/\"]},{\"@type\":\"Person\",\"@id\":\"https:\/\/prevenseg-treinamentos.com.br\/portaldaprevencao\/#\/schema\/person\/82746c4230fb6d2ee5c6dd79c0746488\",\"name\":\"Diones Chelenper\",\"image\":{\"@type\":\"ImageObject\",\"inLanguage\":\"pt-PT\",\"@id\":\"https:\/\/secure.gravatar.com\/avatar\/ef4ffd41b20793ef13fd207b0fa9c50b201ef425c79c82cb66f41a0d59c0722c?s=96&d=mm&r=g\",\"url\":\"https:\/\/secure.gravatar.com\/avatar\/ef4ffd41b20793ef13fd207b0fa9c50b201ef425c79c82cb66f41a0d59c0722c?s=96&d=mm&r=g\",\"contentUrl\":\"https:\/\/secure.gravatar.com\/avatar\/ef4ffd41b20793ef13fd207b0fa9c50b201ef425c79c82cb66f41a0d59c0722c?s=96&d=mm&r=g\",\"caption\":\"Diones Chelenper\"},\"description\":\"Meu nome \u00e9 Diones Chelenper, sou profissional com forma\u00e7\u00e3o t\u00e9cnica na \u00e1rea de Seguran\u00e7a do Trabalho, Bombeiro Civil, Instrutor de Brigadas de Emerg\u00eancia e Supervisor de Trabalhos em Altura.\",\"sameAs\":[\"http:\/\/www.prevenseg-treinamentos.com.br\",\"https:\/\/www.facebook.com\/prevensetreinamentos\/\"],\"url\":\"https:\/\/prevenseg-treinamentos.com.br\/portaldaprevencao\/author\/administrador\/\"}]}<\/script>\n<!-- \/ Yoast SEO plugin. -->","yoast_head_json":{"title":"PCMSO - Programa de Controle M\u00e9dico de Sa\u00fade Ocupacional - Blog Portal da Preven\u00e7\u00e3o","description":"O PCMSO \u00e9 um programa denominado de Programa de Controle M\u00e9dico de Sa\u00fade Ocupacional e tem como objetivo, promover e preservar a sa\u00fade do conjunto...","robots":{"index":"index","follow":"follow","max-snippet":"max-snippet:-1","max-image-preview":"max-image-preview:large","max-video-preview":"max-video-preview:-1"},"canonical":"https:\/\/prevenseg-treinamentos.com.br\/portaldaprevencao\/pcmso\/","og_locale":"pt_PT","og_type":"article","og_title":"PCMSO - Programa de Controle M\u00e9dico de Sa\u00fade Ocupacional - Blog Portal da Preven\u00e7\u00e3o","og_description":"O PCMSO \u00e9 um programa denominado de Programa de Controle M\u00e9dico de Sa\u00fade Ocupacional e tem como objetivo, promover e preservar a sa\u00fade do conjunto...","og_url":"https:\/\/prevenseg-treinamentos.com.br\/portaldaprevencao\/pcmso\/","og_site_name":"Blog Portal da Preven\u00e7\u00e3o","article_publisher":"https:\/\/www.facebook.com\/prevensetreinamentos\/","article_author":"https:\/\/www.facebook.com\/prevensetreinamentos\/","article_published_time":"2018-09-11T07:00:51+00:00","article_modified_time":"2020-02-25T14:52:37+00:00","og_image":[{"width":380,"height":214,"url":"https:\/\/prevenseg-treinamentos.com.br\/portaldaprevencao\/wp-content\/uploads\/2018\/09\/PCMSO.png","type":"image\/png"}],"author":"Diones Chelenper","twitter_card":"summary_large_image","twitter_misc":{"Escrito por":"Diones Chelenper","Tempo estimado de leitura":"8 minutos"},"schema":{"@context":"https:\/\/schema.org","@graph":[{"@type":"Article","@id":"https:\/\/prevenseg-treinamentos.com.br\/portaldaprevencao\/pcmso\/#article","isPartOf":{"@id":"https:\/\/prevenseg-treinamentos.com.br\/portaldaprevencao\/pcmso\/"},"author":{"name":"Diones Chelenper","@id":"https:\/\/prevenseg-treinamentos.com.br\/portaldaprevencao\/#\/schema\/person\/82746c4230fb6d2ee5c6dd79c0746488"},"headline":"PCMSO &#8211; Programa de Controle M\u00e9dico de Sa\u00fade Ocupacional","datePublished":"2018-09-11T07:00:51+00:00","dateModified":"2020-02-25T14:52:37+00:00","mainEntityOfPage":{"@id":"https:\/\/prevenseg-treinamentos.com.br\/portaldaprevencao\/pcmso\/"},"wordCount":1573,"commentCount":0,"publisher":{"@id":"https:\/\/prevenseg-treinamentos.com.br\/portaldaprevencao\/#organization"},"image":{"@id":"https:\/\/prevenseg-treinamentos.com.br\/portaldaprevencao\/pcmso\/#primaryimage"},"thumbnailUrl":"https:\/\/prevenseg-treinamentos.com.br\/portaldaprevencao\/wp-content\/uploads\/2018\/09\/PCMSO.png","articleSection":["Medicina do Trabalho","Seguran\u00e7a do Trabalho"],"inLanguage":"pt-PT","potentialAction":[{"@type":"CommentAction","name":"Comment","target":["https:\/\/prevenseg-treinamentos.com.br\/portaldaprevencao\/pcmso\/#respond"]}]},{"@type":"WebPage","@id":"https:\/\/prevenseg-treinamentos.com.br\/portaldaprevencao\/pcmso\/","url":"https:\/\/prevenseg-treinamentos.com.br\/portaldaprevencao\/pcmso\/","name":"PCMSO - Programa de Controle M\u00e9dico de Sa\u00fade Ocupacional - Blog Portal da Preven\u00e7\u00e3o","isPartOf":{"@id":"https:\/\/prevenseg-treinamentos.com.br\/portaldaprevencao\/#website"},"primaryImageOfPage":{"@id":"https:\/\/prevenseg-treinamentos.com.br\/portaldaprevencao\/pcmso\/#primaryimage"},"image":{"@id":"https:\/\/prevenseg-treinamentos.com.br\/portaldaprevencao\/pcmso\/#primaryimage"},"thumbnailUrl":"https:\/\/prevenseg-treinamentos.com.br\/portaldaprevencao\/wp-content\/uploads\/2018\/09\/PCMSO.png","datePublished":"2018-09-11T07:00:51+00:00","dateModified":"2020-02-25T14:52:37+00:00","description":"O PCMSO \u00e9 um programa denominado de Programa de Controle M\u00e9dico de Sa\u00fade Ocupacional e tem como objetivo, promover e preservar a sa\u00fade do conjunto...","breadcrumb":{"@id":"https:\/\/prevenseg-treinamentos.com.br\/portaldaprevencao\/pcmso\/#breadcrumb"},"inLanguage":"pt-PT","potentialAction":[{"@type":"ReadAction","target":["https:\/\/prevenseg-treinamentos.com.br\/portaldaprevencao\/pcmso\/"]}]},{"@type":"ImageObject","inLanguage":"pt-PT","@id":"https:\/\/prevenseg-treinamentos.com.br\/portaldaprevencao\/pcmso\/#primaryimage","url":"https:\/\/prevenseg-treinamentos.com.br\/portaldaprevencao\/wp-content\/uploads\/2018\/09\/PCMSO.png","contentUrl":"https:\/\/prevenseg-treinamentos.com.br\/portaldaprevencao\/wp-content\/uploads\/2018\/09\/PCMSO.png","width":380,"height":214,"caption":"PCMSO"},{"@type":"BreadcrumbList","@id":"https:\/\/prevenseg-treinamentos.com.br\/portaldaprevencao\/pcmso\/#breadcrumb","itemListElement":[{"@type":"ListItem","position":1,"name":"In\u00edcio","item":"https:\/\/prevenseg-treinamentos.com.br\/portaldaprevencao\/"},{"@type":"ListItem","position":2,"name":"PCMSO &#8211; Programa de Controle M\u00e9dico de Sa\u00fade Ocupacional"}]},{"@type":"WebSite","@id":"https:\/\/prevenseg-treinamentos.com.br\/portaldaprevencao\/#website","url":"https:\/\/prevenseg-treinamentos.com.br\/portaldaprevencao\/","name":"Portal da Preven\u00e7\u00e3o","description":"Sa\u00fade e Seguran\u00e7a do Trabalho","publisher":{"@id":"https:\/\/prevenseg-treinamentos.com.br\/portaldaprevencao\/#organization"},"potentialAction":[{"@type":"SearchAction","target":{"@type":"EntryPoint","urlTemplate":"https:\/\/prevenseg-treinamentos.com.br\/portaldaprevencao\/?s={search_term_string}"},"query-input":{"@type":"PropertyValueSpecification","valueRequired":true,"valueName":"search_term_string"}}],"inLanguage":"pt-PT"},{"@type":"Organization","@id":"https:\/\/prevenseg-treinamentos.com.br\/portaldaprevencao\/#organization","name":"Prevenseg Treinamentos","url":"https:\/\/prevenseg-treinamentos.com.br\/portaldaprevencao\/","logo":{"@type":"ImageObject","inLanguage":"pt-PT","@id":"https:\/\/prevenseg-treinamentos.com.br\/portaldaprevencao\/#\/schema\/logo\/image\/","url":"https:\/\/prevenseg-treinamentos.com.br\/portaldaprevencao\/wp-content\/uploads\/2018\/07\/LOGO-PHOTOSHOP.png","contentUrl":"https:\/\/prevenseg-treinamentos.com.br\/portaldaprevencao\/wp-content\/uploads\/2018\/07\/LOGO-PHOTOSHOP.png","width":823,"height":448,"caption":"Prevenseg Treinamentos"},"image":{"@id":"https:\/\/prevenseg-treinamentos.com.br\/portaldaprevencao\/#\/schema\/logo\/image\/"},"sameAs":["https:\/\/www.facebook.com\/prevensetreinamentos\/"]},{"@type":"Person","@id":"https:\/\/prevenseg-treinamentos.com.br\/portaldaprevencao\/#\/schema\/person\/82746c4230fb6d2ee5c6dd79c0746488","name":"Diones Chelenper","image":{"@type":"ImageObject","inLanguage":"pt-PT","@id":"https:\/\/secure.gravatar.com\/avatar\/ef4ffd41b20793ef13fd207b0fa9c50b201ef425c79c82cb66f41a0d59c0722c?s=96&d=mm&r=g","url":"https:\/\/secure.gravatar.com\/avatar\/ef4ffd41b20793ef13fd207b0fa9c50b201ef425c79c82cb66f41a0d59c0722c?s=96&d=mm&r=g","contentUrl":"https:\/\/secure.gravatar.com\/avatar\/ef4ffd41b20793ef13fd207b0fa9c50b201ef425c79c82cb66f41a0d59c0722c?s=96&d=mm&r=g","caption":"Diones Chelenper"},"description":"Meu nome \u00e9 Diones Chelenper, sou profissional com forma\u00e7\u00e3o t\u00e9cnica na \u00e1rea de Seguran\u00e7a do Trabalho, Bombeiro Civil, Instrutor de Brigadas de Emerg\u00eancia e Supervisor de Trabalhos em Altura.","sameAs":["http:\/\/www.prevenseg-treinamentos.com.br","https:\/\/www.facebook.com\/prevensetreinamentos\/"],"url":"https:\/\/prevenseg-treinamentos.com.br\/portaldaprevencao\/author\/administrador\/"}]}},"post_mailing_queue_ids":[],"_links":{"self":[{"href":"https:\/\/prevenseg-treinamentos.com.br\/portaldaprevencao\/wp-json\/wp\/v2\/posts\/421","targetHints":{"allow":["GET"]}}],"collection":[{"href":"https:\/\/prevenseg-treinamentos.com.br\/portaldaprevencao\/wp-json\/wp\/v2\/posts"}],"about":[{"href":"https:\/\/prevenseg-treinamentos.com.br\/portaldaprevencao\/wp-json\/wp\/v2\/types\/post"}],"author":[{"embeddable":true,"href":"https:\/\/prevenseg-treinamentos.com.br\/portaldaprevencao\/wp-json\/wp\/v2\/users\/1"}],"replies":[{"embeddable":true,"href":"https:\/\/prevenseg-treinamentos.com.br\/portaldaprevencao\/wp-json\/wp\/v2\/comments?post=421"}],"version-history":[{"count":1,"href":"https:\/\/prevenseg-treinamentos.com.br\/portaldaprevencao\/wp-json\/wp\/v2\/posts\/421\/revisions"}],"predecessor-version":[{"id":1096,"href":"https:\/\/prevenseg-treinamentos.com.br\/portaldaprevencao\/wp-json\/wp\/v2\/posts\/421\/revisions\/1096"}],"wp:featuredmedia":[{"embeddable":true,"href":"https:\/\/prevenseg-treinamentos.com.br\/portaldaprevencao\/wp-json\/wp\/v2\/media\/422"}],"wp:attachment":[{"href":"https:\/\/prevenseg-treinamentos.com.br\/portaldaprevencao\/wp-json\/wp\/v2\/media?parent=421"}],"wp:term":[{"taxonomy":"category","embeddable":true,"href":"https:\/\/prevenseg-treinamentos.com.br\/portaldaprevencao\/wp-json\/wp\/v2\/categories?post=421"},{"taxonomy":"post_tag","embeddable":true,"href":"https:\/\/prevenseg-treinamentos.com.br\/portaldaprevencao\/wp-json\/wp\/v2\/tags?post=421"}],"curies":[{"name":"wp","href":"https:\/\/api.w.org\/{rel}","templated":true}]}}