{"id":406,"date":"2018-09-05T14:22:10","date_gmt":"2018-09-05T14:22:10","guid":{"rendered":"https:\/\/prevenseg-treinamentos.com.br\/portaldaprevencao\/?p=406"},"modified":"2020-02-25T11:53:07","modified_gmt":"2020-02-25T14:53:07","slug":"responsabilidade-civil-e-criminal-do-empregador-e-prepostos","status":"publish","type":"post","link":"https:\/\/prevenseg-treinamentos.com.br\/portaldaprevencao\/responsabilidade-civil-e-criminal-do-empregador-e-prepostos\/","title":{"rendered":"Responsabilidade Civil e Criminal do Empregador e Prepostos"},"content":{"rendered":"<p>Falando em responsabilidade civil e criminal, quais as implic\u00e2ncias no caso de ocorrer um acidente de trabalho?<\/p>\n<p>Quais as responsabilidades da empresa e, o que esta deve fazer para que n\u00e3o seja responsabilizada civil e criminalmente em caso de acidente?<\/p>\n<p>Quem s\u00e3o os respons\u00e1veis e quais as responsabilidades?<\/p>\n<p>Continue lendo esse artigo e saiba mais sobre o assunto.<\/p>\n<h3><em>O que \u00e9 responsabilidade Civil e Criminal?<\/em><\/h3>\n<p><img fetchpriority=\"high\" decoding=\"async\" class=\"aligncenter wp-image-410\" src=\"https:\/\/prevenseg-treinamentos.com.br\/portaldaprevencao\/wp-content\/uploads\/2018\/09\/RESPONSABILIDADE-CIVIL-E-CRIMINAL.png\" alt=\"RESPONSABILIDADE CIVIL\" width=\"659\" height=\"395\" srcset=\"https:\/\/prevenseg-treinamentos.com.br\/portaldaprevencao\/wp-content\/uploads\/2018\/09\/RESPONSABILIDADE-CIVIL-E-CRIMINAL.png 350w, https:\/\/prevenseg-treinamentos.com.br\/portaldaprevencao\/wp-content\/uploads\/2018\/09\/RESPONSABILIDADE-CIVIL-E-CRIMINAL-300x180.png 300w\" sizes=\"(max-width: 659px) 100vw, 659px\" \/><\/p>\n<p>Responsabilidade civil \u00e9 o que ocorre, quando o empregador ou seus prepostos, visando motiva\u00e7\u00e3o econ\u00f4mica, permitem que a sa\u00fade, a integridade f\u00edsica ou a pr\u00f3pria vida de seus empregados, sejam expostas, ao adotar como rotina, pr\u00e1ticas inseguras, ou n\u00e3o adotar rotineiramente, pr\u00e1ticas seguras, no ambiente de trabalho.<\/p>\n<p>Na responsabilidade Civil o respons\u00e1vel pelo dano causado dever\u00e1 ressarcir aquele que sofreu o dano e na responsabilidade Criminal o respons\u00e1vel responder\u00e1 criminalmente.<\/p>\n<p>Por lei, a empresa \u00e9 respons\u00e1vel pela ado\u00e7\u00e3o e uso das medidas coletivas e individuais de prote\u00e7\u00e3o e seguran\u00e7a da sa\u00fade do trabalhador, devendo prestar informa\u00e7\u00f5es pormenorizadas sobre os riscos da opera\u00e7\u00e3o a executar e do produto a manipular, conforme <a href=\"https:\/\/www.jusbrasil.com.br\/topicos\/10749377\/artigo-157-do-decreto-lei-n-5452-de-01-de-maio-de-1943\" target=\"_blank\" rel=\"nofollow noopener noreferrer\">Art. 157 da CLT.<\/a><\/p>\n<h3><em>Art. 157 da CLT \u2013 \u201cCabe \u00e0s empresas:<\/em><\/h3>\n<p>I &#8211; \u00a0Cumprir e fazer cumprir as normas de seguran\u00e7a e medicina do trabalho;<\/p>\n<p>II &#8211; Instruir os empregados, atrav\u00e9s de ordens de servi\u00e7o, quanto \u00e0s precau\u00e7\u00f5es a tomar no sentido de evitar <a href=\"https:\/\/prevenseg-treinamentos.com.br\/portaldaprevencao\/2018\/08\/16\/acidentes-de-trabalho-10-dicas-para-prevencao\/\" target=\"_blank\" rel=\"noopener noreferrer\">acidentes do trabalho ou doen\u00e7as ocupacionais;<\/a><\/p>\n<p>lIl &#8211; Adotar as medidas que lhe sejam determinadas pelo \u00f3rg\u00e3o regional competente;<\/p>\n<p>IV &#8211; \u00a0Facilitar o exerc\u00edcio da fiscaliza\u00e7\u00e3o pela autoridade competente.<\/p>\n<h3><em>Norma Regulamentadora<\/em><\/h3>\n<p><a href=\"http:\/\/trabalho.gov.br\/images\/Documentos\/SST\/NR\/NR4.pdf\" target=\"_blank\" rel=\"noopener noreferrer\">A Norma Regulamentadora n\u00ba 04 (NR-04)<\/a>, em seu item 4.4, determina que a empresa tomadora de servi\u00e7os est\u00e1 obrigada a estender aos empregados da empresa contratada que lhe presta servi\u00e7os no seu estabelecimento (terceiriza\u00e7\u00e3o) a assist\u00eancia de seus Servi\u00e7os Especializados em Engenharia e Seguran\u00e7a e em Medicina do Trabalho (SESMT).<\/p>\n<p>4.5.2 \u201cQuando a empresa contratada n\u00e3o se enquadrar no Quadro II, anexo, mesmo considerando-se o total de empregados nos estabelecimentos, a contratante deve estender aos empregados da contratada a assist\u00eancia de seus <a href=\"https:\/\/prevenseg-treinamentos.com.br\/portaldaprevencao\/2018\/08\/07\/sesmt-o-que-e-e-quais-suas-atribuicoes\/\" target=\"_blank\" rel=\"nofollow noopener noreferrer\">Servi\u00e7os Especializados em Engenharia de Seguran\u00e7a e em Medicina do Trabalho<\/a>, sejam estes centralizados ou por estabelecimento\u201d.<\/p>\n<p>A responsabilidade Civil e criminal dos EMPREGADORES e de seus PREPOSTOS, decorrente de infort\u00fanio do trabalho j\u00e1 come\u00e7a a ser uma realidade presente, mas apesar disto, existe uma legi\u00e3o de mutilados, que oneram a Previd\u00eancia Social, o que al\u00e9m de causar preocupa\u00e7\u00e3o social, preocupa tamb\u00e9m pelas condena\u00e7\u00f5es que acarretar\u00e3o, no futuro pr\u00f3ximo.<\/p>\n<p>O Minist\u00e9rio P\u00fablico atua nos processos relativos a acidentes e doen\u00e7as do trabalho, atrav\u00e9s dos Promotores de Justi\u00e7a, utilizando os dispositivos legais vigentes, para responsabilizar, Civil e Criminalmente, o empregador e prepostos, causadores de incapacidades e mortes no trabalho.<\/p>\n<p>Se por ventura o dano ocorrer, responder\u00e1 o agente por a\u00e7\u00e3o ou omiss\u00e3o, por homic\u00eddio ou les\u00f5es corporais, na forma dolosa ou culposa. Devem ter cautela, portanto, os empregadores, diretores, gerentes, chefes, outros prepostos e todos aqueles que t\u00eam trabalhadores sob sua responsabilidade, v\u00edtimas potenciais de acidentes ou doen\u00e7as, no tocante a rigorosa observ\u00e2ncia das normas de Medicina e Seguran\u00e7a do Trabalho.<\/p>\n<p>Devem impedir a execu\u00e7\u00e3o de atividades em que haja possibilidade de eventuais <a href=\"https:\/\/prevenseg-treinamentos.com.br\/portaldaprevencao\/2018\/08\/16\/acidentes-de-trabalho-10-dicas-para-prevencao\/\" target=\"_blank\" rel=\"noopener noreferrer\">acidentes ou doen\u00e7as<\/a>, com o intuito de demonstrarem que agiram com a cautela necess\u00e1ria e, ainda, que n\u00e3o se omitiram.<\/p>\n<p>Configura responsabilidade civil quando a conduta do empregador ou prepostos revela neglig\u00eancia, imprud\u00eancia, omiss\u00e3o de precau\u00e7\u00f5es, despreocupa\u00e7\u00f5es e\/ou menosprezo pela seguran\u00e7a do empregado.<\/p>\n<p>Age com culpa o empregador ou o preposto que permite o trabalho em m\u00e1quinas sem prote\u00e7\u00e3o, defeituosas e\/ou perigosas, ou ainda, que n\u00e3o realiza exames Admissionais, Demissionais ou Peri\u00f3dicos, assumindo assim a responsabilidade civil.<\/p>\n<p>Para se ter culpa, basta, por exemplo, o n\u00e3o cumprimento de qualquer Norma Regulamentadora (NR &#8211; da Portaria 3.214 de 08\/06\/1978, do Minist\u00e9rio do Trabalho).<\/p>\n<h3><em><strong>Responsabilidade penal:<\/strong><\/em><\/h3>\n<p><img decoding=\"async\" class=\"aligncenter wp-image-411 lazyload\" data-src=\"https:\/\/prevenseg-treinamentos.com.br\/portaldaprevencao\/wp-content\/uploads\/2018\/09\/RESPOSABILIDADE-CIVIL.png\" alt=\"RESPONSABILIDADE-CIVIL\" width=\"657\" height=\"394\" data-srcset=\"https:\/\/prevenseg-treinamentos.com.br\/portaldaprevencao\/wp-content\/uploads\/2018\/09\/RESPOSABILIDADE-CIVIL.png 350w, https:\/\/prevenseg-treinamentos.com.br\/portaldaprevencao\/wp-content\/uploads\/2018\/09\/RESPOSABILIDADE-CIVIL-300x180.png 300w\" data-sizes=\"(max-width: 657px) 100vw, 657px\" src=\"data:image\/svg+xml;base64,PHN2ZyB3aWR0aD0iMSIgaGVpZ2h0PSIxIiB4bWxucz0iaHR0cDovL3d3dy53My5vcmcvMjAwMC9zdmciPjwvc3ZnPg==\" style=\"--smush-placeholder-width: 657px; --smush-placeholder-aspect-ratio: 657\/394;\" \/><\/p>\n<p>O artigo 132 do C\u00f3digo Penal prev\u00ea o crime de perigo, ao dizer &#8220;Expor a vida ou sa\u00fade de outrem a perigo direto e iminente. Pena-Deten\u00e7\u00e3o de tr\u00eas meses a um ano, se o fato n\u00e3o constituir crime mais grave\u201d.<\/p>\n<h3 style=\"text-align: left;\"><em><strong>Quem s\u00e3o os respons\u00e1veis? <\/strong><\/em><\/h3>\n<p>Deve-se ter consci\u00eancia que o respons\u00e1vel pela empresa que tenha sob sua supervis\u00e3o trabalhadores, sendo ele gerente, diretor, chefe de se\u00e7\u00e3o, propriet\u00e1rio de pequena e grande empresa e ainda os profissionais de seguran\u00e7a no trabalho, como os engenheiros de Seguran\u00e7a e T\u00e9cnicos de Seguran\u00e7a no Trabalho, podem ser responsabilizados civil ou criminalmente, caso o dano causado a outrem tenha ocorrido por neglig\u00eancia, imprud\u00eancia ou imper\u00edcia.<\/p>\n<p>Todos devem ter claro em sua mente a legisla\u00e7\u00e3o relacionada \u00e0 responsabilidade civil e criminal por acidente no trabalho. Em primeiro lugar deve-se saber que de acordo com o Artigo 3\u00ba do Decreto-lei n\u00ba 4.657\/42 da Lei de Introdu\u00e7\u00e3o as Normas do Direito Brasileiro <strong>\u201cNingu\u00e9m se escusa (\u00e9 dispensado) de cumprir a lei, alegando que n\u00e3o a conhece\u201d.<\/strong><\/p>\n<p>A base legal para proteger os empregados de acidentes do trabalho se inicia no <a href=\"https:\/\/www.jusbrasil.com.br\/topicos\/10726047\/inciso-xxviii-do-artigo-7-da-constituicao-federal-de-1988\" target=\"_blank\" rel=\"nofollow noopener noreferrer\">Artigo 7\u00ba, inciso XXVIII <\/a>da Constitui\u00e7\u00e3o Federal, onde est\u00e1 escrito \u201cS\u00e3o direitos dos trabalhadores urbanos e rurais, al\u00e9m de outros que visem \u00e0 melhoria de sua condi\u00e7\u00e3o social: Seguro de Acidentes de Trabalho, a cargo do trabalhador, sem excluir a indeniza\u00e7\u00e3o a que este est\u00e1 obrigado, quando incorrer em dolo (Se a a\u00e7\u00e3o for volunt\u00e1ria ou intencional) ou culpa (quando o ato \u00e9 praticado por NEGLIG\u00caNCIA, IMPRUD\u00caNCIA ou IMPER\u00cdCIA).<\/p>\n<ul>\n<li><strong>Imprud\u00eancia &#8211;<\/strong> Pr\u00e1tica de um ato perigoso, sem as cautelas pertinentes que a situa\u00e7\u00e3o exige normalmente.<\/li>\n<li><strong>Neglig\u00eancia &#8211;<\/strong> Aus\u00eancia de fazer algo que se tinha a obriga\u00e7\u00e3o de fazer ou indiferen\u00e7a em rela\u00e7\u00e3o ao ato praticado.<\/li>\n<li><strong>Imper\u00edcia &#8211;<\/strong> Falta de conhecimento ou habilidade no exerc\u00edcio de arte ou profiss\u00e3o. \u00c9 a realiza\u00e7\u00e3o de uma atividade sem estar habilitado, qualificado e autorizado para exerc\u00ea-la.<\/li>\n<\/ul>\n<p>Responsabilidade na Esfera Civil dever\u00e1 haver o ressarcimento financeiro do dano causado, sendo que o trabalhador est\u00e1 amparado pela responsabilidade civil do empregador, atrav\u00e9s da via comum judicial se assim fizer jus e\/ou pela responsabilidade do Estado, atrav\u00e9s do Instituto Nacional do Seguro Social \u2013 INSS.<\/p>\n<p>Sendo que de acordo com o Decreto n\u00ba 4.032, de 26.11.2001, Artigo 338 se a empresa n\u00e3o tomou todas as medidas de prote\u00e7\u00e3o e seguran\u00e7a e devido a isso ocorreu o acidente a Previd\u00eancia Social poder\u00e1 propor a\u00e7\u00e3o regressiva contra os respons\u00e1veis para receber tudo o que pagou para o segurado acidentado.<\/p>\n<p>Quanto \u00e0 responsabilidade solid\u00e1ria Artigo 932 do C\u00f3digo Civil: \u201cS\u00e3o tamb\u00e9m respons\u00e1veis pela repara\u00e7\u00e3o civil:\u201d<\/p>\n<p>III. o empregador ou comitente, por seus empregados, servi\u00e7ais e prepostos, no exerc\u00edcio do trabalho ou por ocasi\u00e3o dele.\u201d S\u00famula n\u00ba 341 do Supremo Tribunal Federal: \u201c\u00c9 presumida a culpa do patr\u00e3o ou comitente pelo ato culposo do empregado ou preposto.\u201d<\/p>\n<p>Responsabilidade na esfera criminal Al\u00e9m das incid\u00eancias legais trabalhistas, c\u00edveis e previdenci\u00e1rias, e dependendo dos fatos da situa\u00e7\u00e3o a empresa, seus respons\u00e1veis e\/ou prepostos podem responder ao processo criminal.<\/p>\n<p>Sendo que o direito criminal est\u00e1 apresentado para tutelar os bens jur\u00eddicos mais valiosos, sendo o maior deles a vida. Lei n\u00ba 8213\/91 Artigo 19,\u00a72\u00ba \u201cConstitui contraven\u00e7\u00e3o penal, pun\u00edvel com multa, deixar a empresa de cumprir as normas de seguran\u00e7a e higiene do trabalho.\u201d<\/p>\n<p>Artigo 129 Do C\u00f3digo Penal (les\u00e3o corporal culposa). \u201cOfender a integridade corporal ou a sa\u00fade de outrem:\u201d Pena \u2013 deten\u00e7\u00e3o de 03 (tr\u00eas) meses a 01 (um) ano.<\/p>\n<ul>\n<li>1\u00ba \u2013 Se resulta:<\/li>\n<\/ul>\n<p>I \u2013 incapacidade para as ocupa\u00e7\u00f5es habituais, por mais de 30 (trinta) dias;<\/p>\n<p>II \u2013 Perigo de vida;<\/p>\n<p>IV -\u2026 Pena \u2013 reclus\u00e3o, de 01 (hum) a 05 (cinco) anos.<\/p>\n<ul>\n<li>2\u00ba \u2013 Se resulta:<\/li>\n<\/ul>\n<p>I \u2013 incapacidade permanente para o trabalho;<\/p>\n<p>II \u2013 Enfermidade incur\u00e1vel;<\/p>\n<p>III \u2013 perda ou utiliza\u00e7\u00e3o de membro ou fun\u00e7\u00e3o;<\/p>\n<p>IV \u2013 deformidade permanente;<\/p>\n<p>V -\u2026 Pena \u2013 reclus\u00e3o, de 02 (dois) a 08 (oito) anos.<\/p>\n<ul>\n<li>3\u00ba \u2013 Se resulta morte e as circunst\u00e2ncias evidenciam que o agente n\u00e3o quis o resultado, nem assumiu o risco de produzi-lo: Pena \u2013 reclus\u00e3o, de 04 (quatro) a 12 (dose) anos.<\/li>\n<li>7\u00ba Aumento de um ter\u00e7o da pena se o crime foi resultante de inobserv\u00e2ncia de regra t\u00e9cnica da profiss\u00e3o.<\/li>\n<\/ul>\n<h3><em>O que se deve fazer para que a empresa n\u00e3o seja responsabilizada Civil e criminalmente?<\/em><\/h3>\n<p><img decoding=\"async\" class=\"aligncenter wp-image-412 lazyload\" data-src=\"https:\/\/prevenseg-treinamentos.com.br\/portaldaprevencao\/wp-content\/uploads\/2018\/09\/PREVEN\u00c7\u00c3O-DE-ACIDENTES.png\" alt=\"PREVEN\u00c7\u00c3O-DE-ACIDENTES\" width=\"657\" height=\"394\" data-srcset=\"https:\/\/prevenseg-treinamentos.com.br\/portaldaprevencao\/wp-content\/uploads\/2018\/09\/PREVEN\u00c7\u00c3O-DE-ACIDENTES.png 350w, https:\/\/prevenseg-treinamentos.com.br\/portaldaprevencao\/wp-content\/uploads\/2018\/09\/PREVEN\u00c7\u00c3O-DE-ACIDENTES-300x180.png 300w\" data-sizes=\"(max-width: 657px) 100vw, 657px\" src=\"data:image\/svg+xml;base64,PHN2ZyB3aWR0aD0iMSIgaGVpZ2h0PSIxIiB4bWxucz0iaHR0cDovL3d3dy53My5vcmcvMjAwMC9zdmciPjwvc3ZnPg==\" style=\"--smush-placeholder-width: 657px; --smush-placeholder-aspect-ratio: 657\/394;\" \/><\/p>\n<p>Sendo assim deve-se ter aten\u00e7\u00e3o a todas as regras desde a admiss\u00e3o dos colaboradores, sendo que uma das principais \u00e9 que o trabalhador deve estar ciente, com treinamento e evid\u00eancia por escrito de todos os riscos a que est\u00e1 exposto no ambiente de trabalho.<\/p>\n<p>As medidas de prote\u00e7\u00e3o para estes riscos que a empresa coloca a sua disposi\u00e7\u00e3o. Agindo assim n\u00e3o h\u00e1 que se falar em Responsabilidade Civil e Criminal.<\/p>\n<p>Se voc\u00ea gostou do post de hoje, deixe a sua curtida abaixo e n\u00e3o deixe de compartilhar com outros leitores, amigos e familiares, para que mais pessoas tenham acesso \u00e0 esta informa\u00e7\u00e3o.<\/p>\n<p>At\u00e9 o pr\u00f3ximo artigo!<\/p>\n","protected":false},"excerpt":{"rendered":"<p>Falando em responsabilidade civil e criminal, quais as implic\u00e2ncias no caso de ocorrer um acidente de trabalho? Quais as responsabilidades da empresa e, o que esta deve fazer para que n\u00e3o seja responsabilizada civil e criminalmente em caso de acidente? Quem s\u00e3o os respons\u00e1veis e quais as responsabilidades? Continue lendo esse artigo e saiba mais [&hellip;]<\/p>\n","protected":false},"author":1,"featured_media":411,"comment_status":"open","ping_status":"open","sticky":false,"template":"","format":"standard","meta":{"_exactmetrics_skip_tracking":false,"_exactmetrics_sitenote_active":false,"_exactmetrics_sitenote_note":"","_exactmetrics_sitenote_category":0,"footnotes":""},"categories":[1],"tags":[],"class_list":["post-406","post","type-post","status-publish","format-standard","has-post-thumbnail","hentry","category-seguranca-do-trabalho"],"yoast_head":"<!-- This site is optimized with the Yoast SEO plugin v27.2 - https:\/\/yoast.com\/product\/yoast-seo-wordpress\/ -->\n<title>Responsabilidade Civil e Criminal do Empregador e Prepostos - Blog Portal da Preven\u00e7\u00e3o<\/title>\n<meta name=\"description\" content=\"Responsabilidade civil \u00e9 o que ocorre, quando o empregador ou seus prepostos, visando motiva\u00e7\u00e3o econ\u00f4mica, permitem que a sa\u00fade, a integridade f\u00edsica ou...\" \/>\n<meta name=\"robots\" content=\"index, follow, max-snippet:-1, max-image-preview:large, max-video-preview:-1\" \/>\n<link rel=\"canonical\" href=\"https:\/\/prevenseg-treinamentos.com.br\/portaldaprevencao\/responsabilidade-civil-e-criminal-do-empregador-e-prepostos\/\" \/>\n<meta property=\"og:locale\" content=\"pt_PT\" \/>\n<meta property=\"og:type\" content=\"article\" \/>\n<meta property=\"og:title\" content=\"Responsabilidade Civil e Criminal do Empregador e Prepostos - Blog Portal da Preven\u00e7\u00e3o\" \/>\n<meta property=\"og:description\" content=\"Responsabilidade civil \u00e9 o que ocorre, quando o empregador ou seus prepostos, visando motiva\u00e7\u00e3o econ\u00f4mica, permitem que a sa\u00fade, a integridade f\u00edsica ou...\" \/>\n<meta property=\"og:url\" content=\"https:\/\/prevenseg-treinamentos.com.br\/portaldaprevencao\/responsabilidade-civil-e-criminal-do-empregador-e-prepostos\/\" \/>\n<meta property=\"og:site_name\" content=\"Blog Portal da Preven\u00e7\u00e3o\" \/>\n<meta property=\"article:publisher\" content=\"https:\/\/www.facebook.com\/prevensetreinamentos\/\" \/>\n<meta property=\"article:author\" content=\"https:\/\/www.facebook.com\/prevensetreinamentos\/\" \/>\n<meta property=\"article:published_time\" content=\"2018-09-05T14:22:10+00:00\" \/>\n<meta property=\"article:modified_time\" content=\"2020-02-25T14:53:07+00:00\" \/>\n<meta property=\"og:image\" content=\"https:\/\/prevenseg-treinamentos.com.br\/portaldaprevencao\/wp-content\/uploads\/2018\/09\/RESPOSABILIDADE-CIVIL.png\" \/>\n\t<meta property=\"og:image:width\" content=\"350\" \/>\n\t<meta property=\"og:image:height\" content=\"210\" \/>\n\t<meta property=\"og:image:type\" content=\"image\/png\" \/>\n<meta name=\"author\" content=\"Diones Chelenper\" \/>\n<meta name=\"twitter:card\" content=\"summary_large_image\" \/>\n<meta name=\"twitter:label1\" content=\"Escrito por\" \/>\n\t<meta name=\"twitter:data1\" content=\"Diones Chelenper\" \/>\n\t<meta name=\"twitter:label2\" content=\"Tempo estimado de leitura\" \/>\n\t<meta name=\"twitter:data2\" content=\"8 minutos\" \/>\n<script type=\"application\/ld+json\" class=\"yoast-schema-graph\">{\"@context\":\"https:\/\/schema.org\",\"@graph\":[{\"@type\":\"Article\",\"@id\":\"https:\/\/prevenseg-treinamentos.com.br\/portaldaprevencao\/responsabilidade-civil-e-criminal-do-empregador-e-prepostos\/#article\",\"isPartOf\":{\"@id\":\"https:\/\/prevenseg-treinamentos.com.br\/portaldaprevencao\/responsabilidade-civil-e-criminal-do-empregador-e-prepostos\/\"},\"author\":{\"name\":\"Diones Chelenper\",\"@id\":\"https:\/\/prevenseg-treinamentos.com.br\/portaldaprevencao\/#\/schema\/person\/82746c4230fb6d2ee5c6dd79c0746488\"},\"headline\":\"Responsabilidade Civil e Criminal do Empregador e Prepostos\",\"datePublished\":\"2018-09-05T14:22:10+00:00\",\"dateModified\":\"2020-02-25T14:53:07+00:00\",\"mainEntityOfPage\":{\"@id\":\"https:\/\/prevenseg-treinamentos.com.br\/portaldaprevencao\/responsabilidade-civil-e-criminal-do-empregador-e-prepostos\/\"},\"wordCount\":1568,\"commentCount\":6,\"publisher\":{\"@id\":\"https:\/\/prevenseg-treinamentos.com.br\/portaldaprevencao\/#organization\"},\"image\":{\"@id\":\"https:\/\/prevenseg-treinamentos.com.br\/portaldaprevencao\/responsabilidade-civil-e-criminal-do-empregador-e-prepostos\/#primaryimage\"},\"thumbnailUrl\":\"https:\/\/prevenseg-treinamentos.com.br\/portaldaprevencao\/wp-content\/uploads\/2018\/09\/RESPOSABILIDADE-CIVIL.png\",\"articleSection\":[\"Seguran\u00e7a do Trabalho\"],\"inLanguage\":\"pt-PT\",\"potentialAction\":[{\"@type\":\"CommentAction\",\"name\":\"Comment\",\"target\":[\"https:\/\/prevenseg-treinamentos.com.br\/portaldaprevencao\/responsabilidade-civil-e-criminal-do-empregador-e-prepostos\/#respond\"]}]},{\"@type\":\"WebPage\",\"@id\":\"https:\/\/prevenseg-treinamentos.com.br\/portaldaprevencao\/responsabilidade-civil-e-criminal-do-empregador-e-prepostos\/\",\"url\":\"https:\/\/prevenseg-treinamentos.com.br\/portaldaprevencao\/responsabilidade-civil-e-criminal-do-empregador-e-prepostos\/\",\"name\":\"Responsabilidade Civil e Criminal do Empregador e Prepostos - Blog Portal da Preven\u00e7\u00e3o\",\"isPartOf\":{\"@id\":\"https:\/\/prevenseg-treinamentos.com.br\/portaldaprevencao\/#website\"},\"primaryImageOfPage\":{\"@id\":\"https:\/\/prevenseg-treinamentos.com.br\/portaldaprevencao\/responsabilidade-civil-e-criminal-do-empregador-e-prepostos\/#primaryimage\"},\"image\":{\"@id\":\"https:\/\/prevenseg-treinamentos.com.br\/portaldaprevencao\/responsabilidade-civil-e-criminal-do-empregador-e-prepostos\/#primaryimage\"},\"thumbnailUrl\":\"https:\/\/prevenseg-treinamentos.com.br\/portaldaprevencao\/wp-content\/uploads\/2018\/09\/RESPOSABILIDADE-CIVIL.png\",\"datePublished\":\"2018-09-05T14:22:10+00:00\",\"dateModified\":\"2020-02-25T14:53:07+00:00\",\"description\":\"Responsabilidade civil \u00e9 o que ocorre, quando o empregador ou seus prepostos, visando motiva\u00e7\u00e3o econ\u00f4mica, permitem que a sa\u00fade, a integridade f\u00edsica ou...\",\"breadcrumb\":{\"@id\":\"https:\/\/prevenseg-treinamentos.com.br\/portaldaprevencao\/responsabilidade-civil-e-criminal-do-empregador-e-prepostos\/#breadcrumb\"},\"inLanguage\":\"pt-PT\",\"potentialAction\":[{\"@type\":\"ReadAction\",\"target\":[\"https:\/\/prevenseg-treinamentos.com.br\/portaldaprevencao\/responsabilidade-civil-e-criminal-do-empregador-e-prepostos\/\"]}]},{\"@type\":\"ImageObject\",\"inLanguage\":\"pt-PT\",\"@id\":\"https:\/\/prevenseg-treinamentos.com.br\/portaldaprevencao\/responsabilidade-civil-e-criminal-do-empregador-e-prepostos\/#primaryimage\",\"url\":\"https:\/\/prevenseg-treinamentos.com.br\/portaldaprevencao\/wp-content\/uploads\/2018\/09\/RESPOSABILIDADE-CIVIL.png\",\"contentUrl\":\"https:\/\/prevenseg-treinamentos.com.br\/portaldaprevencao\/wp-content\/uploads\/2018\/09\/RESPOSABILIDADE-CIVIL.png\",\"width\":350,\"height\":210,\"caption\":\"RESPONSABILIDADE-CIVIL\"},{\"@type\":\"BreadcrumbList\",\"@id\":\"https:\/\/prevenseg-treinamentos.com.br\/portaldaprevencao\/responsabilidade-civil-e-criminal-do-empregador-e-prepostos\/#breadcrumb\",\"itemListElement\":[{\"@type\":\"ListItem\",\"position\":1,\"name\":\"In\u00edcio\",\"item\":\"https:\/\/prevenseg-treinamentos.com.br\/portaldaprevencao\/\"},{\"@type\":\"ListItem\",\"position\":2,\"name\":\"Responsabilidade Civil e Criminal do Empregador e Prepostos\"}]},{\"@type\":\"WebSite\",\"@id\":\"https:\/\/prevenseg-treinamentos.com.br\/portaldaprevencao\/#website\",\"url\":\"https:\/\/prevenseg-treinamentos.com.br\/portaldaprevencao\/\",\"name\":\"Portal da Preven\u00e7\u00e3o\",\"description\":\"Sa\u00fade e Seguran\u00e7a do Trabalho\",\"publisher\":{\"@id\":\"https:\/\/prevenseg-treinamentos.com.br\/portaldaprevencao\/#organization\"},\"potentialAction\":[{\"@type\":\"SearchAction\",\"target\":{\"@type\":\"EntryPoint\",\"urlTemplate\":\"https:\/\/prevenseg-treinamentos.com.br\/portaldaprevencao\/?s={search_term_string}\"},\"query-input\":{\"@type\":\"PropertyValueSpecification\",\"valueRequired\":true,\"valueName\":\"search_term_string\"}}],\"inLanguage\":\"pt-PT\"},{\"@type\":\"Organization\",\"@id\":\"https:\/\/prevenseg-treinamentos.com.br\/portaldaprevencao\/#organization\",\"name\":\"Prevenseg Treinamentos\",\"url\":\"https:\/\/prevenseg-treinamentos.com.br\/portaldaprevencao\/\",\"logo\":{\"@type\":\"ImageObject\",\"inLanguage\":\"pt-PT\",\"@id\":\"https:\/\/prevenseg-treinamentos.com.br\/portaldaprevencao\/#\/schema\/logo\/image\/\",\"url\":\"https:\/\/prevenseg-treinamentos.com.br\/portaldaprevencao\/wp-content\/uploads\/2018\/07\/LOGO-PHOTOSHOP.png\",\"contentUrl\":\"https:\/\/prevenseg-treinamentos.com.br\/portaldaprevencao\/wp-content\/uploads\/2018\/07\/LOGO-PHOTOSHOP.png\",\"width\":823,\"height\":448,\"caption\":\"Prevenseg Treinamentos\"},\"image\":{\"@id\":\"https:\/\/prevenseg-treinamentos.com.br\/portaldaprevencao\/#\/schema\/logo\/image\/\"},\"sameAs\":[\"https:\/\/www.facebook.com\/prevensetreinamentos\/\"]},{\"@type\":\"Person\",\"@id\":\"https:\/\/prevenseg-treinamentos.com.br\/portaldaprevencao\/#\/schema\/person\/82746c4230fb6d2ee5c6dd79c0746488\",\"name\":\"Diones Chelenper\",\"image\":{\"@type\":\"ImageObject\",\"inLanguage\":\"pt-PT\",\"@id\":\"https:\/\/secure.gravatar.com\/avatar\/ef4ffd41b20793ef13fd207b0fa9c50b201ef425c79c82cb66f41a0d59c0722c?s=96&d=mm&r=g\",\"url\":\"https:\/\/secure.gravatar.com\/avatar\/ef4ffd41b20793ef13fd207b0fa9c50b201ef425c79c82cb66f41a0d59c0722c?s=96&d=mm&r=g\",\"contentUrl\":\"https:\/\/secure.gravatar.com\/avatar\/ef4ffd41b20793ef13fd207b0fa9c50b201ef425c79c82cb66f41a0d59c0722c?s=96&d=mm&r=g\",\"caption\":\"Diones Chelenper\"},\"description\":\"Meu nome \u00e9 Diones Chelenper, sou profissional com forma\u00e7\u00e3o t\u00e9cnica na \u00e1rea de Seguran\u00e7a do Trabalho, Bombeiro Civil, Instrutor de Brigadas de Emerg\u00eancia e Supervisor de Trabalhos em Altura.\",\"sameAs\":[\"http:\/\/www.prevenseg-treinamentos.com.br\",\"https:\/\/www.facebook.com\/prevensetreinamentos\/\"],\"url\":\"https:\/\/prevenseg-treinamentos.com.br\/portaldaprevencao\/author\/administrador\/\"}]}<\/script>\n<!-- \/ Yoast SEO plugin. -->","yoast_head_json":{"title":"Responsabilidade Civil e Criminal do Empregador e Prepostos - Blog Portal da Preven\u00e7\u00e3o","description":"Responsabilidade civil \u00e9 o que ocorre, quando o empregador ou seus prepostos, visando motiva\u00e7\u00e3o econ\u00f4mica, permitem que a sa\u00fade, a integridade f\u00edsica ou...","robots":{"index":"index","follow":"follow","max-snippet":"max-snippet:-1","max-image-preview":"max-image-preview:large","max-video-preview":"max-video-preview:-1"},"canonical":"https:\/\/prevenseg-treinamentos.com.br\/portaldaprevencao\/responsabilidade-civil-e-criminal-do-empregador-e-prepostos\/","og_locale":"pt_PT","og_type":"article","og_title":"Responsabilidade Civil e Criminal do Empregador e Prepostos - Blog Portal da Preven\u00e7\u00e3o","og_description":"Responsabilidade civil \u00e9 o que ocorre, quando o empregador ou seus prepostos, visando motiva\u00e7\u00e3o econ\u00f4mica, permitem que a sa\u00fade, a integridade f\u00edsica ou...","og_url":"https:\/\/prevenseg-treinamentos.com.br\/portaldaprevencao\/responsabilidade-civil-e-criminal-do-empregador-e-prepostos\/","og_site_name":"Blog Portal da Preven\u00e7\u00e3o","article_publisher":"https:\/\/www.facebook.com\/prevensetreinamentos\/","article_author":"https:\/\/www.facebook.com\/prevensetreinamentos\/","article_published_time":"2018-09-05T14:22:10+00:00","article_modified_time":"2020-02-25T14:53:07+00:00","og_image":[{"width":350,"height":210,"url":"https:\/\/prevenseg-treinamentos.com.br\/portaldaprevencao\/wp-content\/uploads\/2018\/09\/RESPOSABILIDADE-CIVIL.png","type":"image\/png"}],"author":"Diones Chelenper","twitter_card":"summary_large_image","twitter_misc":{"Escrito por":"Diones Chelenper","Tempo estimado de leitura":"8 minutos"},"schema":{"@context":"https:\/\/schema.org","@graph":[{"@type":"Article","@id":"https:\/\/prevenseg-treinamentos.com.br\/portaldaprevencao\/responsabilidade-civil-e-criminal-do-empregador-e-prepostos\/#article","isPartOf":{"@id":"https:\/\/prevenseg-treinamentos.com.br\/portaldaprevencao\/responsabilidade-civil-e-criminal-do-empregador-e-prepostos\/"},"author":{"name":"Diones Chelenper","@id":"https:\/\/prevenseg-treinamentos.com.br\/portaldaprevencao\/#\/schema\/person\/82746c4230fb6d2ee5c6dd79c0746488"},"headline":"Responsabilidade Civil e Criminal do Empregador e Prepostos","datePublished":"2018-09-05T14:22:10+00:00","dateModified":"2020-02-25T14:53:07+00:00","mainEntityOfPage":{"@id":"https:\/\/prevenseg-treinamentos.com.br\/portaldaprevencao\/responsabilidade-civil-e-criminal-do-empregador-e-prepostos\/"},"wordCount":1568,"commentCount":6,"publisher":{"@id":"https:\/\/prevenseg-treinamentos.com.br\/portaldaprevencao\/#organization"},"image":{"@id":"https:\/\/prevenseg-treinamentos.com.br\/portaldaprevencao\/responsabilidade-civil-e-criminal-do-empregador-e-prepostos\/#primaryimage"},"thumbnailUrl":"https:\/\/prevenseg-treinamentos.com.br\/portaldaprevencao\/wp-content\/uploads\/2018\/09\/RESPOSABILIDADE-CIVIL.png","articleSection":["Seguran\u00e7a do Trabalho"],"inLanguage":"pt-PT","potentialAction":[{"@type":"CommentAction","name":"Comment","target":["https:\/\/prevenseg-treinamentos.com.br\/portaldaprevencao\/responsabilidade-civil-e-criminal-do-empregador-e-prepostos\/#respond"]}]},{"@type":"WebPage","@id":"https:\/\/prevenseg-treinamentos.com.br\/portaldaprevencao\/responsabilidade-civil-e-criminal-do-empregador-e-prepostos\/","url":"https:\/\/prevenseg-treinamentos.com.br\/portaldaprevencao\/responsabilidade-civil-e-criminal-do-empregador-e-prepostos\/","name":"Responsabilidade Civil e Criminal do Empregador e Prepostos - Blog Portal da Preven\u00e7\u00e3o","isPartOf":{"@id":"https:\/\/prevenseg-treinamentos.com.br\/portaldaprevencao\/#website"},"primaryImageOfPage":{"@id":"https:\/\/prevenseg-treinamentos.com.br\/portaldaprevencao\/responsabilidade-civil-e-criminal-do-empregador-e-prepostos\/#primaryimage"},"image":{"@id":"https:\/\/prevenseg-treinamentos.com.br\/portaldaprevencao\/responsabilidade-civil-e-criminal-do-empregador-e-prepostos\/#primaryimage"},"thumbnailUrl":"https:\/\/prevenseg-treinamentos.com.br\/portaldaprevencao\/wp-content\/uploads\/2018\/09\/RESPOSABILIDADE-CIVIL.png","datePublished":"2018-09-05T14:22:10+00:00","dateModified":"2020-02-25T14:53:07+00:00","description":"Responsabilidade civil \u00e9 o que ocorre, quando o empregador ou seus prepostos, visando motiva\u00e7\u00e3o econ\u00f4mica, permitem que a sa\u00fade, a integridade f\u00edsica ou...","breadcrumb":{"@id":"https:\/\/prevenseg-treinamentos.com.br\/portaldaprevencao\/responsabilidade-civil-e-criminal-do-empregador-e-prepostos\/#breadcrumb"},"inLanguage":"pt-PT","potentialAction":[{"@type":"ReadAction","target":["https:\/\/prevenseg-treinamentos.com.br\/portaldaprevencao\/responsabilidade-civil-e-criminal-do-empregador-e-prepostos\/"]}]},{"@type":"ImageObject","inLanguage":"pt-PT","@id":"https:\/\/prevenseg-treinamentos.com.br\/portaldaprevencao\/responsabilidade-civil-e-criminal-do-empregador-e-prepostos\/#primaryimage","url":"https:\/\/prevenseg-treinamentos.com.br\/portaldaprevencao\/wp-content\/uploads\/2018\/09\/RESPOSABILIDADE-CIVIL.png","contentUrl":"https:\/\/prevenseg-treinamentos.com.br\/portaldaprevencao\/wp-content\/uploads\/2018\/09\/RESPOSABILIDADE-CIVIL.png","width":350,"height":210,"caption":"RESPONSABILIDADE-CIVIL"},{"@type":"BreadcrumbList","@id":"https:\/\/prevenseg-treinamentos.com.br\/portaldaprevencao\/responsabilidade-civil-e-criminal-do-empregador-e-prepostos\/#breadcrumb","itemListElement":[{"@type":"ListItem","position":1,"name":"In\u00edcio","item":"https:\/\/prevenseg-treinamentos.com.br\/portaldaprevencao\/"},{"@type":"ListItem","position":2,"name":"Responsabilidade Civil e Criminal do Empregador e Prepostos"}]},{"@type":"WebSite","@id":"https:\/\/prevenseg-treinamentos.com.br\/portaldaprevencao\/#website","url":"https:\/\/prevenseg-treinamentos.com.br\/portaldaprevencao\/","name":"Portal da Preven\u00e7\u00e3o","description":"Sa\u00fade e Seguran\u00e7a do Trabalho","publisher":{"@id":"https:\/\/prevenseg-treinamentos.com.br\/portaldaprevencao\/#organization"},"potentialAction":[{"@type":"SearchAction","target":{"@type":"EntryPoint","urlTemplate":"https:\/\/prevenseg-treinamentos.com.br\/portaldaprevencao\/?s={search_term_string}"},"query-input":{"@type":"PropertyValueSpecification","valueRequired":true,"valueName":"search_term_string"}}],"inLanguage":"pt-PT"},{"@type":"Organization","@id":"https:\/\/prevenseg-treinamentos.com.br\/portaldaprevencao\/#organization","name":"Prevenseg Treinamentos","url":"https:\/\/prevenseg-treinamentos.com.br\/portaldaprevencao\/","logo":{"@type":"ImageObject","inLanguage":"pt-PT","@id":"https:\/\/prevenseg-treinamentos.com.br\/portaldaprevencao\/#\/schema\/logo\/image\/","url":"https:\/\/prevenseg-treinamentos.com.br\/portaldaprevencao\/wp-content\/uploads\/2018\/07\/LOGO-PHOTOSHOP.png","contentUrl":"https:\/\/prevenseg-treinamentos.com.br\/portaldaprevencao\/wp-content\/uploads\/2018\/07\/LOGO-PHOTOSHOP.png","width":823,"height":448,"caption":"Prevenseg Treinamentos"},"image":{"@id":"https:\/\/prevenseg-treinamentos.com.br\/portaldaprevencao\/#\/schema\/logo\/image\/"},"sameAs":["https:\/\/www.facebook.com\/prevensetreinamentos\/"]},{"@type":"Person","@id":"https:\/\/prevenseg-treinamentos.com.br\/portaldaprevencao\/#\/schema\/person\/82746c4230fb6d2ee5c6dd79c0746488","name":"Diones Chelenper","image":{"@type":"ImageObject","inLanguage":"pt-PT","@id":"https:\/\/secure.gravatar.com\/avatar\/ef4ffd41b20793ef13fd207b0fa9c50b201ef425c79c82cb66f41a0d59c0722c?s=96&d=mm&r=g","url":"https:\/\/secure.gravatar.com\/avatar\/ef4ffd41b20793ef13fd207b0fa9c50b201ef425c79c82cb66f41a0d59c0722c?s=96&d=mm&r=g","contentUrl":"https:\/\/secure.gravatar.com\/avatar\/ef4ffd41b20793ef13fd207b0fa9c50b201ef425c79c82cb66f41a0d59c0722c?s=96&d=mm&r=g","caption":"Diones Chelenper"},"description":"Meu nome \u00e9 Diones Chelenper, sou profissional com forma\u00e7\u00e3o t\u00e9cnica na \u00e1rea de Seguran\u00e7a do Trabalho, Bombeiro Civil, Instrutor de Brigadas de Emerg\u00eancia e Supervisor de Trabalhos em Altura.","sameAs":["http:\/\/www.prevenseg-treinamentos.com.br","https:\/\/www.facebook.com\/prevensetreinamentos\/"],"url":"https:\/\/prevenseg-treinamentos.com.br\/portaldaprevencao\/author\/administrador\/"}]}},"post_mailing_queue_ids":[],"_links":{"self":[{"href":"https:\/\/prevenseg-treinamentos.com.br\/portaldaprevencao\/wp-json\/wp\/v2\/posts\/406","targetHints":{"allow":["GET"]}}],"collection":[{"href":"https:\/\/prevenseg-treinamentos.com.br\/portaldaprevencao\/wp-json\/wp\/v2\/posts"}],"about":[{"href":"https:\/\/prevenseg-treinamentos.com.br\/portaldaprevencao\/wp-json\/wp\/v2\/types\/post"}],"author":[{"embeddable":true,"href":"https:\/\/prevenseg-treinamentos.com.br\/portaldaprevencao\/wp-json\/wp\/v2\/users\/1"}],"replies":[{"embeddable":true,"href":"https:\/\/prevenseg-treinamentos.com.br\/portaldaprevencao\/wp-json\/wp\/v2\/comments?post=406"}],"version-history":[{"count":1,"href":"https:\/\/prevenseg-treinamentos.com.br\/portaldaprevencao\/wp-json\/wp\/v2\/posts\/406\/revisions"}],"predecessor-version":[{"id":1097,"href":"https:\/\/prevenseg-treinamentos.com.br\/portaldaprevencao\/wp-json\/wp\/v2\/posts\/406\/revisions\/1097"}],"wp:featuredmedia":[{"embeddable":true,"href":"https:\/\/prevenseg-treinamentos.com.br\/portaldaprevencao\/wp-json\/wp\/v2\/media\/411"}],"wp:attachment":[{"href":"https:\/\/prevenseg-treinamentos.com.br\/portaldaprevencao\/wp-json\/wp\/v2\/media?parent=406"}],"wp:term":[{"taxonomy":"category","embeddable":true,"href":"https:\/\/prevenseg-treinamentos.com.br\/portaldaprevencao\/wp-json\/wp\/v2\/categories?post=406"},{"taxonomy":"post_tag","embeddable":true,"href":"https:\/\/prevenseg-treinamentos.com.br\/portaldaprevencao\/wp-json\/wp\/v2\/tags?post=406"}],"curies":[{"name":"wp","href":"https:\/\/api.w.org\/{rel}","templated":true}]}}