{"id":1001,"date":"2019-11-28T17:45:59","date_gmt":"2019-11-28T20:45:59","guid":{"rendered":"https:\/\/prevenseg-treinamentos.com.br\/portaldaprevencao\/?p=1001"},"modified":"2019-11-28T17:46:05","modified_gmt":"2019-11-28T20:46:05","slug":"3-medidas-de-prevencao-em-espaco-confinado","status":"publish","type":"post","link":"https:\/\/prevenseg-treinamentos.com.br\/portaldaprevencao\/3-medidas-de-prevencao-em-espaco-confinado\/","title":{"rendered":"3 Medidas de Preven\u00e7\u00e3o em Espa\u00e7o Confinado"},"content":{"rendered":"\n<p>Os trabalhos em espa\u00e7o\nconfinado s\u00e3o uma das modalidades mais perigosas de servi\u00e7o. <\/p>\n\n\n\n<p>Para p\u00f4r em pr\u00e1tica a execu\u00e7\u00e3o\nde qualquer atividade em espa\u00e7o confiando, deve-se previamente adotar uma s\u00e9rie\nde procedimentos para preservar a vida e a integridade f\u00edsica dos trabalhadores\nenvolvidos.<\/p>\n\n\n\n<p>Trabalhos realizados em espa\u00e7o\nconfinado exp\u00f5em os trabalhadores a diversos riscos e o ambiente favorece a\nocorr\u00eancia de acidentes constantes e graves. <\/p>\n\n\n\n<p>O fato de ser um ambiente perigoso\n\u00e0queles que adentram o espa\u00e7o, as responsabilidades do empregador, da empresa e\nde todos os envolvidos no processo \u00e9 aumentada. <\/p>\n\n\n\n<p>Os trabalhos em espa\u00e7os confinados s\u00e3o regulamentados pela <strong><a href=\"https:\/\/enit.trabalho.gov.br\/portal\/images\/Arquivos_SST\/SST_NR\/NR-33.pdf\" target=\"_blank\" rel=\"noreferrer noopener\" aria-label=\" (abre num novo separador)\">Norma Regulamentadora n\u00ba 33 \u2013 NR 33<\/a><\/strong> e todos devem ter conhecimento sobre esta norma e cumprir suas exig\u00eancias, visando a preserva\u00e7\u00e3o de sa\u00fade e seguran\u00e7a dos trabalhadores.<\/p>\n\n\n\n<p>Continue lendo este artigo e\nsaiba mais sobre os trabalhos em espa\u00e7os confinados.<\/p>\n\n\n\n<p>Certamente poder\u00e1 esclarecer\nd\u00favidas ao longo do texto!<\/p>\n\n\n\n<h3 class=\"wp-block-heading\"><strong>O que \u00e9 um espa\u00e7o confinado?<\/strong><\/h3>\n\n\n\n<div class=\"wp-block-image\"><figure class=\"aligncenter size-large is-resized\"><img fetchpriority=\"high\" decoding=\"async\" src=\"https:\/\/prevenseg-treinamentos.com.br\/portaldaprevencao\/wp-content\/uploads\/2019\/11\/Espa\u00e7o-Confinado.png\" alt=\"Espa\u00e7o confinado\" class=\"wp-image-1002\" width=\"585\" height=\"351\" srcset=\"https:\/\/prevenseg-treinamentos.com.br\/portaldaprevencao\/wp-content\/uploads\/2019\/11\/Espa\u00e7o-Confinado.png 350w, https:\/\/prevenseg-treinamentos.com.br\/portaldaprevencao\/wp-content\/uploads\/2019\/11\/Espa\u00e7o-Confinado-300x180.png 300w\" sizes=\"(max-width: 585px) 100vw, 585px\" \/><\/figure><\/div>\n\n\n\n<p>O item 33.1.2 da NR 33,\nconceitua espa\u00e7o confinado como qualquer \u00e1rea ou ambiente n\u00e3o projetado para\nocupa\u00e7\u00e3o humana cont\u00ednua, que possua meios limitados de entrada e sa\u00edda, cuja\nventila\u00e7\u00e3o existente \u00e9 insuficiente para remover contaminantes ou onde possa\nexistir a defici\u00eancia ou enriquecimento de oxig\u00eanio.<\/p>\n\n\n\n<p>H\u00e1 muitos locais que precisam\nser acessados por trabalhadores para execu\u00e7\u00e3o de alguma atividade e que s\u00e3o\nconsiderados espa\u00e7os confinados.<\/p>\n\n\n\n<p>Podemos citar como exemplos de\nespa\u00e7os confinados os:<\/p>\n\n\n\n<p>Tanques;<\/p>\n\n\n\n<p>Po\u00e7os;<\/p>\n\n\n\n<p>Tubos;<\/p>\n\n\n\n<p>Silos;<\/p>\n\n\n\n<p>Por\u00f5es;<\/p>\n\n\n\n<p>Galerias subterr\u00e2neas;<\/p>\n\n\n\n<p>Entre muitos outros&#8230;.<\/p>\n\n\n\n<h3 class=\"wp-block-heading\"><strong>Principais perigos em espa\u00e7os confinados<\/strong><\/h3>\n\n\n\n<div class=\"wp-block-image\"><figure class=\"aligncenter size-large is-resized\"><img decoding=\"async\" data-src=\"https:\/\/prevenseg-treinamentos.com.br\/portaldaprevencao\/wp-content\/uploads\/2019\/11\/CUIDADOS.png\" alt=\"\" class=\"wp-image-1003 lazyload\" width=\"582\" height=\"282\" data-srcset=\"https:\/\/prevenseg-treinamentos.com.br\/portaldaprevencao\/wp-content\/uploads\/2019\/11\/CUIDADOS.png 450w, https:\/\/prevenseg-treinamentos.com.br\/portaldaprevencao\/wp-content\/uploads\/2019\/11\/CUIDADOS-300x145.png 300w\" data-sizes=\"(max-width: 582px) 100vw, 582px\" src=\"data:image\/svg+xml;base64,PHN2ZyB3aWR0aD0iMSIgaGVpZ2h0PSIxIiB4bWxucz0iaHR0cDovL3d3dy53My5vcmcvMjAwMC9zdmciPjwvc3ZnPg==\" style=\"--smush-placeholder-width: 582px; --smush-placeholder-aspect-ratio: 582\/282;\" \/><\/figure><\/div>\n\n\n\n<p>Os espa\u00e7os confinados\nrestringem a maneira como o pessoal pode entrar, operar e sair de dentro dele. <\/p>\n\n\n\n<p>H\u00e1 uma s\u00e9rie de procedimentos\ne cuidados necess\u00e1rios e obrigat\u00f3rios, tanto por parte do empregador quanto dos\ntrabalhadores.<\/p>\n\n\n\n<p>Em um espa\u00e7o confinado pode\nser encontrado perigos que podem ceifar a vida se n\u00e3o identificado antes da\nentrada no espa\u00e7o. <\/p>\n\n\n\n<p>Esses perigos pode ser:<\/p>\n\n\n\n<p>Concentra\u00e7\u00e3o de gases t\u00f3xicos;<\/p>\n\n\n\n<p>Risco de inunda\u00e7\u00f5es;<\/p>\n\n\n\n<p>Estresse t\u00e9rmico;<\/p>\n\n\n\n<p>Excesso ou falta de oxig\u00eanio;<\/p>\n\n\n\n<p>Risco de explos\u00e3o;<\/p>\n\n\n\n<p>Desabamento;<\/p>\n\n\n\n<h3 class=\"wp-block-heading\"><strong>Medidas de preven\u00e7\u00e3o nos espa\u00e7os confinados<\/strong><\/h3>\n\n\n\n<div class=\"wp-block-image\"><figure class=\"aligncenter size-large is-resized\"><img decoding=\"async\" data-src=\"https:\/\/prevenseg-treinamentos.com.br\/portaldaprevencao\/wp-content\/uploads\/2019\/11\/MEDIDAS-T\u00c9CNICAS-ESPA\u00c7O-CONFINADO.png\" alt=\"\" class=\"wp-image-1005 lazyload\" width=\"584\" height=\"405\" data-srcset=\"https:\/\/prevenseg-treinamentos.com.br\/portaldaprevencao\/wp-content\/uploads\/2019\/11\/MEDIDAS-T\u00c9CNICAS-ESPA\u00c7O-CONFINADO.png 350w, https:\/\/prevenseg-treinamentos.com.br\/portaldaprevencao\/wp-content\/uploads\/2019\/11\/MEDIDAS-T\u00c9CNICAS-ESPA\u00c7O-CONFINADO-300x208.png 300w\" data-sizes=\"(max-width: 584px) 100vw, 584px\" src=\"data:image\/svg+xml;base64,PHN2ZyB3aWR0aD0iMSIgaGVpZ2h0PSIxIiB4bWxucz0iaHR0cDovL3d3dy53My5vcmcvMjAwMC9zdmciPjwvc3ZnPg==\" style=\"--smush-placeholder-width: 584px; --smush-placeholder-aspect-ratio: 584\/405;\" \/><\/figure><\/div>\n\n\n\n<h4 class=\"wp-block-heading\"><strong>Medidas t\u00e9cnicas<\/strong><\/h4>\n\n\n\n<p>As medidas t\u00e9cnicas s\u00e3o aquelas\nque dependem da experi\u00eancia do profissional para serem executadas. <\/p>\n\n\n\n<p>Tem como objetivo garantir\ntotal controle sobre os ambientes nos quais os trabalhos ser\u00e3o executados. <\/p>\n\n\n\n<p>Devem identificar, isolar e\nsinalizar todos os espa\u00e7os confinados para garantir que apenas as pessoas\nautorizadas possam acess\u00e1-los. <\/p>\n\n\n\n<p>Como medida t\u00e9cnica tamb\u00e9m \u00e9\npreciso identificar e antecipar todos os riscos desses locais. <\/p>\n\n\n\n<p>Os riscos precisam ser\navaliados em todos os n\u00edveis, garantindo total controle dos existentes, sejam\neles f\u00edsicos, qu\u00edmicos, ergon\u00f4micos, biol\u00f3gicos e mec\u00e2nicos. <\/p>\n\n\n\n<p>A implementa\u00e7\u00e3o de travas,\nal\u00edvios, bloqueios, lacres e etiquetas tamb\u00e9m fazem parte das medidas t\u00e9cnicas.\n<\/p>\n\n\n\n<p>Um dos maiores problemas encontrados\nem espa\u00e7os confinados \u00e9 a atmosfera. <\/p>\n\n\n\n<p>Esta atmosfera deve ser\navaliada e se poss\u00edvel eliminado os riscos relacionados, e na impossibilidade\nde elimin\u00e1-los, devem ser definidas medidas para preservar a sa\u00fade e\nintegridade f\u00edsica dos trabalhadores.<\/p>\n\n\n\n<p>As avalia\u00e7\u00f5es atmosf\u00e9ricas\ndevem ser feitas frequentemente, sempre antes da entrada de pessoas bem como\ndurante o trabalho nos espa\u00e7os confinados. <\/p>\n\n\n\n<p>O objetivo \u00e9 identificar\nriscos atmosf\u00e9ricos antes da entrada ou o aparecimento destes durante a\nexecu\u00e7\u00e3o das atividades.<\/p>\n\n\n\n<p>Vale ressaltar que o uso de\nalgum equipamento a combust\u00e3o por exemplo, ou algum produto qu\u00edmico dentro do\nespa\u00e7o confinado, pode gerar risco inexistente no in\u00edcio do trabalho.<\/p>\n\n\n\n<h4 class=\"wp-block-heading\"><strong>Medidas administrativas<\/strong><\/h4>\n\n\n\n<div class=\"wp-block-image\"><figure class=\"aligncenter size-large is-resized\"><img decoding=\"async\" data-src=\"https:\/\/prevenseg-treinamentos.com.br\/portaldaprevencao\/wp-content\/uploads\/2019\/11\/MEDIDAS-ADM.png\" alt=\"\" class=\"wp-image-1006 lazyload\" width=\"463\" height=\"600\" data-srcset=\"https:\/\/prevenseg-treinamentos.com.br\/portaldaprevencao\/wp-content\/uploads\/2019\/11\/MEDIDAS-ADM.png 400w, https:\/\/prevenseg-treinamentos.com.br\/portaldaprevencao\/wp-content\/uploads\/2019\/11\/MEDIDAS-ADM-232x300.png 232w\" data-sizes=\"(max-width: 463px) 100vw, 463px\" src=\"data:image\/svg+xml;base64,PHN2ZyB3aWR0aD0iMSIgaGVpZ2h0PSIxIiB4bWxucz0iaHR0cDovL3d3dy53My5vcmcvMjAwMC9zdmciPjwvc3ZnPg==\" style=\"--smush-placeholder-width: 463px; --smush-placeholder-aspect-ratio: 463\/600;\" \/><\/figure><\/div>\n\n\n\n<p>As medidas administrativas de\npreven\u00e7\u00e3o est\u00e3o relacionadas com as quest\u00f5es burocr\u00e1ticas. <\/p>\n\n\n\n<p>Visam criar e documentar estrat\u00e9gias\ne procedimentos que devem ser seguidos para manter a seguran\u00e7a e para agir no\ncaso de algum acidente. <\/p>\n\n\n\n<p>Dessa forma, todas as a\u00e7\u00f5es\nbuscam controlar o que acontece, limitar o campo de atua\u00e7\u00e3o e definir, com\nprecis\u00e3o, cada coisa a ser feita. <\/p>\n\n\n\n<p>A primeira medida\nadministrativa \u00e9 o cadastro de todos os espa\u00e7os confinados, sempre com\ninforma\u00e7\u00f5es atualizadas, conforme determina a al\u00ednea \u201ca\u201d do item 33.3.3 da NR\n33, at\u00e9 mesmo os espa\u00e7os que estejam desativados. <\/p>\n\n\n\n<p>Ao contr\u00e1rio das medidas\nt\u00e9cnicas que tem por objetivo eliminar ou contornar os riscos, as a\u00e7\u00f5es\nadministrativas visam sinaliz\u00e1-los e control\u00e1-los. <\/p>\n\n\n\n<p>Todos os perigos devem ser\npreviamente identificados e devidamente indicados no campo de trabalho e na\norienta\u00e7\u00e3o para os colaboradores. <\/p>\n\n\n\n<p>Permiss\u00e3o de Trabalho \u2013 PT<\/p>\n\n\n\n<p>A PT tamb\u00e9m faz parte das\nmedidas administrativas e \u00e9 um documento que deve ser preenchida\nobrigatoriamente antes do in\u00edcio dos trabalhos. <\/p>\n\n\n\n<p>Deve ser preenchida, assinada,\ne datada em tr\u00eas vias antes que os trabalhadores entrem nos ambientes de risco.\n<\/p>\n\n\n\n<p>\u00c9 obrigat\u00f3rio que a PT fique\ndispon\u00edvel no local de trabalho, de forma que possa ser consultada pelos\ntrabalhadores durante per\u00edodo de execu\u00e7\u00e3o das atividades.<\/p>\n\n\n\n<p>Ap\u00f3s conclus\u00e3o dos trabalhos\nou eventual interrup\u00e7\u00e3o das atividades, a PT deve ser encerrada e arquivada,\npermitindo sua rastreabilidade.<\/p>\n\n\n\n<p>Ao reiniciar as atividades\nap\u00f3s eventual interrup\u00e7\u00e3o, deve ser aberta outra PT, a qual precisa da\nassinatura de todos os envolvidos, principalmente dos respons\u00e1veis pela\nexecu\u00e7\u00e3o e do respons\u00e1vel pela autoriza\u00e7\u00e3o.<\/p>\n\n\n\n<p>Os trabalhos em espa\u00e7o\nconfinado precisam ser supervisionados e acompanhados por vigia, o qual ficar\u00e1\nna entrada da \u00e1rea externa ao espa\u00e7o e ser\u00e1 o respons\u00e1vel por acionar equipes\nde resgate em caso de emerg\u00eancias.<\/p>\n\n\n\n<p>Tanto o vigia dos trabalhos em\nespa\u00e7os confinados quanto o supervisor, dever\u00e3o ter capacita\u00e7\u00e3o espec\u00edfica para\nexercer as fun\u00e7\u00f5es.<\/p>\n\n\n\n<h4 class=\"wp-block-heading\"><strong>Medidas pessoais<\/strong><\/h4>\n\n\n\n<div class=\"wp-block-image\"><figure class=\"aligncenter size-large\"><img decoding=\"async\" width=\"778\" height=\"341\" data-src=\"https:\/\/prevenseg-treinamentos.com.br\/portaldaprevencao\/wp-content\/uploads\/2019\/11\/TREINAMENTOS.jpg\" alt=\"\" class=\"wp-image-1007 lazyload\" data-srcset=\"https:\/\/prevenseg-treinamentos.com.br\/portaldaprevencao\/wp-content\/uploads\/2019\/11\/TREINAMENTOS.jpg 778w, https:\/\/prevenseg-treinamentos.com.br\/portaldaprevencao\/wp-content\/uploads\/2019\/11\/TREINAMENTOS-300x131.jpg 300w, https:\/\/prevenseg-treinamentos.com.br\/portaldaprevencao\/wp-content\/uploads\/2019\/11\/TREINAMENTOS-768x337.jpg 768w\" data-sizes=\"(max-width: 778px) 100vw, 778px\" src=\"data:image\/svg+xml;base64,PHN2ZyB3aWR0aD0iMSIgaGVpZ2h0PSIxIiB4bWxucz0iaHR0cDovL3d3dy53My5vcmcvMjAwMC9zdmciPjwvc3ZnPg==\" style=\"--smush-placeholder-width: 778px; --smush-placeholder-aspect-ratio: 778\/341;\" \/><\/figure><\/div>\n\n\n\n<p>As medidas pessoais est\u00e3o\nrelacionadas ao comportamento individual de cada trabalhador e da equipe como\num todo.<\/p>\n\n\n\n<p>\u00c9 nessa medida preventiva que tratamos dos <strong><a href=\"https:\/\/prevenseg-treinamentos.com.br\/portaldaprevencao\/exame-admissional-conheca-os-5-exames-obrigatorios\/\" target=\"_blank\" rel=\"noreferrer noopener\" aria-label=\" (abre num novo separador)\">exames admissionais, peri\u00f3dicos, mudan\u00e7a de fun\u00e7\u00e3o, etc&#8230;<\/a> <\/strong>que visam identificar uma condi\u00e7\u00e3o pessoal do trabalhador.<\/p>\n\n\n\n<p>Nessa fase o trabalhador \u00e9\ninformado no formato de capacita\u00e7\u00e3o, sobre seus direitos, deveres, os riscos do\ntrabalho e as medidas de controle. <\/p>\n\n\n\n<p>\u00c9 preciso garantir que eles\ntenham as informa\u00e7\u00f5es necess\u00e1rias para uma tomada de decis\u00e3o r\u00e1pida e decisiva\nem situa\u00e7\u00e3o de risco. <\/p>\n\n\n\n<p>Com rela\u00e7\u00e3o \u00e0s equipes, os\ncolaboradores n\u00e3o podem atuar sozinhos. Apesar de o n\u00famero de pessoas ser\nlimitado pela an\u00e1lise de risco, o trabalho individual \u00e9 demasiadamente perigoso\ne, portanto, proibido. <\/p>\n\n\n\n<p>Existem dois agentes\nfundamentais na gest\u00e3o do que acontece em espa\u00e7os confinados. <\/p>\n\n\n\n<p>S\u00e3o eles o Vigia e o\nSupervisor de Entrada, como citado anteriormente. Cada um desempenha um papel\nespec\u00edfico, mas o Supervisor de entrada pode desempenhar o papel de Vigia\ntamb\u00e9m. Ele \u00e9 respons\u00e1vel por:<\/p>\n\n\n\n<p>Emitir a PT antes que os trabalhos\ncomecem;<\/p>\n\n\n\n<p>Garantir o bom funcionamento\ndos equipamentos, fazer os testes necess\u00e1rios e assegurar que os procedimentos\nda PT est\u00e3o sendo seguidos;<\/p>\n\n\n\n<p>Cuidar dos servi\u00e7os de\nemerg\u00eancia e confirmar que eles estejam dispon\u00edveis, bem como os meios para\noper\u00e1-los, como no caso de maquin\u00e1rios, em completo funcionamento;<\/p>\n\n\n\n<p>Impedir, quando necess\u00e1rio, a\nentrada de trabalhadores;<\/p>\n\n\n\n<p>Encerrar a PT assim que os\nservi\u00e7os s\u00e3o finalizados.<\/p>\n\n\n\n<p>J\u00e1 o Vigia, por sua vez,\ntrabalha de uma forma diferente. Ele pode desempenhar as seguintes fun\u00e7\u00f5es:<\/p>\n\n\n\n<p>Contar o n\u00famero de\ntrabalhadores autorizados e garantir que todos saiam ao final do per\u00edodo de\natividades;<\/p>\n\n\n\n<p>Ficar sempre do lado de fora\ndo espa\u00e7o confinado, mas pr\u00f3ximo da entrada para que possa estar em contato\nconstante com os trabalhadores autorizados;<\/p>\n\n\n\n<p>Adotar as a\u00e7\u00f5es necess\u00e1rias em\num caso de emerg\u00eancia, sempre acionando a equipe de salvamento (ela pode ser\np\u00fablica ou privada) quando necess\u00e1rio;<\/p>\n\n\n\n<p>Operar os movimentadores de\npessoas quando for poss\u00edvel fazer o resgate sem aux\u00edlio de equipe externa;<\/p>\n\n\n\n<p>Iniciar a evacua\u00e7\u00e3o do espa\u00e7o\nconfinado quando perceber qualquer sinal de perigo, sintoma, condi\u00e7\u00e3o proibida,\nacidente ou qualquer outro tipo de situa\u00e7\u00e3o que atrapalhe o andamento dos\ntrabalhos e coloque a vida das pessoas em risco.<\/p>\n\n\n\n<p>Al\u00e9m disso, tamb\u00e9m \u00e9\nimportante que o Vigia pe\u00e7a a evacua\u00e7\u00e3o do espa\u00e7o confinado quando ele precisar\nsair de seu posto e n\u00e3o houver outra pessoa para substitu\u00ed-lo.<\/p>\n\n\n\n<p>A cada ano, trabalhadores s\u00e3o\nmortos ou gravemente feridos em espa\u00e7os confinados. <\/p>\n\n\n\n<p>As pessoas dentro de espa\u00e7os\nconfinados precisam entender os riscos de trabalhar em um ambiente em que seu\ntreinamento e entendimento da situa\u00e7\u00e3o geralmente s\u00e3o a melhor chance de sair\ndo caminho do mal. <\/p>\n\n\n\n<p>\u00c9 por isso que os trabalhos em\nespa\u00e7os confinados podem ser realizados apenas por trabalhadores devidamente\ntreinados antes adentrarem um espa\u00e7o confinado.<\/p>\n\n\n\n<p>Se voc\u00ea gostou do post de\nhoje, deixe a sua curtida abaixo e n\u00e3o deixe de compartilhar com outros\nleitores, amigos e familiares, para que mais pessoas tenham acesso \u00e0 esta\ninforma\u00e7\u00e3o.<\/p>\n\n\n\n<p>Para ficar por dentro de\noutros conte\u00fados sobre sa\u00fade e seguran\u00e7a no trabalho, assine a nossa newsletter\ne receba as atualiza\u00e7\u00f5es do blog no seu e-mail!<\/p>\n\n\n\n<p>At\u00e9 o pr\u00f3ximo artigo!<\/p>\n","protected":false},"excerpt":{"rendered":"<p>Os trabalhos em espa\u00e7o confinado s\u00e3o uma das modalidades mais perigosas de servi\u00e7o. Para p\u00f4r em pr\u00e1tica a execu\u00e7\u00e3o de qualquer atividade em espa\u00e7o confiando, deve-se previamente adotar uma s\u00e9rie de procedimentos para preservar a vida e a integridade f\u00edsica dos trabalhadores envolvidos. Trabalhos realizados em espa\u00e7o confinado exp\u00f5em os trabalhadores a diversos riscos e [&hellip;]<\/p>\n","protected":false},"author":1,"featured_media":1002,"comment_status":"open","ping_status":"open","sticky":false,"template":"","format":"standard","meta":{"_exactmetrics_skip_tracking":false,"_exactmetrics_sitenote_active":false,"_exactmetrics_sitenote_note":"","_exactmetrics_sitenote_category":0,"footnotes":""},"categories":[1],"tags":[],"class_list":["post-1001","post","type-post","status-publish","format-standard","has-post-thumbnail","hentry","category-seguranca-do-trabalho"],"yoast_head":"<!-- This site is optimized with the Yoast SEO plugin v27.2 - https:\/\/yoast.com\/product\/yoast-seo-wordpress\/ -->\n<title>3 Medidas de Preven\u00e7\u00e3o em Espa\u00e7o Confinado - Blog Portal da Preven\u00e7\u00e3o<\/title>\n<meta name=\"description\" content=\"Os trabalhos em espa\u00e7o confinado s\u00e3o uma das modalidades maPara p\u00f4r em pr\u00e1tica a execu\u00e7\u00e3o de qualquer atividade em espa\u00e7o confiando, deve-se previamente...\" \/>\n<meta name=\"robots\" content=\"index, follow, max-snippet:-1, max-image-preview:large, max-video-preview:-1\" \/>\n<link rel=\"canonical\" href=\"https:\/\/prevenseg-treinamentos.com.br\/portaldaprevencao\/3-medidas-de-prevencao-em-espaco-confinado\/\" \/>\n<meta property=\"og:locale\" content=\"pt_PT\" \/>\n<meta property=\"og:type\" content=\"article\" \/>\n<meta property=\"og:title\" content=\"3 Medidas de Preven\u00e7\u00e3o em Espa\u00e7o Confinado - Blog Portal da Preven\u00e7\u00e3o\" \/>\n<meta property=\"og:description\" content=\"Os trabalhos em espa\u00e7o confinado s\u00e3o uma das modalidades maPara p\u00f4r em pr\u00e1tica a execu\u00e7\u00e3o de qualquer atividade em espa\u00e7o confiando, deve-se previamente...\" \/>\n<meta property=\"og:url\" content=\"https:\/\/prevenseg-treinamentos.com.br\/portaldaprevencao\/3-medidas-de-prevencao-em-espaco-confinado\/\" \/>\n<meta property=\"og:site_name\" content=\"Blog Portal da Preven\u00e7\u00e3o\" \/>\n<meta property=\"article:publisher\" content=\"https:\/\/www.facebook.com\/prevensetreinamentos\/\" \/>\n<meta property=\"article:author\" content=\"https:\/\/www.facebook.com\/prevensetreinamentos\/\" \/>\n<meta property=\"article:published_time\" content=\"2019-11-28T20:45:59+00:00\" \/>\n<meta property=\"article:modified_time\" content=\"2019-11-28T20:46:05+00:00\" \/>\n<meta property=\"og:image\" content=\"https:\/\/prevenseg-treinamentos.com.br\/portaldaprevencao\/wp-content\/uploads\/2019\/11\/Espa\u00e7o-Confinado.png\" \/>\n\t<meta property=\"og:image:width\" content=\"350\" \/>\n\t<meta property=\"og:image:height\" content=\"210\" \/>\n\t<meta property=\"og:image:type\" content=\"image\/png\" \/>\n<meta name=\"author\" content=\"Diones Chelenper\" \/>\n<meta name=\"twitter:card\" content=\"summary_large_image\" \/>\n<meta name=\"twitter:label1\" content=\"Escrito por\" \/>\n\t<meta name=\"twitter:data1\" content=\"Diones Chelenper\" \/>\n\t<meta name=\"twitter:label2\" content=\"Tempo estimado de leitura\" \/>\n\t<meta name=\"twitter:data2\" content=\"8 minutos\" \/>\n<script type=\"application\/ld+json\" class=\"yoast-schema-graph\">{\"@context\":\"https:\/\/schema.org\",\"@graph\":[{\"@type\":\"Article\",\"@id\":\"https:\/\/prevenseg-treinamentos.com.br\/portaldaprevencao\/3-medidas-de-prevencao-em-espaco-confinado\/#article\",\"isPartOf\":{\"@id\":\"https:\/\/prevenseg-treinamentos.com.br\/portaldaprevencao\/3-medidas-de-prevencao-em-espaco-confinado\/\"},\"author\":{\"name\":\"Diones Chelenper\",\"@id\":\"https:\/\/prevenseg-treinamentos.com.br\/portaldaprevencao\/#\/schema\/person\/82746c4230fb6d2ee5c6dd79c0746488\"},\"headline\":\"3 Medidas de Preven\u00e7\u00e3o em Espa\u00e7o Confinado\",\"datePublished\":\"2019-11-28T20:45:59+00:00\",\"dateModified\":\"2019-11-28T20:46:05+00:00\",\"mainEntityOfPage\":{\"@id\":\"https:\/\/prevenseg-treinamentos.com.br\/portaldaprevencao\/3-medidas-de-prevencao-em-espaco-confinado\/\"},\"wordCount\":1549,\"commentCount\":0,\"publisher\":{\"@id\":\"https:\/\/prevenseg-treinamentos.com.br\/portaldaprevencao\/#organization\"},\"image\":{\"@id\":\"https:\/\/prevenseg-treinamentos.com.br\/portaldaprevencao\/3-medidas-de-prevencao-em-espaco-confinado\/#primaryimage\"},\"thumbnailUrl\":\"https:\/\/prevenseg-treinamentos.com.br\/portaldaprevencao\/wp-content\/uploads\/2019\/11\/Espa\u00e7o-Confinado.png\",\"articleSection\":[\"Seguran\u00e7a do Trabalho\"],\"inLanguage\":\"pt-PT\",\"potentialAction\":[{\"@type\":\"CommentAction\",\"name\":\"Comment\",\"target\":[\"https:\/\/prevenseg-treinamentos.com.br\/portaldaprevencao\/3-medidas-de-prevencao-em-espaco-confinado\/#respond\"]}]},{\"@type\":\"WebPage\",\"@id\":\"https:\/\/prevenseg-treinamentos.com.br\/portaldaprevencao\/3-medidas-de-prevencao-em-espaco-confinado\/\",\"url\":\"https:\/\/prevenseg-treinamentos.com.br\/portaldaprevencao\/3-medidas-de-prevencao-em-espaco-confinado\/\",\"name\":\"3 Medidas de Preven\u00e7\u00e3o em Espa\u00e7o Confinado - Blog Portal da Preven\u00e7\u00e3o\",\"isPartOf\":{\"@id\":\"https:\/\/prevenseg-treinamentos.com.br\/portaldaprevencao\/#website\"},\"primaryImageOfPage\":{\"@id\":\"https:\/\/prevenseg-treinamentos.com.br\/portaldaprevencao\/3-medidas-de-prevencao-em-espaco-confinado\/#primaryimage\"},\"image\":{\"@id\":\"https:\/\/prevenseg-treinamentos.com.br\/portaldaprevencao\/3-medidas-de-prevencao-em-espaco-confinado\/#primaryimage\"},\"thumbnailUrl\":\"https:\/\/prevenseg-treinamentos.com.br\/portaldaprevencao\/wp-content\/uploads\/2019\/11\/Espa\u00e7o-Confinado.png\",\"datePublished\":\"2019-11-28T20:45:59+00:00\",\"dateModified\":\"2019-11-28T20:46:05+00:00\",\"description\":\"Os trabalhos em espa\u00e7o confinado s\u00e3o uma das modalidades maPara p\u00f4r em pr\u00e1tica a execu\u00e7\u00e3o de qualquer atividade em espa\u00e7o confiando, deve-se previamente...\",\"breadcrumb\":{\"@id\":\"https:\/\/prevenseg-treinamentos.com.br\/portaldaprevencao\/3-medidas-de-prevencao-em-espaco-confinado\/#breadcrumb\"},\"inLanguage\":\"pt-PT\",\"potentialAction\":[{\"@type\":\"ReadAction\",\"target\":[\"https:\/\/prevenseg-treinamentos.com.br\/portaldaprevencao\/3-medidas-de-prevencao-em-espaco-confinado\/\"]}]},{\"@type\":\"ImageObject\",\"inLanguage\":\"pt-PT\",\"@id\":\"https:\/\/prevenseg-treinamentos.com.br\/portaldaprevencao\/3-medidas-de-prevencao-em-espaco-confinado\/#primaryimage\",\"url\":\"https:\/\/prevenseg-treinamentos.com.br\/portaldaprevencao\/wp-content\/uploads\/2019\/11\/Espa\u00e7o-Confinado.png\",\"contentUrl\":\"https:\/\/prevenseg-treinamentos.com.br\/portaldaprevencao\/wp-content\/uploads\/2019\/11\/Espa\u00e7o-Confinado.png\",\"width\":350,\"height\":210,\"caption\":\"ESPA\u00c7O CONFINADO\"},{\"@type\":\"BreadcrumbList\",\"@id\":\"https:\/\/prevenseg-treinamentos.com.br\/portaldaprevencao\/3-medidas-de-prevencao-em-espaco-confinado\/#breadcrumb\",\"itemListElement\":[{\"@type\":\"ListItem\",\"position\":1,\"name\":\"In\u00edcio\",\"item\":\"https:\/\/prevenseg-treinamentos.com.br\/portaldaprevencao\/\"},{\"@type\":\"ListItem\",\"position\":2,\"name\":\"3 Medidas de Preven\u00e7\u00e3o em Espa\u00e7o Confinado\"}]},{\"@type\":\"WebSite\",\"@id\":\"https:\/\/prevenseg-treinamentos.com.br\/portaldaprevencao\/#website\",\"url\":\"https:\/\/prevenseg-treinamentos.com.br\/portaldaprevencao\/\",\"name\":\"Portal da Preven\u00e7\u00e3o\",\"description\":\"Sa\u00fade e Seguran\u00e7a do Trabalho\",\"publisher\":{\"@id\":\"https:\/\/prevenseg-treinamentos.com.br\/portaldaprevencao\/#organization\"},\"potentialAction\":[{\"@type\":\"SearchAction\",\"target\":{\"@type\":\"EntryPoint\",\"urlTemplate\":\"https:\/\/prevenseg-treinamentos.com.br\/portaldaprevencao\/?s={search_term_string}\"},\"query-input\":{\"@type\":\"PropertyValueSpecification\",\"valueRequired\":true,\"valueName\":\"search_term_string\"}}],\"inLanguage\":\"pt-PT\"},{\"@type\":\"Organization\",\"@id\":\"https:\/\/prevenseg-treinamentos.com.br\/portaldaprevencao\/#organization\",\"name\":\"Prevenseg Treinamentos\",\"url\":\"https:\/\/prevenseg-treinamentos.com.br\/portaldaprevencao\/\",\"logo\":{\"@type\":\"ImageObject\",\"inLanguage\":\"pt-PT\",\"@id\":\"https:\/\/prevenseg-treinamentos.com.br\/portaldaprevencao\/#\/schema\/logo\/image\/\",\"url\":\"https:\/\/prevenseg-treinamentos.com.br\/portaldaprevencao\/wp-content\/uploads\/2018\/07\/LOGO-PHOTOSHOP.png\",\"contentUrl\":\"https:\/\/prevenseg-treinamentos.com.br\/portaldaprevencao\/wp-content\/uploads\/2018\/07\/LOGO-PHOTOSHOP.png\",\"width\":823,\"height\":448,\"caption\":\"Prevenseg Treinamentos\"},\"image\":{\"@id\":\"https:\/\/prevenseg-treinamentos.com.br\/portaldaprevencao\/#\/schema\/logo\/image\/\"},\"sameAs\":[\"https:\/\/www.facebook.com\/prevensetreinamentos\/\"]},{\"@type\":\"Person\",\"@id\":\"https:\/\/prevenseg-treinamentos.com.br\/portaldaprevencao\/#\/schema\/person\/82746c4230fb6d2ee5c6dd79c0746488\",\"name\":\"Diones Chelenper\",\"image\":{\"@type\":\"ImageObject\",\"inLanguage\":\"pt-PT\",\"@id\":\"https:\/\/secure.gravatar.com\/avatar\/ef4ffd41b20793ef13fd207b0fa9c50b201ef425c79c82cb66f41a0d59c0722c?s=96&d=mm&r=g\",\"url\":\"https:\/\/secure.gravatar.com\/avatar\/ef4ffd41b20793ef13fd207b0fa9c50b201ef425c79c82cb66f41a0d59c0722c?s=96&d=mm&r=g\",\"contentUrl\":\"https:\/\/secure.gravatar.com\/avatar\/ef4ffd41b20793ef13fd207b0fa9c50b201ef425c79c82cb66f41a0d59c0722c?s=96&d=mm&r=g\",\"caption\":\"Diones Chelenper\"},\"description\":\"Meu nome \u00e9 Diones Chelenper, sou profissional com forma\u00e7\u00e3o t\u00e9cnica na \u00e1rea de Seguran\u00e7a do Trabalho, Bombeiro Civil, Instrutor de Brigadas de Emerg\u00eancia e Supervisor de Trabalhos em Altura.\",\"sameAs\":[\"http:\/\/www.prevenseg-treinamentos.com.br\",\"https:\/\/www.facebook.com\/prevensetreinamentos\/\"],\"url\":\"https:\/\/prevenseg-treinamentos.com.br\/portaldaprevencao\/author\/administrador\/\"}]}<\/script>\n<!-- \/ Yoast SEO plugin. -->","yoast_head_json":{"title":"3 Medidas de Preven\u00e7\u00e3o em Espa\u00e7o Confinado - Blog Portal da Preven\u00e7\u00e3o","description":"Os trabalhos em espa\u00e7o confinado s\u00e3o uma das modalidades maPara p\u00f4r em pr\u00e1tica a execu\u00e7\u00e3o de qualquer atividade em espa\u00e7o confiando, deve-se previamente...","robots":{"index":"index","follow":"follow","max-snippet":"max-snippet:-1","max-image-preview":"max-image-preview:large","max-video-preview":"max-video-preview:-1"},"canonical":"https:\/\/prevenseg-treinamentos.com.br\/portaldaprevencao\/3-medidas-de-prevencao-em-espaco-confinado\/","og_locale":"pt_PT","og_type":"article","og_title":"3 Medidas de Preven\u00e7\u00e3o em Espa\u00e7o Confinado - Blog Portal da Preven\u00e7\u00e3o","og_description":"Os trabalhos em espa\u00e7o confinado s\u00e3o uma das modalidades maPara p\u00f4r em pr\u00e1tica a execu\u00e7\u00e3o de qualquer atividade em espa\u00e7o confiando, deve-se previamente...","og_url":"https:\/\/prevenseg-treinamentos.com.br\/portaldaprevencao\/3-medidas-de-prevencao-em-espaco-confinado\/","og_site_name":"Blog Portal da Preven\u00e7\u00e3o","article_publisher":"https:\/\/www.facebook.com\/prevensetreinamentos\/","article_author":"https:\/\/www.facebook.com\/prevensetreinamentos\/","article_published_time":"2019-11-28T20:45:59+00:00","article_modified_time":"2019-11-28T20:46:05+00:00","og_image":[{"width":350,"height":210,"url":"https:\/\/prevenseg-treinamentos.com.br\/portaldaprevencao\/wp-content\/uploads\/2019\/11\/Espa\u00e7o-Confinado.png","type":"image\/png"}],"author":"Diones Chelenper","twitter_card":"summary_large_image","twitter_misc":{"Escrito por":"Diones Chelenper","Tempo estimado de leitura":"8 minutos"},"schema":{"@context":"https:\/\/schema.org","@graph":[{"@type":"Article","@id":"https:\/\/prevenseg-treinamentos.com.br\/portaldaprevencao\/3-medidas-de-prevencao-em-espaco-confinado\/#article","isPartOf":{"@id":"https:\/\/prevenseg-treinamentos.com.br\/portaldaprevencao\/3-medidas-de-prevencao-em-espaco-confinado\/"},"author":{"name":"Diones Chelenper","@id":"https:\/\/prevenseg-treinamentos.com.br\/portaldaprevencao\/#\/schema\/person\/82746c4230fb6d2ee5c6dd79c0746488"},"headline":"3 Medidas de Preven\u00e7\u00e3o em Espa\u00e7o Confinado","datePublished":"2019-11-28T20:45:59+00:00","dateModified":"2019-11-28T20:46:05+00:00","mainEntityOfPage":{"@id":"https:\/\/prevenseg-treinamentos.com.br\/portaldaprevencao\/3-medidas-de-prevencao-em-espaco-confinado\/"},"wordCount":1549,"commentCount":0,"publisher":{"@id":"https:\/\/prevenseg-treinamentos.com.br\/portaldaprevencao\/#organization"},"image":{"@id":"https:\/\/prevenseg-treinamentos.com.br\/portaldaprevencao\/3-medidas-de-prevencao-em-espaco-confinado\/#primaryimage"},"thumbnailUrl":"https:\/\/prevenseg-treinamentos.com.br\/portaldaprevencao\/wp-content\/uploads\/2019\/11\/Espa\u00e7o-Confinado.png","articleSection":["Seguran\u00e7a do Trabalho"],"inLanguage":"pt-PT","potentialAction":[{"@type":"CommentAction","name":"Comment","target":["https:\/\/prevenseg-treinamentos.com.br\/portaldaprevencao\/3-medidas-de-prevencao-em-espaco-confinado\/#respond"]}]},{"@type":"WebPage","@id":"https:\/\/prevenseg-treinamentos.com.br\/portaldaprevencao\/3-medidas-de-prevencao-em-espaco-confinado\/","url":"https:\/\/prevenseg-treinamentos.com.br\/portaldaprevencao\/3-medidas-de-prevencao-em-espaco-confinado\/","name":"3 Medidas de Preven\u00e7\u00e3o em Espa\u00e7o Confinado - Blog Portal da Preven\u00e7\u00e3o","isPartOf":{"@id":"https:\/\/prevenseg-treinamentos.com.br\/portaldaprevencao\/#website"},"primaryImageOfPage":{"@id":"https:\/\/prevenseg-treinamentos.com.br\/portaldaprevencao\/3-medidas-de-prevencao-em-espaco-confinado\/#primaryimage"},"image":{"@id":"https:\/\/prevenseg-treinamentos.com.br\/portaldaprevencao\/3-medidas-de-prevencao-em-espaco-confinado\/#primaryimage"},"thumbnailUrl":"https:\/\/prevenseg-treinamentos.com.br\/portaldaprevencao\/wp-content\/uploads\/2019\/11\/Espa\u00e7o-Confinado.png","datePublished":"2019-11-28T20:45:59+00:00","dateModified":"2019-11-28T20:46:05+00:00","description":"Os trabalhos em espa\u00e7o confinado s\u00e3o uma das modalidades maPara p\u00f4r em pr\u00e1tica a execu\u00e7\u00e3o de qualquer atividade em espa\u00e7o confiando, deve-se previamente...","breadcrumb":{"@id":"https:\/\/prevenseg-treinamentos.com.br\/portaldaprevencao\/3-medidas-de-prevencao-em-espaco-confinado\/#breadcrumb"},"inLanguage":"pt-PT","potentialAction":[{"@type":"ReadAction","target":["https:\/\/prevenseg-treinamentos.com.br\/portaldaprevencao\/3-medidas-de-prevencao-em-espaco-confinado\/"]}]},{"@type":"ImageObject","inLanguage":"pt-PT","@id":"https:\/\/prevenseg-treinamentos.com.br\/portaldaprevencao\/3-medidas-de-prevencao-em-espaco-confinado\/#primaryimage","url":"https:\/\/prevenseg-treinamentos.com.br\/portaldaprevencao\/wp-content\/uploads\/2019\/11\/Espa\u00e7o-Confinado.png","contentUrl":"https:\/\/prevenseg-treinamentos.com.br\/portaldaprevencao\/wp-content\/uploads\/2019\/11\/Espa\u00e7o-Confinado.png","width":350,"height":210,"caption":"ESPA\u00c7O CONFINADO"},{"@type":"BreadcrumbList","@id":"https:\/\/prevenseg-treinamentos.com.br\/portaldaprevencao\/3-medidas-de-prevencao-em-espaco-confinado\/#breadcrumb","itemListElement":[{"@type":"ListItem","position":1,"name":"In\u00edcio","item":"https:\/\/prevenseg-treinamentos.com.br\/portaldaprevencao\/"},{"@type":"ListItem","position":2,"name":"3 Medidas de Preven\u00e7\u00e3o em Espa\u00e7o Confinado"}]},{"@type":"WebSite","@id":"https:\/\/prevenseg-treinamentos.com.br\/portaldaprevencao\/#website","url":"https:\/\/prevenseg-treinamentos.com.br\/portaldaprevencao\/","name":"Portal da Preven\u00e7\u00e3o","description":"Sa\u00fade e Seguran\u00e7a do Trabalho","publisher":{"@id":"https:\/\/prevenseg-treinamentos.com.br\/portaldaprevencao\/#organization"},"potentialAction":[{"@type":"SearchAction","target":{"@type":"EntryPoint","urlTemplate":"https:\/\/prevenseg-treinamentos.com.br\/portaldaprevencao\/?s={search_term_string}"},"query-input":{"@type":"PropertyValueSpecification","valueRequired":true,"valueName":"search_term_string"}}],"inLanguage":"pt-PT"},{"@type":"Organization","@id":"https:\/\/prevenseg-treinamentos.com.br\/portaldaprevencao\/#organization","name":"Prevenseg Treinamentos","url":"https:\/\/prevenseg-treinamentos.com.br\/portaldaprevencao\/","logo":{"@type":"ImageObject","inLanguage":"pt-PT","@id":"https:\/\/prevenseg-treinamentos.com.br\/portaldaprevencao\/#\/schema\/logo\/image\/","url":"https:\/\/prevenseg-treinamentos.com.br\/portaldaprevencao\/wp-content\/uploads\/2018\/07\/LOGO-PHOTOSHOP.png","contentUrl":"https:\/\/prevenseg-treinamentos.com.br\/portaldaprevencao\/wp-content\/uploads\/2018\/07\/LOGO-PHOTOSHOP.png","width":823,"height":448,"caption":"Prevenseg Treinamentos"},"image":{"@id":"https:\/\/prevenseg-treinamentos.com.br\/portaldaprevencao\/#\/schema\/logo\/image\/"},"sameAs":["https:\/\/www.facebook.com\/prevensetreinamentos\/"]},{"@type":"Person","@id":"https:\/\/prevenseg-treinamentos.com.br\/portaldaprevencao\/#\/schema\/person\/82746c4230fb6d2ee5c6dd79c0746488","name":"Diones Chelenper","image":{"@type":"ImageObject","inLanguage":"pt-PT","@id":"https:\/\/secure.gravatar.com\/avatar\/ef4ffd41b20793ef13fd207b0fa9c50b201ef425c79c82cb66f41a0d59c0722c?s=96&d=mm&r=g","url":"https:\/\/secure.gravatar.com\/avatar\/ef4ffd41b20793ef13fd207b0fa9c50b201ef425c79c82cb66f41a0d59c0722c?s=96&d=mm&r=g","contentUrl":"https:\/\/secure.gravatar.com\/avatar\/ef4ffd41b20793ef13fd207b0fa9c50b201ef425c79c82cb66f41a0d59c0722c?s=96&d=mm&r=g","caption":"Diones Chelenper"},"description":"Meu nome \u00e9 Diones Chelenper, sou profissional com forma\u00e7\u00e3o t\u00e9cnica na \u00e1rea de Seguran\u00e7a do Trabalho, Bombeiro Civil, Instrutor de Brigadas de Emerg\u00eancia e Supervisor de Trabalhos em Altura.","sameAs":["http:\/\/www.prevenseg-treinamentos.com.br","https:\/\/www.facebook.com\/prevensetreinamentos\/"],"url":"https:\/\/prevenseg-treinamentos.com.br\/portaldaprevencao\/author\/administrador\/"}]}},"post_mailing_queue_ids":[],"_links":{"self":[{"href":"https:\/\/prevenseg-treinamentos.com.br\/portaldaprevencao\/wp-json\/wp\/v2\/posts\/1001","targetHints":{"allow":["GET"]}}],"collection":[{"href":"https:\/\/prevenseg-treinamentos.com.br\/portaldaprevencao\/wp-json\/wp\/v2\/posts"}],"about":[{"href":"https:\/\/prevenseg-treinamentos.com.br\/portaldaprevencao\/wp-json\/wp\/v2\/types\/post"}],"author":[{"embeddable":true,"href":"https:\/\/prevenseg-treinamentos.com.br\/portaldaprevencao\/wp-json\/wp\/v2\/users\/1"}],"replies":[{"embeddable":true,"href":"https:\/\/prevenseg-treinamentos.com.br\/portaldaprevencao\/wp-json\/wp\/v2\/comments?post=1001"}],"version-history":[{"count":3,"href":"https:\/\/prevenseg-treinamentos.com.br\/portaldaprevencao\/wp-json\/wp\/v2\/posts\/1001\/revisions"}],"predecessor-version":[{"id":1009,"href":"https:\/\/prevenseg-treinamentos.com.br\/portaldaprevencao\/wp-json\/wp\/v2\/posts\/1001\/revisions\/1009"}],"wp:featuredmedia":[{"embeddable":true,"href":"https:\/\/prevenseg-treinamentos.com.br\/portaldaprevencao\/wp-json\/wp\/v2\/media\/1002"}],"wp:attachment":[{"href":"https:\/\/prevenseg-treinamentos.com.br\/portaldaprevencao\/wp-json\/wp\/v2\/media?parent=1001"}],"wp:term":[{"taxonomy":"category","embeddable":true,"href":"https:\/\/prevenseg-treinamentos.com.br\/portaldaprevencao\/wp-json\/wp\/v2\/categories?post=1001"},{"taxonomy":"post_tag","embeddable":true,"href":"https:\/\/prevenseg-treinamentos.com.br\/portaldaprevencao\/wp-json\/wp\/v2\/tags?post=1001"}],"curies":[{"name":"wp","href":"https:\/\/api.w.org\/{rel}","templated":true}]}}